{"id":187278,"date":"2019-07-28T10:46:23","date_gmt":"2019-07-28T07:46:23","guid":{"rendered":"http:\/\/www.tvturk.com\/index.php\/buyukcekmecede-71-ulkeden-gelen-katilimcilarla-renkli-kortej-yuruyusu\/"},"modified":"2019-07-28T10:46:23","modified_gmt":"2019-07-28T07:46:23","slug":"buyukcekmecede-71-ulkeden-gelen-katilimcilarla-renkli-kortej-yuruyusu","status":"publish","type":"post","link":"http:\/\/www.tvturk.com\/index.php\/buyukcekmecede-71-ulkeden-gelen-katilimcilarla-renkli-kortej-yuruyusu\/","title":{"rendered":"B\u00fcy\u00fck\u00e7ekmece\u2019de 71 \u00fclkeden gelen kat\u0131l\u0131mc\u0131larla renkli kortej y\u00fcr\u00fcy\u00fc\u015f\u00fc"},"content":{"rendered":"<p>20\u2019nci Uluslararas\u0131 B\u00fcy\u00fck\u00e7ekmece K\u00fclt\u00fcr ve Sanat Festivali kapsam\u0131nda d\u00fczenlenen kortej y\u00fcr\u00fcy\u00fc\u015f\u00fcnde renkli g\u00f6r\u00fcnt\u00fcler ya\u015fand\u0131. Y\u00fcr\u00fcy\u00fc\u015fe, 71 \u00fclkenin temsilcileri geleneksel folklor k\u0131yafetleriyle kat\u0131ld\u0131. Vatanda\u015flar, Fatih Erko\u00e7, \u015fark\u0131lar\u0131yla  kat\u0131l\u0131mc\u0131lara keyifli bir ak\u015fam ya\u015fad\u0131.<\/p>\n<p>B\u00fcy\u00fck\u00e7ekmece Belediyesince 20\u2019nci Uluslararas\u0131 B\u00fcy\u00fck\u00e7ekmece K\u00fclt\u00fcr ve Sanat Festivali kapsam\u0131nda kortej y\u00fcr\u00fcy\u00fc\u015f\u00fc d\u00fczenlendi. B\u00fcy\u00fck\u00e7ekmece Kordonboyu\u2019nda ger\u00e7ekle\u015ftirilen y\u00fcr\u00fcy\u00fc\u015fe, B\u00fcy\u00fck\u00e7ekmece Belediye Ba\u015fkan\u0131 Hasan Akg\u00fcn, 71 \u00fclkeden gelen sanat el\u00e7ileri ve binlerce vatanda\u015f kat\u0131ld\u0131. Kortej y\u00fcr\u00fcy\u00fc\u015f\u00fcnde renkli g\u00f6r\u00fcnt\u00fcler ortaya \u00e7\u0131kt\u0131. Korteje \u00fclkelerinin geleneksel folklor k\u0131yafetleriyle kat\u0131lan 71 \u00fclkenin temsilcileri ve g\u00f6n\u00fcll\u00fc sivil toplum kurulu\u015flar\u0131n\u0131n kendi tasarlad\u0131klar\u0131 \u201cHer \u015fey Do\u011fadan\u201d temal\u0131 kost\u00fcmleri b\u00fcy\u00fck ilgi toplad\u0131.<\/p>\n<p>Festivale 71 farkl\u0131 \u00fclkeden kat\u0131lan temsilciler, hem kendi k\u00fclt\u00fcrlerini tan\u0131tt\u0131 hem de hep birlikte  bar\u0131\u015f mesajlar\u0131 verdi. Kad\u0131nlar\u0131n bir k\u0131sm\u0131 T\u00fcrk Bayrakl\u0131 elbise giyinirken, platformun \u00fczerindeki gelinler ilgi oda\u011f\u0131 oldu. Kortej y\u00fcr\u00fcy\u00fc\u015f\u00fc sonunda sevilen sanat\u00e7\u0131 Fatih Erko\u00e7 \u015fark\u0131lar\u0131yla kat\u0131l\u0131mc\u0131lara unutulmaz bir gece ya\u015fatt\u0131. Festival kat\u0131l\u0131mc\u0131lar\u0131 Fatih Erko\u00e7\u2019un seslendirdi\u011fi \u015fark\u0131lara dans ederek e\u015flik etti. Festival, 71 \u00fclkeden gelen dans gruplar\u0131n\u0131n g\u00f6sterileri, konserler ve \u00e7e\u015fitli etkinliklerle 3 A\u011fustos\u2019a kadar devam edecek.<\/p>\n<p>\u201c7 kez d\u00fcnyan\u0131n en iyi k\u00fclt\u00fcr ve sanat festivali \u00f6d\u00fcl\u00fcn\u00fc ald\u0131\u201d<\/p>\n<p>D\u00fcnyan\u0131n en iyi k\u00fclt\u00fcr ve sanat festivali \u00f6d\u00fcl\u00fcn\u00fc 7 kez ald\u0131klar\u0131n\u0131 belirten B\u00fcy\u00fck\u00e7ekmece Belediye Ba\u015fkan\u0131 Hasan Akg\u00fcn, \u201cUluslararas\u0131 20\u2019nci B\u00fcy\u00fck\u00e7ekmece K\u00fclt\u00fcr ve Sanat Festivali, B\u00fcy\u00fck\u00e7ekmece Kordonboyu\u2019nda 100 bin ki\u015fiyi selamlayarak ba\u015fl\u0131yoruz. 71 \u00fclkeden 1600\u2019e yak\u0131n sanat el\u00e7isinin B\u00fcy\u00fck\u00e7ekmece Kordonu\u2019nda halk\u0131 selamlamas\u0131n\u0131n \u0130stanbul\u2019umuz ve \u00fclkemiz ad\u0131na ne demek oldu\u011funu herkes benden daha \u00e7ok iyi anl\u0131yor. 20 y\u0131ldan beri usanmadan, b\u0131kmadan ve her sene \u00e7\u0131tay\u0131 y\u00fckselterek bu k\u00fclt\u00fcr ve sanat festivalini D\u00fcnya Festivaller Birli\u011finin festivali yapt\u0131k. Hem CIOFF\u2019un, hem de FIDAF\u2019\u0131n d\u00fcnyadaki en \u00f6nemli festivalleri aras\u0131na girdi. Bu nedenle de 7 kez d\u00fcnyan\u0131n en iyi k\u00fclt\u00fcr ve sanat festivali \u00f6d\u00fcl\u00fcn\u00fc ald\u0131\u201d diye konu\u015ftu.<\/p>\n","protected":false},"excerpt":{"rendered":"<p>20\u2019NC\u0130 ULUSLARARASI B\u00dcY\u00dcK\u00c7EKMECE K\u00dcLT\u00dcR VE SANAT FEST\u0130VAL\u0130 KAPSAMINDA D\u00dcZENLENEN KORTEJ Y\u00dcR\u00dcY\u00dc\u015e\u00dcNDE RENKL\u0130 G\u00d6R\u00dcNT\u00dcLER YA\u015eANDI. Y\u00dcR\u00dcY\u00dc\u015eE, 71 \u00dcLKEN\u0130N TEMS\u0130LC\u0130LER\u0130 GELENEKSEL FOLKLOR KIYAFETLER\u0130YLE KATILDI. VATANDA\u015eLAR, FAT\u0130H ERKO\u00c7, \u015eARKILARIYLA  KATILIMCILARA KEY\u0130FL\u0130 B\u0130R AK\u015eAM YA\u015eADI.<\/p>\n","protected":false},"author":1,"featured_media":187279,"comment_status":"closed","ping_status":"open","sticky":false,"template":"","format":"standard","meta":{"jetpack_post_was_ever_published":false,"_jetpack_newsletter_access":"","_jetpack_dont_email_post_to_subs":false,"_jetpack_newsletter_tier_id":0,"_jetpack_memberships_contains_paywalled_content":false,"_jetpack_memberships_contains_paid_content":false,"footnotes":"","jetpack_publicize_message":"","jetpack_publicize_feature_enabled":true,"jetpack_social_post_already_shared":true,"jetpack_social_options":{"image_generator_settings":{"template":"highway","default_image_id":0,"font":"","enabled":false},"version":2}},"categories":[1],"tags":[5881,307,46590,33402,4128,5357,1983],"class_list":["post-187278","post","type-post","status-publish","format-standard","has-post-thumbnail","hentry","category-genel","tag-buyukcekmecede","tag-gelen","tag-katilimcilarla","tag-kortej","tag-renkli","tag-ulkeden","tag-yuruyusu"],"jetpack_publicize_connections":[],"jetpack_featured_media_url":"https:\/\/i0.wp.com\/www.tvturk.com\/wp-content\/uploads\/2019\/07\/buyukcekmecede-71-ulkeden-gelen-katilimcilarla-renkli-kortej-yuruyusu_b2a746e.jpg?fit=1000%2C750","jetpack_sharing_enabled":true,"jetpack_shortlink":"https:\/\/wp.me\/paKIfm-MIC","_links":{"self":[{"href":"http:\/\/www.tvturk.com\/index.php\/wp-json\/wp\/v2\/posts\/187278","targetHints":{"allow":["GET"]}}],"collection":[{"href":"http:\/\/www.tvturk.com\/index.php\/wp-json\/wp\/v2\/posts"}],"about":[{"href":"http:\/\/www.tvturk.com\/index.php\/wp-json\/wp\/v2\/types\/post"}],"author":[{"embeddable":true,"href":"http:\/\/www.tvturk.com\/index.php\/wp-json\/wp\/v2\/users\/1"}],"replies":[{"embeddable":true,"href":"http:\/\/www.tvturk.com\/index.php\/wp-json\/wp\/v2\/comments?post=187278"}],"version-history":[{"count":0,"href":"http:\/\/www.tvturk.com\/index.php\/wp-json\/wp\/v2\/posts\/187278\/revisions"}],"wp:featuredmedia":[{"embeddable":true,"href":"http:\/\/www.tvturk.com\/index.php\/wp-json\/wp\/v2\/media\/187279"}],"wp:attachment":[{"href":"http:\/\/www.tvturk.com\/index.php\/wp-json\/wp\/v2\/media?parent=187278"}],"wp:term":[{"taxonomy":"category","embeddable":true,"href":"http:\/\/www.tvturk.com\/index.php\/wp-json\/wp\/v2\/categories?post=187278"},{"taxonomy":"post_tag","embeddable":true,"href":"http:\/\/www.tvturk.com\/index.php\/wp-json\/wp\/v2\/tags?post=187278"}],"curies":[{"name":"wp","href":"https:\/\/api.w.org\/{rel}","templated":true}]}}