{"id":18729,"date":"2019-02-10T16:02:49","date_gmt":"2019-02-10T13:02:49","guid":{"rendered":"http:\/\/www.tvturk.com\/index.php\/kaza-kurbani-futbolcuyu-binler-ugurladi\/"},"modified":"2019-02-10T16:02:52","modified_gmt":"2019-02-10T13:02:52","slug":"kaza-kurbani-futbolcuyu-binler-ugurladi","status":"publish","type":"post","link":"http:\/\/www.tvturk.com\/index.php\/kaza-kurbani-futbolcuyu-binler-ugurladi\/","title":{"rendered":"Kaza kurban\u0131 futbolcuyu binler u\u011furlad\u0131"},"content":{"rendered":"<p>Kayseri S\u00fcper Amat\u00f6r Ligi tak\u0131mlar\u0131ndan Esen Makine Belsinspor\u2019da oynayan, \u00fclk\u00fcc\u00fc camian\u0131n da sevilen simalar\u0131ndan olan ve ge\u00e7irdi\u011fi trafik kazas\u0131 sonras\u0131 hayat\u0131n\u0131 kaybeden Cuma Ulu\u00e7ay\u2019\u0131, son yolculu\u011funa binlerce seveni u\u011furlad\u0131. Ulu\u00e7ay\u2019\u0131n tak\u0131m arkada\u015flar\u0131 g\u00f6zya\u015flar\u0131na bo\u011fuldu.<\/p>\n<p>1987 do\u011fumlu Kayseri amat\u00f6r futbol camias\u0131nda son derece sevilen bir isim olan Cuma Ulu\u00e7ay Nev\u015fehir-Kayseri karayolunda meydana gelen trafik kazas\u0131nda hayat\u0131n\u0131 kaybetti.<\/p>\n<p>Ulu\u00e7ay\u2019\u0131n Talas il\u00e7esi Kepez Mahallesi\u2019ndeki cenaze t\u00f6renine AK Parti milletvekili \u0130smail Emrah Karayel, MHP Kayseri milletvekili Baki Ersoy, \u0130Y\u0130 Parti milletvekili Dursun Ata\u015f, Talas Belediye Ba\u015fkan\u0131 Mustafa Palanc\u0131o\u011flu, Talas Belediye eski Ba\u015fkan\u0131 Rifat Y\u0131ld\u0131r\u0131m, MHP \u0130l Ba\u015fkan\u0131 Serkan Tok, Kayseri Ticaret Odas\u0131 Ba\u015fkan\u0131 \u00d6mer G\u00fclsoy, \u00dclk\u00fc Ocaklar\u0131 Kayseri \u0130l Ba\u015fkan\u0131 Volkan \u00c7olak, Cumhur ittifak\u0131 P\u0131narba\u015f\u0131 aday\u0131 Memduh Uzunluo\u011flu, Ulu\u00e7ay\u2019\u0131n ailesi, tak\u0131m arkada\u015flar\u0131 ve \u00e7ok say\u0131da vatanda\u015f kat\u0131ld\u0131.<\/p>\n<p>\u00d6\u011fle namaz\u0131na m\u00fcteakip k\u0131l\u0131nan cenaze namaz\u0131n\u0131n ard\u0131ndan Ulu\u00e7ay\u2019\u0131n naa\u015f\u0131 camiden mezarl\u0131\u011fa kadar omuzlarda ta\u015f\u0131nd\u0131. Binlerce vatanda\u015f\u0131n kat\u0131ld\u0131\u011f\u0131 cenaze t\u00f6reninde Ulu\u00e7ay, Kepez Mahalle Mezarl\u0131\u011f\u0131\u2019na defnedilirken, Ulu\u00e7ay\u2019\u0131n tak\u0131m arkada\u015flar\u0131 da g\u00f6zya\u015flar\u0131na bo\u011fuldu.<div class=\"tiled-gallery type-rectangular tiled-gallery-unresized\" data-original-width=\"500\" data-carousel-extra='null' itemscope itemtype=\"http:\/\/schema.org\/ImageGallery\" > <div class=\"gallery-row\" style=\"width: 500px; height: 353px;\" data-original-width=\"500\" data-original-height=\"353\" > <div class=\"gallery-group images-2\" style=\"width: 263px; height: 353px;\" data-original-width=\"263\" data-original-height=\"353\" > <div class=\"tiled-gallery-item tiled-gallery-item-large\" itemprop=\"associatedMedia\" itemscope itemtype=\"http:\/\/schema.org\/ImageObject\"> <a href=\"http:\/\/www.tvturk.com\/index.php\/kaza-kurbani-futbolcuyu-binler-ugurladi\/kaza-kurbani-futbolcuyu-binler-ugurladi-3\/\" border=\"0\" itemprop=\"url\"> <meta itemprop=\"width\" content=\"259\"> <meta itemprop=\"height\" content=\"173\"> <img decoding=\"async\" class=\"\" data-attachment-id=\"18731\" data-orig-file=\"http:\/\/www.tvturk.com\/wp-content\/uploads\/2019\/02\/kaza-kurbani-futbolcuyu-binler-ugurladi_916108f.jpg\" data-orig-size=\"1000,666\" data-comments-opened=\"\" data-image-meta=\"{&quot;aperture&quot;:&quot;0&quot;,&quot;credit&quot;:&quot;IHA&quot;,&quot;camera&quot;:&quot;&quot;,&quot;caption&quot;:&quot;KAYSER\\u0130 S\\u00dcPER AMAT\\u00d6R L\\u0130G\\u0130 TAKIMLARINDAN ESEN MAK\\u0130NE BELS\\u0130NSPOR\\u2019DA OYNAYAN, \\u00dcLK\\u00dcC\\u00dc CAM\\u0130ANIN DA SEV\\u0130LEN S\\u0130MALARINDAN OLAN VE GE\\u00c7\\u0130RD\\u0130\\u011e\\u0130 TRAF\\u0130K KAZASI SONRASI HAYATINI KAYBEDEN CUMA ULU\\u00c7AY\\u0027I, SON YOLCULU\\u011eUNA B\\u0130NLERCE SEVEN\\u0130 U\\u011eURLADI. ULU\\u00c7AY\\u2019IN TAKIM ARKADA\\u015eLARI G\\u00d6ZYA\\u015eLARINA BO\\u011eULDU. (\\u015eEREF KAHRAMAN\\\/KAYSER\\u0130-\\u0130HA)&quot;,&quot;created_timestamp&quot;:&quot;0&quot;,&quot;copyright&quot;:&quot;\\u0130HLAS HABER AJANSI, www.iha.com.tr&quot;,&quot;focal_length&quot;:&quot;0&quot;,&quot;iso&quot;:&quot;0&quot;,&quot;shutter_speed&quot;:&quot;0&quot;,&quot;title&quot;:&quot;KAZA KURBANI FUTBOLCUYU B\\u0130NLER U\\u011eURLADI HAYATINI KAYBEDEN AMAT\\u00d6R FUTBOLCUNUN TAKIM ARKADA\\u015eLARINA G\\u00d6ZYA\\u015eLARINA BO\\u011eULDU&quot;,&quot;orientation&quot;:&quot;0&quot;}\" data-image-title=\"Kaza kurban\u0131 futbolcuyu binler u\u011furlad\u0131\" data-image-description=\"&lt;p&gt;Kaza kurban\u0131 futbolcuyu binler u\u011furlad\u0131&lt;\/p&gt; \" data-medium-file=\"https:\/\/i0.wp.com\/www.tvturk.com\/wp-content\/uploads\/2019\/02\/kaza-kurbani-futbolcuyu-binler-ugurladi_916108f.jpg?fit=300%2C200\" data-large-file=\"https:\/\/i0.wp.com\/www.tvturk.com\/wp-content\/uploads\/2019\/02\/kaza-kurbani-futbolcuyu-binler-ugurladi_916108f.jpg?fit=1000%2C666\" src=\"https:\/\/i0.wp.com\/www.tvturk.com\/wp-content\/uploads\/2019\/02\/kaza-kurbani-futbolcuyu-binler-ugurladi_916108f.jpg?w=259&#038;h=173\" srcset=\"https:\/\/i0.wp.com\/www.tvturk.com\/wp-content\/uploads\/2019\/02\/kaza-kurbani-futbolcuyu-binler-ugurladi_916108f.jpg?w=1000 1000w, https:\/\/i0.wp.com\/www.tvturk.com\/wp-content\/uploads\/2019\/02\/kaza-kurbani-futbolcuyu-binler-ugurladi_916108f.jpg?resize=150%2C100 150w, https:\/\/i0.wp.com\/www.tvturk.com\/wp-content\/uploads\/2019\/02\/kaza-kurbani-futbolcuyu-binler-ugurladi_916108f.jpg?resize=300%2C200 300w, https:\/\/i0.wp.com\/www.tvturk.com\/wp-content\/uploads\/2019\/02\/kaza-kurbani-futbolcuyu-binler-ugurladi_916108f.jpg?resize=768%2C511 768w, https:\/\/i0.wp.com\/www.tvturk.com\/wp-content\/uploads\/2019\/02\/kaza-kurbani-futbolcuyu-binler-ugurladi_916108f.jpg?resize=170%2C113 170w, https:\/\/i0.wp.com\/www.tvturk.com\/wp-content\/uploads\/2019\/02\/kaza-kurbani-futbolcuyu-binler-ugurladi_916108f.jpg?resize=120%2C80 120w\" width=\"259\" height=\"173\" loading=\"lazy\" data-original-width=\"259\" data-original-height=\"173\" itemprop=\"http:\/\/schema.org\/image\" title=\"Kaza kurban\u0131 futbolcuyu binler u\u011furlad\u0131\" alt=\"Kaza kurban\u0131 futbolcuyu binler u\u011furlad\u0131\" style=\"width: 259px; height: 173px;\" \/> <\/a> <\/div> <div class=\"tiled-gallery-item tiled-gallery-item-large\" itemprop=\"associatedMedia\" itemscope itemtype=\"http:\/\/schema.org\/ImageObject\"> <a href=\"http:\/\/www.tvturk.com\/index.php\/kaza-kurbani-futbolcuyu-binler-ugurladi\/kaza-kurbani-futbolcuyu-binler-ugurladi-4\/\" border=\"0\" itemprop=\"url\"> <meta itemprop=\"width\" content=\"259\"> <meta itemprop=\"height\" content=\"172\"> <img decoding=\"async\" class=\"\" data-attachment-id=\"18732\" data-orig-file=\"http:\/\/www.tvturk.com\/wp-content\/uploads\/2019\/02\/kaza-kurbani-futbolcuyu-binler-ugurladi_3e1d6a7.jpg\" data-orig-size=\"1000,666\" data-comments-opened=\"\" data-image-meta=\"{&quot;aperture&quot;:&quot;0&quot;,&quot;credit&quot;:&quot;IHA&quot;,&quot;camera&quot;:&quot;&quot;,&quot;caption&quot;:&quot;KAYSER\\u0130 S\\u00dcPER AMAT\\u00d6R L\\u0130G\\u0130 TAKIMLARINDAN ESEN MAK\\u0130NE BELS\\u0130NSPOR\\u2019DA OYNAYAN, \\u00dcLK\\u00dcC\\u00dc CAM\\u0130ANIN DA SEV\\u0130LEN S\\u0130MALARINDAN OLAN VE GE\\u00c7\\u0130RD\\u0130\\u011e\\u0130 TRAF\\u0130K KAZASI SONRASI HAYATINI KAYBEDEN CUMA ULU\\u00c7AY\\u0027I, SON YOLCULU\\u011eUNA B\\u0130NLERCE SEVEN\\u0130 U\\u011eURLADI. ULU\\u00c7AY\\u2019IN TAKIM ARKADA\\u015eLARI G\\u00d6ZYA\\u015eLARINA BO\\u011eULDU. (\\u015eEREF KAHRAMAN\\\/KAYSER\\u0130-\\u0130HA)&quot;,&quot;created_timestamp&quot;:&quot;0&quot;,&quot;copyright&quot;:&quot;\\u0130HLAS HABER AJANSI, www.iha.com.tr&quot;,&quot;focal_length&quot;:&quot;0&quot;,&quot;iso&quot;:&quot;0&quot;,&quot;shutter_speed&quot;:&quot;0&quot;,&quot;title&quot;:&quot;KAZA KURBANI FUTBOLCUYU B\\u0130NLER U\\u011eURLADI HAYATINI KAYBEDEN AMAT\\u00d6R FUTBOLCUNUN TAKIM ARKADA\\u015eLARINA G\\u00d6ZYA\\u015eLARINA BO\\u011eULDU&quot;,&quot;orientation&quot;:&quot;0&quot;}\" data-image-title=\"Kaza kurban\u0131 futbolcuyu binler u\u011furlad\u0131\" data-image-description=\"&lt;p&gt;Kaza kurban\u0131 futbolcuyu binler u\u011furlad\u0131&lt;\/p&gt; \" data-medium-file=\"https:\/\/i0.wp.com\/www.tvturk.com\/wp-content\/uploads\/2019\/02\/kaza-kurbani-futbolcuyu-binler-ugurladi_3e1d6a7.jpg?fit=300%2C200\" data-large-file=\"https:\/\/i0.wp.com\/www.tvturk.com\/wp-content\/uploads\/2019\/02\/kaza-kurbani-futbolcuyu-binler-ugurladi_3e1d6a7.jpg?fit=1000%2C666\" src=\"https:\/\/i0.wp.com\/www.tvturk.com\/wp-content\/uploads\/2019\/02\/kaza-kurbani-futbolcuyu-binler-ugurladi_3e1d6a7.jpg?w=259&#038;h=172\" srcset=\"https:\/\/i0.wp.com\/www.tvturk.com\/wp-content\/uploads\/2019\/02\/kaza-kurbani-futbolcuyu-binler-ugurladi_3e1d6a7.jpg?w=1000 1000w, https:\/\/i0.wp.com\/www.tvturk.com\/wp-content\/uploads\/2019\/02\/kaza-kurbani-futbolcuyu-binler-ugurladi_3e1d6a7.jpg?resize=150%2C100 150w, https:\/\/i0.wp.com\/www.tvturk.com\/wp-content\/uploads\/2019\/02\/kaza-kurbani-futbolcuyu-binler-ugurladi_3e1d6a7.jpg?resize=300%2C200 300w, https:\/\/i0.wp.com\/www.tvturk.com\/wp-content\/uploads\/2019\/02\/kaza-kurbani-futbolcuyu-binler-ugurladi_3e1d6a7.jpg?resize=768%2C511 768w, https:\/\/i0.wp.com\/www.tvturk.com\/wp-content\/uploads\/2019\/02\/kaza-kurbani-futbolcuyu-binler-ugurladi_3e1d6a7.jpg?resize=170%2C113 170w, https:\/\/i0.wp.com\/www.tvturk.com\/wp-content\/uploads\/2019\/02\/kaza-kurbani-futbolcuyu-binler-ugurladi_3e1d6a7.jpg?resize=120%2C80 120w\" width=\"259\" height=\"172\" loading=\"lazy\" data-original-width=\"259\" data-original-height=\"172\" itemprop=\"http:\/\/schema.org\/image\" title=\"Kaza kurban\u0131 futbolcuyu binler u\u011furlad\u0131\" alt=\"Kaza kurban\u0131 futbolcuyu binler u\u011furlad\u0131\" style=\"width: 259px; height: 172px;\" \/> <\/a> <\/div> <\/div> <!-- close group --> <div class=\"gallery-group images-1\" style=\"width: 237px; height: 353px;\" data-original-width=\"237\" data-original-height=\"353\" > <div class=\"tiled-gallery-item tiled-gallery-item-small\" itemprop=\"associatedMedia\" itemscope itemtype=\"http:\/\/schema.org\/ImageObject\"> <a href=\"http:\/\/www.tvturk.com\/index.php\/kaza-kurbani-futbolcuyu-binler-ugurladi\/kaza-kurbani-futbolcuyu-binler-ugurladi-5\/\" border=\"0\" itemprop=\"url\"> <meta itemprop=\"width\" content=\"233\"> <meta itemprop=\"height\" content=\"349\"> <img decoding=\"async\" class=\"\" data-attachment-id=\"18733\" data-orig-file=\"http:\/\/www.tvturk.com\/wp-content\/uploads\/2019\/02\/kaza-kurbani-futbolcuyu-binler-ugurladi_f38ef75.jpg\" data-orig-size=\"666,1000\" data-comments-opened=\"\" data-image-meta=\"{&quot;aperture&quot;:&quot;0&quot;,&quot;credit&quot;:&quot;IHA&quot;,&quot;camera&quot;:&quot;&quot;,&quot;caption&quot;:&quot;KAYSER\\u0130 S\\u00dcPER AMAT\\u00d6R L\\u0130G\\u0130 TAKIMLARINDAN ESEN MAK\\u0130NE BELS\\u0130NSPOR\\u2019DA OYNAYAN, \\u00dcLK\\u00dcC\\u00dc CAM\\u0130ANIN DA SEV\\u0130LEN S\\u0130MALARINDAN OLAN VE GE\\u00c7\\u0130RD\\u0130\\u011e\\u0130 TRAF\\u0130K KAZASI SONRASI HAYATINI KAYBEDEN CUMA ULU\\u00c7AY\\u0027I, SON YOLCULU\\u011eUNA B\\u0130NLERCE SEVEN\\u0130 U\\u011eURLADI. ULU\\u00c7AY\\u2019IN TAKIM ARKADA\\u015eLARI G\\u00d6ZYA\\u015eLARINA BO\\u011eULDU. (\\u015eEREF KAHRAMAN\\\/KAYSER\\u0130-\\u0130HA)&quot;,&quot;created_timestamp&quot;:&quot;0&quot;,&quot;copyright&quot;:&quot;\\u0130HLAS HABER AJANSI, www.iha.com.tr&quot;,&quot;focal_length&quot;:&quot;0&quot;,&quot;iso&quot;:&quot;0&quot;,&quot;shutter_speed&quot;:&quot;0&quot;,&quot;title&quot;:&quot;KAZA KURBANI FUTBOLCUYU B\\u0130NLER U\\u011eURLADI HAYATINI KAYBEDEN AMAT\\u00d6R FUTBOLCUNUN TAKIM ARKADA\\u015eLARINA G\\u00d6ZYA\\u015eLARINA BO\\u011eULDU&quot;,&quot;orientation&quot;:&quot;0&quot;}\" data-image-title=\"Kaza kurban\u0131 futbolcuyu binler u\u011furlad\u0131\" data-image-description=\"&lt;p&gt;Kaza kurban\u0131 futbolcuyu binler u\u011furlad\u0131&lt;\/p&gt; \" data-medium-file=\"https:\/\/i0.wp.com\/www.tvturk.com\/wp-content\/uploads\/2019\/02\/kaza-kurbani-futbolcuyu-binler-ugurladi_f38ef75.jpg?fit=200%2C300\" data-large-file=\"https:\/\/i0.wp.com\/www.tvturk.com\/wp-content\/uploads\/2019\/02\/kaza-kurbani-futbolcuyu-binler-ugurladi_f38ef75.jpg?fit=666%2C1000\" src=\"https:\/\/i0.wp.com\/www.tvturk.com\/wp-content\/uploads\/2019\/02\/kaza-kurbani-futbolcuyu-binler-ugurladi_f38ef75.jpg?w=233&#038;h=349\" srcset=\"https:\/\/i0.wp.com\/www.tvturk.com\/wp-content\/uploads\/2019\/02\/kaza-kurbani-futbolcuyu-binler-ugurladi_f38ef75.jpg?w=666 666w, https:\/\/i0.wp.com\/www.tvturk.com\/wp-content\/uploads\/2019\/02\/kaza-kurbani-futbolcuyu-binler-ugurladi_f38ef75.jpg?resize=100%2C150 100w, https:\/\/i0.wp.com\/www.tvturk.com\/wp-content\/uploads\/2019\/02\/kaza-kurbani-futbolcuyu-binler-ugurladi_f38ef75.jpg?resize=200%2C300 200w\" width=\"233\" height=\"349\" loading=\"lazy\" data-original-width=\"233\" data-original-height=\"349\" itemprop=\"http:\/\/schema.org\/image\" title=\"Kaza kurban\u0131 futbolcuyu binler u\u011furlad\u0131\" alt=\"Kaza kurban\u0131 futbolcuyu binler u\u011furlad\u0131\" style=\"width: 233px; height: 349px;\" \/> <\/a> <\/div> <\/div> <!-- close group --> <\/div> <!-- close row --> <\/div><\/p>\n","protected":false},"excerpt":{"rendered":"<p>KAYSER\u0130 S\u00dcPER AMAT\u00d6R L\u0130G\u0130 TAKIMLARINDAN ESEN MAK\u0130NE BELS\u0130NSPOR\u2019DA OYNAYAN, \u00dcLK\u00dcC\u00dc CAM\u0130ANIN DA SEV\u0130LEN S\u0130MALARINDAN OLAN VE GE\u00c7\u0130RD\u0130\u011e\u0130 TRAF\u0130K KAZASI SONRASI HAYATINI KAYBEDEN CUMA ULU\u00c7AY&#8217;I, SON YOLCULU\u011eUNA B\u0130NLERCE SEVEN\u0130 U\u011eURLADI. ULU\u00c7AY\u2019IN TAKIM ARKADA\u015eLARI G\u00d6ZYA\u015eLARINA BO\u011eULDU.<\/p>\n","protected":false},"author":1,"featured_media":18730,"comment_status":"closed","ping_status":"open","sticky":false,"template":"","format":"standard","meta":{"jetpack_post_was_ever_published":false,"_jetpack_newsletter_access":"","_jetpack_dont_email_post_to_subs":false,"_jetpack_newsletter_tier_id":0,"_jetpack_memberships_contains_paywalled_content":false,"_jetpack_memberships_contains_paid_content":false,"footnotes":"","jetpack_publicize_message":"","jetpack_publicize_feature_enabled":true,"jetpack_social_post_already_shared":false,"jetpack_social_options":{"image_generator_settings":{"template":"highway","default_image_id":0,"font":"","enabled":false},"version":2}},"categories":[655],"tags":[8482,8481,852,6998,8483],"class_list":["post-18729","post","type-post","status-publish","format-standard","has-post-thumbnail","hentry","category-son-dakika","tag-binler","tag-futbolcuyu","tag-kaza","tag-kurbani","tag-ugurladi"],"jetpack_publicize_connections":[],"jetpack_featured_media_url":"https:\/\/i0.wp.com\/www.tvturk.com\/wp-content\/uploads\/2019\/02\/kaza-kurbani-futbolcuyu-binler-ugurladi_e990583.jpg?fit=1000%2C666","jetpack_sharing_enabled":true,"jetpack_shortlink":"https:\/\/wp.me\/paKIfm-4S5","_links":{"self":[{"href":"http:\/\/www.tvturk.com\/index.php\/wp-json\/wp\/v2\/posts\/18729","targetHints":{"allow":["GET"]}}],"collection":[{"href":"http:\/\/www.tvturk.com\/index.php\/wp-json\/wp\/v2\/posts"}],"about":[{"href":"http:\/\/www.tvturk.com\/index.php\/wp-json\/wp\/v2\/types\/post"}],"author":[{"embeddable":true,"href":"http:\/\/www.tvturk.com\/index.php\/wp-json\/wp\/v2\/users\/1"}],"replies":[{"embeddable":true,"href":"http:\/\/www.tvturk.com\/index.php\/wp-json\/wp\/v2\/comments?post=18729"}],"version-history":[{"count":1,"href":"http:\/\/www.tvturk.com\/index.php\/wp-json\/wp\/v2\/posts\/18729\/revisions"}],"predecessor-version":[{"id":18734,"href":"http:\/\/www.tvturk.com\/index.php\/wp-json\/wp\/v2\/posts\/18729\/revisions\/18734"}],"wp:featuredmedia":[{"embeddable":true,"href":"http:\/\/www.tvturk.com\/index.php\/wp-json\/wp\/v2\/media\/18730"}],"wp:attachment":[{"href":"http:\/\/www.tvturk.com\/index.php\/wp-json\/wp\/v2\/media?parent=18729"}],"wp:term":[{"taxonomy":"category","embeddable":true,"href":"http:\/\/www.tvturk.com\/index.php\/wp-json\/wp\/v2\/categories?post=18729"},{"taxonomy":"post_tag","embeddable":true,"href":"http:\/\/www.tvturk.com\/index.php\/wp-json\/wp\/v2\/tags?post=18729"}],"curies":[{"name":"wp","href":"https:\/\/api.w.org\/{rel}","templated":true}]}}