{"id":187316,"date":"2019-07-28T11:46:25","date_gmt":"2019-07-28T08:46:25","guid":{"rendered":"http:\/\/www.tvturk.com\/index.php\/istanbulda-4-ucus-gununde-35-takim-yarisacak\/"},"modified":"2019-07-28T11:46:25","modified_gmt":"2019-07-28T08:46:25","slug":"istanbulda-4-ucus-gununde-35-takim-yarisacak","status":"publish","type":"post","link":"http:\/\/www.tvturk.com\/index.php\/istanbulda-4-ucus-gununde-35-takim-yarisacak\/","title":{"rendered":"\u0130stanbul\u2019da 4. U\u00e7u\u015f G\u00fcn\u00fc\u2019nde 35 tak\u0131m yar\u0131\u015facak"},"content":{"rendered":"<p>\u0130stanbul\u2019da 6 y\u0131l aradan sonra d\u00fczenlenecek 4. Red Bull U\u00e7u\u015f G\u00fcn\u00fc\u2019nde 35 tak\u0131m k\u0131yas\u0131ya yar\u0131\u015facak. Red Bull hostesleri ve pilotlar\u0131, Kad\u0131k\u00f6y\u2019de d\u00fczenledikleri tan\u0131t\u0131mla \u0130stanbullular\u0131 4 A\u011fustos\u2019taki etkinli\u011fe davet etti.<\/p>\n<p>Red Bull, 6 y\u0131l aradan sonra tekrar \u0130stanbul\u2019u kanatlar alt\u0131na almaya haz\u0131rlan\u0131yor. Burcu Esmersoy ve Emre Karayel\u2019in sunumunu yapaca\u011f\u0131 ve 35 tak\u0131m\u0131n k\u0131yas\u0131ya rekabet edece\u011fi etkinlik, 4 A\u011fustos Pazar g\u00fcn\u00fc saat 11.00\u2019de Caddebostan plaj\u0131nda ger\u00e7ekle\u015fecek. 4. U\u00e7u\u015f G\u00fcn\u00fc\u2019n\u00fcn tan\u0131t\u0131m\u0131 ise Kad\u0131k\u00f6y meydan\u0131nda yap\u0131ld\u0131. Tan\u0131t\u0131m\u0131 ilgiyle takip eden Aleyna Duran, \u201cBence \u00e7ok g\u00fczeldi. Ben \u00e7ok ba\u015far\u0131l\u0131 buldum. K\u0131zlar da \u00e7ok g\u00fczeldi. Be\u011fenerek izledik. Ben Bodrum\u2019dan geliyorum. Burada b\u00f6yle \u015feyler g\u00f6rmek \u00e7ok ho\u015fumuza gidiyor, ilgi \u00e7ekiyor\u201d ifadelerini kulland\u0131.<\/p>\n<p>Tan\u0131t\u0131m\u0131 takip eden Ahmet G\u00fcrb\u00fcz, \u201c\u00c7ok ilgin\u00e7 buldum. Y\u00fcr\u00fcrken bir anda bir s\u00fcr\u00fc hostes ve pilotun beraber gelmi\u015f olmas\u0131 asl\u0131nda \u00e7ok ilgi \u00e7ekiciydi. 4 A\u011fustos\u2019u d\u00f6rt g\u00f6zle bekliyorum diyebilirim. Bu tan\u0131t\u0131m\u0131n ilgi \u00e7ekmek i\u00e7in yeterli oldu\u011funu d\u00fc\u015f\u00fcn\u00fcyorum. Zaten nerede gezsem billboardlar\u0131n\u0131 da g\u00f6rd\u00fc\u011f\u00fcm i\u00e7in eminim ki bir s\u00fcr\u00fc insan olay\u0131 merak ediyordur ve farkl\u0131 bak\u0131\u015f a\u00e7\u0131s\u0131yla burada k\u00fc\u00e7\u00fck bir tan\u0131t\u0131m d\u00fczenlendi. Bence iyi bir metot. Bolca insan\u0131 \u00e7ekecektir diye d\u00fc\u015f\u00fcn\u00fcyorum\u201d dedi.<\/p>\n<p>Ger\u00e7ekle\u015fecek olan etkinlikte birbirinden farkl\u0131 kost\u00fcmler, el yap\u0131m\u0131 u\u00e7u\u015f ara\u00e7lar\u0131 ve e\u011flenceli sahne \u015fovlar\u0131 ile 35 tak\u0131m, g\u00f6klerin kahraman\u0131 olabilmek i\u00e7in birbirleri ile yar\u0131\u015facak. \u0130stanbul B\u00fcy\u00fck\u015fehir Belediyesinin i\u015f birli\u011fi ile d\u00fczenlenen etkinli\u011fi isteyen herkes \u00fccretsiz olarak seyredebilecek. Yar\u0131\u015fmac\u0131lar\u0131n kendileri tasarlad\u0131klar\u0131 u\u00e7u\u015f ara\u00e7lar\u0131 ile 6 metre y\u00fckseklikteki rampada h\u00fcnerlerini sergileyecekler. Etkinlikte kazananlar\u0131 9 ki\u015fiden olu\u015fan bir j\u00fcri belirleyecek. J\u00fcri koltu\u011funda oturan \u00fcnl\u00fc sunucu M\u00fcge Boz, oyuncu \u0130brahim Selim, \u00c7ukur dizisindeki rol\u00fcyle tan\u0131nan \u0130layda Ali\u015fan, profesyonel pilot Ya\u011fmur Sar\u0131o\u011flu, Survivor \u015fampiyonu Ogeday Giri\u015fken, havac\u0131l\u0131k d\u00fcnyas\u0131n\u0131n yak\u0131ndan tan\u0131d\u0131\u011f\u0131 u\u00e7ak m\u00fchendisi Muhammed Y\u0131lmaz, Solot\u00fcrk kurucu lideri \u00d6\u011fretmen Pilot Murat Kele\u015f ve Red Bull sporcular\u0131 Ay\u015fe Beg\u00fcm Onba\u015f\u0131 ile K\u00fcbra Da\u011fl\u0131 olacak. U\u00e7u\u015f G\u00fcn\u00fc\u2019nde birinci olacak tak\u0131m, \u2018pilotluk e\u011fitimi\u2019 \u00f6d\u00fcl\u00fcn\u00fc kazanacak. \u0130kinci olan tak\u0131m Red Bull Air Race\u2019i yerinde izleme ve Red Bull Air Race u\u00e7a\u011f\u0131 ile u\u00e7ma, \u00fc\u00e7\u00fcnc\u00fc olan tak\u0131m ise Salzburg Hangar-7\u2019de Flying Bulls ile u\u00e7u\u015f deneyimi \u015fans\u0131na kavu\u015facak. Tasarlad\u0131klar\u0131 insan g\u00fcc\u00fcyle \u00e7al\u0131\u015fan u\u00e7u\u015f arac\u0131 ile en uza\u011fa u\u00e7may\u0131 ba\u015faran tak\u0131m ise d\u00fcnya turu bileti \u00f6zel \u00f6d\u00fcl\u00fcn\u00fcn sahibi olacak.<\/p>\n","protected":false},"excerpt":{"rendered":"<p>\u0130STANBUL\u2019DA 6 YIL ARADAN SONRA D\u00dcZENLENECEK 4. RED BULL U\u00c7U\u015e G\u00dcN\u00dc&#8217;NDE 35 TAKIM KIYASIYA YARI\u015eACAK. RED BULL HOSTESLER\u0130 VE P\u0130LOTLARI, KADIK\u00d6Y\u2019DE D\u00dcZENLED\u0130KLER\u0130 TANITIMLA \u0130STANBULLULARI 4 A\u011eUSTOS\u2019TAK\u0130 ETK\u0130NL\u0130\u011eE DAVET ETT\u0130.<\/p>\n","protected":false},"author":1,"featured_media":187317,"comment_status":"closed","ping_status":"open","sticky":false,"template":"","format":"standard","meta":{"jetpack_post_was_ever_published":false,"_jetpack_newsletter_access":"","_jetpack_dont_email_post_to_subs":false,"_jetpack_newsletter_tier_id":0,"_jetpack_memberships_contains_paywalled_content":false,"_jetpack_memberships_contains_paid_content":false,"footnotes":"","jetpack_publicize_message":"","jetpack_publicize_feature_enabled":true,"jetpack_social_post_already_shared":true,"jetpack_social_options":{"image_generator_settings":{"template":"highway","default_image_id":0,"font":"","enabled":false},"version":2}},"categories":[1],"tags":[2246,1268,6670,12647,1365],"class_list":["post-187316","post","type-post","status-publish","format-standard","has-post-thumbnail","hentry","category-genel","tag-gununde","tag-istanbulda","tag-takim","tag-ucus","tag-yarisacak"],"jetpack_publicize_connections":[],"jetpack_featured_media_url":"https:\/\/i0.wp.com\/www.tvturk.com\/wp-content\/uploads\/2019\/07\/istanbulda-4-ucus-gununde-35-takim-yarisacak_ce5ac66.jpg?fit=1000%2C666","jetpack_sharing_enabled":true,"jetpack_shortlink":"https:\/\/wp.me\/paKIfm-MJe","_links":{"self":[{"href":"http:\/\/www.tvturk.com\/index.php\/wp-json\/wp\/v2\/posts\/187316","targetHints":{"allow":["GET"]}}],"collection":[{"href":"http:\/\/www.tvturk.com\/index.php\/wp-json\/wp\/v2\/posts"}],"about":[{"href":"http:\/\/www.tvturk.com\/index.php\/wp-json\/wp\/v2\/types\/post"}],"author":[{"embeddable":true,"href":"http:\/\/www.tvturk.com\/index.php\/wp-json\/wp\/v2\/users\/1"}],"replies":[{"embeddable":true,"href":"http:\/\/www.tvturk.com\/index.php\/wp-json\/wp\/v2\/comments?post=187316"}],"version-history":[{"count":0,"href":"http:\/\/www.tvturk.com\/index.php\/wp-json\/wp\/v2\/posts\/187316\/revisions"}],"wp:featuredmedia":[{"embeddable":true,"href":"http:\/\/www.tvturk.com\/index.php\/wp-json\/wp\/v2\/media\/187317"}],"wp:attachment":[{"href":"http:\/\/www.tvturk.com\/index.php\/wp-json\/wp\/v2\/media?parent=187316"}],"wp:term":[{"taxonomy":"category","embeddable":true,"href":"http:\/\/www.tvturk.com\/index.php\/wp-json\/wp\/v2\/categories?post=187316"},{"taxonomy":"post_tag","embeddable":true,"href":"http:\/\/www.tvturk.com\/index.php\/wp-json\/wp\/v2\/tags?post=187316"}],"curies":[{"name":"wp","href":"https:\/\/api.w.org\/{rel}","templated":true}]}}