{"id":187324,"date":"2019-07-28T12:01:40","date_gmt":"2019-07-28T09:01:40","guid":{"rendered":"http:\/\/www.tvturk.com\/index.php\/meslektaslari-tatilde-onlar-okulu-yeniliyor\/"},"modified":"2019-07-28T12:01:40","modified_gmt":"2019-07-28T09:01:40","slug":"meslektaslari-tatilde-onlar-okulu-yeniliyor","status":"publish","type":"post","link":"http:\/\/www.tvturk.com\/index.php\/meslektaslari-tatilde-onlar-okulu-yeniliyor\/","title":{"rendered":"Meslekta\u015flar\u0131 tatilde, onlar okulu yeniliyor"},"content":{"rendered":"<p>Siirt\u2019in Kurtalan il\u00e7esinde bulunan Atat\u00fcrk Ortaokulu \u00f6\u011fretmenleri, meslekta\u015flar\u0131 gibi tatile gitmek yerine ellerine kazma k\u00fcrek al\u0131p okullar\u0131n\u0131 tadilattan ge\u00e7iriyor.<\/p>\n<p>Kurtalan il\u00e7esinde e\u011fitim veren Atat\u00fcrk Ortaokulu \u00f6\u011fretmenleri, \u00f6rnek bir davran\u0131\u015fa imza att\u0131. Okullar\u0131n tatil olmas\u0131 ile b\u00fct\u00fcn bir y\u0131l\u0131n yorgunlu\u011funu atmak yerine s\u0131rt s\u0131rta veren \u00f6\u011fretmenler \u00f6nce okulun sorunlar\u0131n\u0131 tek tek belirledi. Sorunlar\u0131 belirleyen \u00f6\u011fretmenler, daha sonra ald\u0131klar\u0131 malzemelerle i\u015fe koyuldu. \u00c7imento harc\u0131 yap\u0131p duvarlar\u0131 s\u0131vayan, iskeleye \u00e7\u0131k\u0131p kum ta\u015f\u0131yan \u00f6\u011fretmenlerin fedakar davran\u0131\u015f\u0131 vatanda\u015flar\u0131n takdirini toplad\u0131.<\/p>\n<p>Yapt\u0131klar\u0131 \u00e7al\u0131\u015fmalarla ilgili \u0130hlas Haber Ajans\u0131 (\u0130HA) muhabirine a\u00e7\u0131klamalarda bulunan Atat\u00fcrk Ortaokulu M\u00fcd\u00fcr\u00fc Cemal Do\u011fan, yaz tatillerinde olmalar\u0131na ra\u011fmen okulun ihtiya\u00e7lar\u0131 nedeni ile tatil yapmak yerine \u00e7al\u0131\u015fmay\u0131 tercih ettiklerini s\u00f6yledi. Do\u011fan, \u201cZaten okulumuzda ye\u015fil alan hi\u00e7 bulunmuyor. Bunu telefi etmek i\u00e7in, \u00f6\u011frencilerimize g\u00fczel bir okul bah\u00e7esi sunmak i\u00e7in yaz tatili olmas\u0131na ra\u011fmen burada okul bah\u00e7esini d\u00fczenleme \u00e7al\u0131\u015fmas\u0131 y\u00fcr\u00fct\u00fcyoruz. Bu \u00e7al\u0131\u015fmalarda Kurtalan Kaymakaml\u0131\u011f\u0131 ve \u0130l\u00e7e Milli E\u011fitim M\u00fcd\u00fcrl\u00fc\u011f\u00fcn\u00fcn katk\u0131lar\u0131 oldu. Kendilerine buradan te\u015fekk\u00fcr ediyoruz. Onun d\u0131\u015f\u0131nda burada biz \u00f6\u011fretmenler olarak \u00e7al\u0131\u015f\u0131yoruz \u015fuan. Ben okulumuzun m\u00fcd\u00fcr vekaletini y\u00fcr\u00fct\u00fcyorum. Yan\u0131mda m\u00fcd\u00fcr yard\u0131mc\u0131m\u0131z var. Duvara s\u0131va yapan beden e\u011fitimi \u00f6\u011fretmenimiz. Kendisine de \u00e7ok te\u015fekk\u00fcr ediyorum. B\u00fcy\u00fck bir fedakarl\u0131k g\u00f6stererek yard\u0131mc\u0131 oldu bize. Biz yerli \u00f6\u011fretmenleriz. Bu okul bah\u00e7esinin durumu i\u00e7imize sinmedi. Bundan dolay\u0131 d\u00fczeltme \u00e7al\u0131\u015fmas\u0131 i\u00e7erisine girdik. \u0130mkans\u0131zl\u0131klar i\u00e7erisinde y\u00fcr\u00fct\u00fcyoruz bunu. Tabii proje bununla bitmeyecek. Duvar \u00e7al\u0131\u015fmas\u0131 bittikten sonra okul bah\u00e7esi i\u00e7erisinde basketbol sahas\u0131n\u0131n \u00e7izimi var. \u00d6\u011frencilerin d\u00fczg\u00fcn bir s\u0131raya yerle\u015febilmesi i\u00e7in s\u0131ra \u00e7izgilerini \u00e7izmeyi d\u00fc\u015f\u00fcn\u00fcyoruz. Okulun yan taraf\u0131 da bulunan \u00fcst kademeye de ye\u015fillendirme \u00e7al\u0131\u015fmalar\u0131m\u0131z olacak in\u015fallah\u201d dedi.<\/p>\n<p>&#8220;\u00c7al\u0131\u015fmalar\u0131m\u0131z bununla bitmeyecek&#8221;<\/p>\n<p>Atat\u00fcrk Ortaokulu M\u00fcd\u00fcr Yard\u0131mc\u0131s\u0131 Bilal Ayd\u0131n ise, meslekta\u015flar\u0131n\u0131n tatilde olmalar\u0131na ra\u011fmen kendilerinin \u00e7abalar\u0131yla okul bah\u00e7esinde tadilat i\u015fine girdiklerini s\u00f6yledi. Ayd\u0131n, \u201cBir yerden ba\u015flanmas\u0131 gerekti\u011fine inand\u0131k. \u0130n\u015fallah \u00e7al\u0131\u015fmalar\u0131m\u0131z bununla da bitmeyecek. \u00c7ocuklar gidip tuvaletlerden su i\u00e7mekteydiler. Bu hi\u00e7bir \u015fekilde hijyenik bir durum olu\u015fturmamaktayd\u0131. Bunun \u00f6n\u00fcne ge\u00e7ebilmek i\u00e7in okul bah\u00e7esine in\u015fallah bir \u00e7e\u015fme yapmay\u0131 da d\u00fc\u015f\u00fcn\u00fcyoruz\u201d diye konu\u015ftu.<\/p>\n","protected":false},"excerpt":{"rendered":"<p>S\u0130\u0130RT\u2019\u0130N KURTALAN \u0130L\u00c7ES\u0130NDE BULUNAN ATAT\u00dcRK ORTAOKULU \u00d6\u011eRETMENLER\u0130, MESLEKTA\u015eLARI G\u0130B\u0130 TAT\u0130LE G\u0130TMEK YER\u0130NE ELLER\u0130NE KAZMA K\u00dcREK ALIP OKULLARININ SORUNLARINI G\u0130DERMEYE BA\u015eLADI. \u00c7\u0130MENTO HARCI YAPIP DUVARLARI SIVAYAN \u00d6\u011eRETMENLER\u0130N BU DAVRANI\u015eI B\u00dcY\u00dcK TAKD\u0130R TOPLADI.<\/p>\n","protected":false},"author":1,"featured_media":187325,"comment_status":"closed","ping_status":"open","sticky":false,"template":"","format":"standard","meta":{"jetpack_post_was_ever_published":false,"_jetpack_newsletter_access":"","_jetpack_dont_email_post_to_subs":false,"_jetpack_newsletter_tier_id":0,"_jetpack_memberships_contains_paywalled_content":false,"_jetpack_memberships_contains_paid_content":false,"footnotes":"","jetpack_publicize_message":"","jetpack_publicize_feature_enabled":true,"jetpack_social_post_already_shared":true,"jetpack_social_options":{"image_generator_settings":{"template":"highway","default_image_id":0,"font":"","enabled":false},"version":2}},"categories":[1],"tags":[26962,2055,5749,2472,46604],"class_list":["post-187324","post","type-post","status-publish","format-standard","has-post-thumbnail","hentry","category-genel","tag-meslektaslari","tag-okulu","tag-onlar","tag-tatilde","tag-yeniliyor"],"jetpack_publicize_connections":[],"jetpack_featured_media_url":"https:\/\/i0.wp.com\/www.tvturk.com\/wp-content\/uploads\/2019\/07\/meslektaslari-tatilde-onlar-okulu-yeniliyor_4f9d5d7.jpg?fit=1000%2C662","jetpack_sharing_enabled":true,"jetpack_shortlink":"https:\/\/wp.me\/paKIfm-MJm","_links":{"self":[{"href":"http:\/\/www.tvturk.com\/index.php\/wp-json\/wp\/v2\/posts\/187324","targetHints":{"allow":["GET"]}}],"collection":[{"href":"http:\/\/www.tvturk.com\/index.php\/wp-json\/wp\/v2\/posts"}],"about":[{"href":"http:\/\/www.tvturk.com\/index.php\/wp-json\/wp\/v2\/types\/post"}],"author":[{"embeddable":true,"href":"http:\/\/www.tvturk.com\/index.php\/wp-json\/wp\/v2\/users\/1"}],"replies":[{"embeddable":true,"href":"http:\/\/www.tvturk.com\/index.php\/wp-json\/wp\/v2\/comments?post=187324"}],"version-history":[{"count":0,"href":"http:\/\/www.tvturk.com\/index.php\/wp-json\/wp\/v2\/posts\/187324\/revisions"}],"wp:featuredmedia":[{"embeddable":true,"href":"http:\/\/www.tvturk.com\/index.php\/wp-json\/wp\/v2\/media\/187325"}],"wp:attachment":[{"href":"http:\/\/www.tvturk.com\/index.php\/wp-json\/wp\/v2\/media?parent=187324"}],"wp:term":[{"taxonomy":"category","embeddable":true,"href":"http:\/\/www.tvturk.com\/index.php\/wp-json\/wp\/v2\/categories?post=187324"},{"taxonomy":"post_tag","embeddable":true,"href":"http:\/\/www.tvturk.com\/index.php\/wp-json\/wp\/v2\/tags?post=187324"}],"curies":[{"name":"wp","href":"https:\/\/api.w.org\/{rel}","templated":true}]}}