{"id":187356,"date":"2019-07-28T14:01:50","date_gmt":"2019-07-28T11:01:50","guid":{"rendered":"http:\/\/www.tvturk.com\/index.php\/oto-pazarinda-bayram-yogunlugu\/"},"modified":"2019-07-28T14:01:50","modified_gmt":"2019-07-28T11:01:50","slug":"oto-pazarinda-bayram-yogunlugu","status":"publish","type":"post","link":"http:\/\/www.tvturk.com\/index.php\/oto-pazarinda-bayram-yogunlugu\/","title":{"rendered":"Oto Pazar\u0131\u2019nda bayram yo\u011funlu\u011fu"},"content":{"rendered":"<p>Eski\u015fehir\u2019de ikinci el ara\u00e7 al\u0131m sat\u0131m\u0131nda vatanda\u015flar\u0131n bulu\u015fma noktas\u0131 olan A\u00e7\u0131k Oto Pazar\u0131\u2019nda Kurban Bayram\u0131 yo\u011funlu\u011fu ya\u015fan\u0131yor.<\/p>\n<p>Kurban Bayram\u0131 \u00f6ncesinde vatanda\u015flar tatile ara\u00e7s\u0131z girmemek i\u00e7in aray\u0131\u015flara ba\u015flad\u0131. Eski\u015fehir\u2019de ise ikinci el ara\u00e7 piyasas\u0131n\u0131n kalbi olan Tepeba\u015f\u0131 Belediyesi taraf\u0131ndan hizmete a\u00e7\u0131lan A\u00e7\u0131k Oto Pazar\u0131, yine ara\u00e7 al\u0131p satmak isteyenlerin u\u011frak noktas\u0131 oldu. Muttalip mevkisinde faaliyet g\u00f6steren otomobil pazar\u0131, pazar g\u00fcn\u00fcn\u00fc de f\u0131rsat bilen vatanda\u015flar taraf\u0131ndan adeta ak\u0131na u\u011frad\u0131. Bayram \u00f6ncesi h\u0131zlanan ikinci el ara\u00e7 piyasas\u0131nda uygun fiyatlara ara\u00e7 sahibi olmak isteyen vatanda\u015flar da y\u00fcksek s\u0131cakl\u0131klara ra\u011fmen ilgiyi bir an olsun azaltmad\u0131. Hava s\u0131cakl\u0131klar\u0131 zaman zaman 30 derecenin \u00fcst\u00fcne \u00e7\u0131karken hem ara\u00e7 satanlar\u0131n hem ara\u00e7 alanlar\u0131n ilgiden memnun olduklar\u0131 belirtildi.<\/p>\n<p>Kurban Bayram\u0131 \u00f6ncesinde hareketlenmeler ya\u015fand\u0131\u011f\u0131n\u0131 belirten ara\u00e7 sat\u0131c\u0131lar\u0131, bu hafta pazar\u0131n biraz daha kalabal\u0131k oldu\u011funu dile getirdi. Genelde vatanda\u015flar\u0131n ara\u00e7 hakk\u0131nda sadece bilgi ald\u0131ktan sonra \u2019iyi sat\u0131\u015flar\u2019 diledi\u011fini belirten ara\u00e7 sat\u0131c\u0131lar\u0131, Kurban Bayram\u0131\u2019na k\u0131sa bir s\u00fcre kala piyasalar\u0131n daha da canlanaca\u011f\u0131na inand\u0131klar\u0131n\u0131 kaydetti.<\/p>\n<p>Erken saatlerde sat\u0131l\u0131k ara\u00e7lara bakmak i\u00e7in pazara gelen vatanda\u015flar ise y\u00fcksek fiyatlardan dert yand\u0131. Baz\u0131 ara\u00e7lar\u0131n de\u011ferinin \u00fczerinde sat\u0131\u015fa sunuldu\u011funu ve bunun mutlaka denetlenmesi gerekti\u011fini kaydeden vatanda\u015flar, bayrama yak\u0131n piyasalar\u0131n daha da hareketlenece\u011fini d\u00fc\u015f\u00fcnd\u00fcklerini bildirdi.<\/p>\n","protected":false},"excerpt":{"rendered":"<p>ESK\u0130\u015eEH\u0130R\u2019DE \u0130K\u0130NC\u0130 EL ARA\u00c7 ALIM SATIMINDA VATANDA\u015eLARIN BULU\u015eMA NOKTASI OLAN A\u00c7IK OTO PAZARI\u2019NDA KURBAN BAYRAMI YO\u011eUNLU\u011eU YA\u015eANIYOR.<\/p>\n","protected":false},"author":1,"featured_media":187357,"comment_status":"closed","ping_status":"open","sticky":false,"template":"","format":"standard","meta":{"jetpack_post_was_ever_published":false,"_jetpack_newsletter_access":"","_jetpack_dont_email_post_to_subs":false,"_jetpack_newsletter_tier_id":0,"_jetpack_memberships_contains_paywalled_content":false,"_jetpack_memberships_contains_paid_content":false,"footnotes":"","jetpack_publicize_message":"","jetpack_publicize_feature_enabled":true,"jetpack_social_post_already_shared":true,"jetpack_social_options":{"image_generator_settings":{"template":"highway","default_image_id":0,"font":"","enabled":false},"version":2}},"categories":[1],"tags":[23995,10158,5968,10277],"class_list":["post-187356","post","type-post","status-publish","format-standard","has-post-thumbnail","hentry","category-genel","tag-bayram","tag-oto","tag-pazarinda","tag-yogunlugu"],"jetpack_publicize_connections":[],"jetpack_featured_media_url":"https:\/\/i0.wp.com\/www.tvturk.com\/wp-content\/uploads\/2019\/07\/oto-pazarinda-bayram-yogunlugu_8e9ae2d.jpg?fit=1000%2C750","jetpack_sharing_enabled":true,"jetpack_shortlink":"https:\/\/wp.me\/paKIfm-MJS","_links":{"self":[{"href":"http:\/\/www.tvturk.com\/index.php\/wp-json\/wp\/v2\/posts\/187356","targetHints":{"allow":["GET"]}}],"collection":[{"href":"http:\/\/www.tvturk.com\/index.php\/wp-json\/wp\/v2\/posts"}],"about":[{"href":"http:\/\/www.tvturk.com\/index.php\/wp-json\/wp\/v2\/types\/post"}],"author":[{"embeddable":true,"href":"http:\/\/www.tvturk.com\/index.php\/wp-json\/wp\/v2\/users\/1"}],"replies":[{"embeddable":true,"href":"http:\/\/www.tvturk.com\/index.php\/wp-json\/wp\/v2\/comments?post=187356"}],"version-history":[{"count":0,"href":"http:\/\/www.tvturk.com\/index.php\/wp-json\/wp\/v2\/posts\/187356\/revisions"}],"wp:featuredmedia":[{"embeddable":true,"href":"http:\/\/www.tvturk.com\/index.php\/wp-json\/wp\/v2\/media\/187357"}],"wp:attachment":[{"href":"http:\/\/www.tvturk.com\/index.php\/wp-json\/wp\/v2\/media?parent=187356"}],"wp:term":[{"taxonomy":"category","embeddable":true,"href":"http:\/\/www.tvturk.com\/index.php\/wp-json\/wp\/v2\/categories?post=187356"},{"taxonomy":"post_tag","embeddable":true,"href":"http:\/\/www.tvturk.com\/index.php\/wp-json\/wp\/v2\/tags?post=187356"}],"curies":[{"name":"wp","href":"https:\/\/api.w.org\/{rel}","templated":true}]}}