{"id":187362,"date":"2019-07-28T14:02:28","date_gmt":"2019-07-28T11:02:28","guid":{"rendered":"http:\/\/www.tvturk.com\/index.php\/92-yasindaki-pakize-nine-goz-nuru-eserlerini-sergiledi\/"},"modified":"2019-07-28T14:02:28","modified_gmt":"2019-07-28T11:02:28","slug":"92-yasindaki-pakize-nine-goz-nuru-eserlerini-sergiledi","status":"publish","type":"post","link":"http:\/\/www.tvturk.com\/index.php\/92-yasindaki-pakize-nine-goz-nuru-eserlerini-sergiledi\/","title":{"rendered":"92 ya\u015f\u0131ndaki Pakize nine g\u00f6z nuru eserlerini sergiledi"},"content":{"rendered":"<p>Mersin\u2019in Tarsus il\u00e7esinde oturan 92 ya\u015f\u0131ndaki Pakize Kurua\u011fa\u00e7, boncukla yapt\u0131\u011f\u0131 sanat eserlerini Hatay\u2019da sergiye \u00e7\u0131kard\u0131.<\/p>\n<p>7 ya\u015f\u0131ndayken Adana\u2019da Atat\u00fcrk\u2019\u00fc g\u00f6ren ve 80\u2019li ya\u015flar\u0131n\u0131n ard\u0131ndan boncukla el sanatlar\u0131 yaparak 100 eser \u00e7\u0131karan Pakize Kurua\u011fa\u00e7, eserlerinin bir k\u0131sm\u0131n\u0131 Hatay\u2019da \u00f6zel bir kafede sergiye \u00e7\u0131kard\u0131.<\/p>\n<p>Yo\u011fun ilginin oldu\u011fu sergide konu\u015fan Pakize Kurua\u011fa\u00e7, \u201cK\u00fc\u00e7\u00fck ya\u015flar\u0131mda terziydim. 41 ya\u015f\u0131ma kadar diki\u015f dikiyordum. Sonra b\u0131rakt\u0131m diki\u015fi Adana\u2019ya ta\u015f\u0131nd\u0131m. \u0130\u015fim olmad\u0131 Adana\u2019da, i\u015fim olmay\u0131nca da bu i\u015fe ba\u015flad\u0131m. 100 tane tablo yapt\u0131m\u201d dedi.<\/p>\n<p>Sanat\u0131n\u0131 \u00f6\u011frenmek i\u00e7in herhangi bir yerden ve kimseden yard\u0131m almad\u0131\u011f\u0131n\u0131 ifade eden Kurua\u011fa\u00e7, \u201cNe bir yere gitmi\u015fim t\u00f6vbe ne de bir ki\u015fiden bir i\u011fne alm\u0131\u015f\u0131m. Hepsi kendi eme\u011fim ve kafamdan uydurarak tasarlad\u0131\u011f\u0131m eserler\u201d dedi.<\/p>\n<p>Atat\u00fcrk\u2019\u00fc g\u00f6rd\u00fc\u011f\u00fc an\u0131 ilk g\u00fcnk\u00fc gibi heyecanla anlatan Pakize Kurua\u011fa\u00e7, \u201cAtat\u00fcrk\u2019\u00fc ben 7 ya\u015f\u0131nda g\u00f6rd\u00fcm. Adana\u2019ya gelecek dediler sonra Adana\u2019dan Tarsus\u2019a. Ben Tarsusluyum. O zaman annemle erkenden bekledik Atat\u00fcrk\u2019\u00fcn gelmesini. Ben milleti itekleyerek geldim elimi sallad\u0131m, Atat\u00fcrk\u2019te uzatt\u0131 elini elimi tutmak i\u00e7in, tabi tutamad\u0131, \u00e7ocuk oldu\u011fum i\u00e7in yeti\u015femedi\u201d dedi.<\/p>\n<p>Pakize Kurua\u011fa\u00e7\u2019\u0131n ya\u015f\u0131na ra\u011fmen yapt\u0131\u011f\u0131 sanat eserlerinin kendisini gururland\u0131rd\u0131\u011f\u0131n\u0131 s\u00f6yleyen Gizem Elmas, &#8220;Eserlerin g\u00fczelli\u011fi zaten ortada. Pakize han\u0131m\u0131n ya\u015f\u0131na ra\u011fmen bu tarz bir sanatla ilgileniyor olmas\u0131 beni bir kad\u0131n olarak \u00e7ok gururland\u0131rd\u0131. \u00d6zellikle o ya\u015ftaki kad\u0131nlar\u0131n da kendilerini toplumda kan\u0131tlayacak bir \u015fekilde bir \u015feyler yapmas\u0131n\u0131 \u00e7ok arzu ederim. Umar\u0131m \u00f6nc\u00fc olur, \u00f6rnek olur\u201d diye konu\u015ftu.<\/p>\n","protected":false},"excerpt":{"rendered":"<p>TARSUS\u2019TA YA\u015eAYAN 92 YA\u015eINDAK\u0130 PAK\u0130ZE KURUA\u011eA\u00c7, BONCUKLA YAPTI\u011eI SANAT ESERLER\u0130N\u0130 HATAY\u2019DA SERG\u0130YE \u00c7IKARDI.<\/p>\n","protected":false},"author":1,"featured_media":187363,"comment_status":"closed","ping_status":"open","sticky":false,"template":"","format":"standard","meta":{"jetpack_post_was_ever_published":false,"_jetpack_newsletter_access":"","_jetpack_dont_email_post_to_subs":false,"_jetpack_newsletter_tier_id":0,"_jetpack_memberships_contains_paywalled_content":false,"_jetpack_memberships_contains_paid_content":false,"footnotes":"","jetpack_publicize_message":"","jetpack_publicize_feature_enabled":true,"jetpack_social_post_already_shared":true,"jetpack_social_options":{"image_generator_settings":{"template":"highway","default_image_id":0,"font":"","enabled":false},"version":2}},"categories":[656],"tags":[21532,1126,19784,40702,46620,5057,1063],"class_list":["post-187362","post","type-post","status-publish","format-standard","has-post-thumbnail","hentry","category-kultur-sanat","tag-eserlerini","tag-goz","tag-nine","tag-nuru","tag-pakize","tag-sergiledi","tag-yasindaki"],"jetpack_publicize_connections":[],"jetpack_featured_media_url":"https:\/\/i0.wp.com\/www.tvturk.com\/wp-content\/uploads\/2019\/07\/92-yasindaki-pakize-nine-goz-nuru-eserlerini-sergiledi_21ef080.jpg?fit=1000%2C666","jetpack_sharing_enabled":true,"jetpack_shortlink":"https:\/\/wp.me\/paKIfm-MJY","_links":{"self":[{"href":"http:\/\/www.tvturk.com\/index.php\/wp-json\/wp\/v2\/posts\/187362","targetHints":{"allow":["GET"]}}],"collection":[{"href":"http:\/\/www.tvturk.com\/index.php\/wp-json\/wp\/v2\/posts"}],"about":[{"href":"http:\/\/www.tvturk.com\/index.php\/wp-json\/wp\/v2\/types\/post"}],"author":[{"embeddable":true,"href":"http:\/\/www.tvturk.com\/index.php\/wp-json\/wp\/v2\/users\/1"}],"replies":[{"embeddable":true,"href":"http:\/\/www.tvturk.com\/index.php\/wp-json\/wp\/v2\/comments?post=187362"}],"version-history":[{"count":0,"href":"http:\/\/www.tvturk.com\/index.php\/wp-json\/wp\/v2\/posts\/187362\/revisions"}],"wp:featuredmedia":[{"embeddable":true,"href":"http:\/\/www.tvturk.com\/index.php\/wp-json\/wp\/v2\/media\/187363"}],"wp:attachment":[{"href":"http:\/\/www.tvturk.com\/index.php\/wp-json\/wp\/v2\/media?parent=187362"}],"wp:term":[{"taxonomy":"category","embeddable":true,"href":"http:\/\/www.tvturk.com\/index.php\/wp-json\/wp\/v2\/categories?post=187362"},{"taxonomy":"post_tag","embeddable":true,"href":"http:\/\/www.tvturk.com\/index.php\/wp-json\/wp\/v2\/tags?post=187362"}],"curies":[{"name":"wp","href":"https:\/\/api.w.org\/{rel}","templated":true}]}}