{"id":187382,"date":"2019-07-28T15:31:43","date_gmt":"2019-07-28T12:31:43","guid":{"rendered":"http:\/\/www.tvturk.com\/index.php\/silivri-yogurt-festivali-renkli-goruntulere-sahne-oldu\/"},"modified":"2019-07-28T15:31:43","modified_gmt":"2019-07-28T12:31:43","slug":"silivri-yogurt-festivali-renkli-goruntulere-sahne-oldu","status":"publish","type":"post","link":"http:\/\/www.tvturk.com\/index.php\/silivri-yogurt-festivali-renkli-goruntulere-sahne-oldu\/","title":{"rendered":"Silivri Yo\u011furt Festivali renkli g\u00f6r\u00fcnt\u00fclere sahne oldu"},"content":{"rendered":"<p>58\u2019inci Silivri Yo\u011furt Festivali\u2019nin 3\u2019\u00fcnc\u00fc g\u00fcn\u00fcnde d\u00fczenlenen geleneksel yo\u011furt mayalama yar\u0131\u015fmas\u0131 renkli g\u00f6r\u00fcnt\u00fclere sahne oldu. En lezzetli yo\u011furdu mayalayan \u015eaziment \u00c7elik bin 500 TL\u2019lik hediye \u00e7ekinin sahibi oldu.<\/p>\n<p>Silivri Belediyesinin 58\u2019inci Yo\u011furt Festivali kapsam\u0131nda geleneksel yo\u011furt mayalama yar\u0131\u015fmas\u0131 bu y\u0131l 17 yar\u0131\u015fmac\u0131n\u0131n lezzet yar\u0131\u015f\u0131na ev sahipli\u011fi yapt\u0131. Silivrililerin mayalad\u0131\u011f\u0131 yo\u011furtlar, j\u00fcri de\u011ferlendirmesine tabi oldu. Silivri Sahili Yo\u011furt\u00e7u Heykeli yan\u0131nda d\u00fczenlenen yar\u0131\u015fmada, Koruyucu Sa\u011fl\u0131k Uzman\u0131 ve Silivri Kent Konseyi Ba\u015fkan\u0131 Prof. Dr. O\u011fuz \u00d6zyaral, Rumeli \u00dcniversitesi Otel Lokanta ve \u0130kram Hizmetleri B\u00f6l\u00fcm Ba\u015fkan\u0131 \u00d6\u011fretim G\u00f6revlisi Haydar \u015eahin, \u00d6\u011fretim G\u00f6revlisi Kemal Can Yurtta\u015f, Silivri Medikal Park Hastanesi Diyet ve Beslenme Uzman\u0131 P\u0131nar Kurt, Koordinat\u00f6r \u015eef Muhammet Aydo\u011fdu ve Moodys Dan\u0131\u015fman \u015eefi Recep Aydo\u011fan j\u00fcri \u00fcyeli\u011fi yapt\u0131. Manda, inek ve ke\u00e7i s\u00fct\u00fcnden yap\u0131lan yo\u011furtlar tat, k\u0131vam, kaymak kal\u0131nl\u0131\u011f\u0131, sunum gibi \u00f6zellik sonucunda 90 \u00fczeri puanlarla de\u011ferlendirildi. J\u00fcri \u00fcyeleri en iyi yo\u011furdu se\u00e7mekte zorlan\u0131rken, yar\u0131\u015fmaya \u00fcnl\u00fc Onkoloji Uzman\u0131 Do\u00e7. Dr. Yavuz Dizdar da konuk oldu. Birbirinden lezzetli 17 yo\u011furdun yar\u0131\u015ft\u0131\u011f\u0131 mayalama yar\u0131\u015fmas\u0131nda 1\u2019incilik \u00f6d\u00fcl\u00fcn\u00fc \u015eaziment \u00c7elik, 2\u2019ncilik \u00f6d\u00fcl\u00fcn\u00fc Volkan Ural, 3\u2019\u00fcnc\u00fcl\u00fck \u00f6d\u00fcl\u00fcn\u00fc ise Mehtap Efe ve Esra Ert\u00fcrk kazand\u0131. Yar\u0131\u015fmac\u0131lar\u0131n hediye \u00e7eklerini Belediye Meclis \u00dcyeleri Hacer Y\u0131ld\u0131r\u0131m, \u00dclkenur B\u00fcke, \u015e\u00fckriye Akkaya Karaku\u015f ve Silivri Kent Konseyi Ba\u015fkan\u0131 Prof. Dr. O\u011fuz \u00d6zyaral hediye etti. Birinciye bin 500 TL, ikinciye bin TL, \u00fc\u00e7\u00fcnc\u00fc olana ise 750 TL para \u00f6d\u00fcl\u00fc verildi.<\/p>\n<p>\u201cAnneannelerimizin mayalad\u0131\u011f\u0131 yo\u011furdun tad\u0131n\u0131 unutmad\u0131k\u201d<\/p>\n<p>Silivri Belediye Ba\u015fkan\u0131 Volkan Y\u0131lmaz, \u201cYo\u011furt Festivali\u2019ni ilk d\u00fczenleyen belediye ba\u015fkan\u0131 kadar<\/p>\n<p>heyecanl\u0131y\u0131m. \u00c7\u00fcnk\u00fc Silivri \u0130stanbul\u2019un bir \u015fans\u0131. Orada ya\u015fayanlar\u0131n nefes alabilmek i\u00e7in hala organik ve iyi tar\u0131mla yap\u0131lan \u00fcr\u00fcnleri t\u00fcketebilecekleri bir kent var yan\u0131 ba\u015f\u0131nda. \u0130stanbul\u2019un Bat\u0131\u2019ya a\u00e7\u0131lan kap\u0131s\u0131 Silivri; marka kent Silivri. Bundan hareketle inatla hayvanc\u0131l\u0131\u011fa, organik tar\u0131ma \u00f6nem verece\u011fiz. Silivri\u2019nin s\u00fctleri ile y\u00f6resel tatlar yapmaya devam edece\u011fiz. Israrla organik tar\u0131m\u0131 iyi tar\u0131m\u0131 destekleyece\u011fiz, ayn\u0131 zamanda insanlar\u0131n hava alabilecekleri, ka\u00e7\u0131\u015f noktas\u0131 g\u00f6recekleri, stresten uzakla\u015f\u0131p organik \u00fcr\u00fcn al\u0131\u015fveri\u015fini Silivri\u2019de yap\u0131p \u015fehirlerine d\u00f6necekleri bir tatil b\u00f6lgesi haline getirece\u011fiz. Biz anneannelerimiz, annelerimizin mayalad\u0131klar\u0131 yo\u011furdun tad\u0131n\u0131 hi\u00e7 unutmad\u0131k. Benim evimde de hala e\u015fim yo\u011furt mayalar, raftan yo\u011furt al\u0131nmaz. Silivri yo\u011furdunun tekrar eski g\u00fcnlere d\u00f6nece\u011finden hareketle yo\u011furt mayalayan t\u00fcm yar\u0131\u015fmac\u0131lara ba\u015far\u0131lar diliyorum\u201d dedi.<\/p>\n","protected":false},"excerpt":{"rendered":"<p>58\u2019\u0130NC\u0130 S\u0130L\u0130VR\u0130 YO\u011eURT FEST\u0130VAL\u0130\u2019N\u0130N 3\u2019\u00dcNC\u00dc G\u00dcN\u00dcNDE D\u00dcZENLENEN GELENEKSEL YO\u011eURT MAYALAMA YARI\u015eMASI RENKL\u0130 G\u00d6R\u00dcNT\u00dcLERE SAHNE OLDU. EN LEZZETL\u0130 YO\u011eURDU MAYALAYAN \u015eAZ\u0130MENT \u00c7EL\u0130K B\u0130N 500 TL&#8217;L\u0130K HED\u0130YE \u00c7EK\u0130N\u0130N SAH\u0130B\u0130 OLDU.<\/p>\n","protected":false},"author":1,"featured_media":187383,"comment_status":"closed","ping_status":"open","sticky":false,"template":"","format":"standard","meta":{"jetpack_post_was_ever_published":false,"_jetpack_newsletter_access":"","_jetpack_dont_email_post_to_subs":false,"_jetpack_newsletter_tier_id":0,"_jetpack_memberships_contains_paywalled_content":false,"_jetpack_memberships_contains_paid_content":false,"footnotes":"","jetpack_publicize_message":"","jetpack_publicize_feature_enabled":true,"jetpack_social_post_already_shared":true,"jetpack_social_options":{"image_generator_settings":{"template":"highway","default_image_id":0,"font":"","enabled":false},"version":2}},"categories":[1],"tags":[3400,1574,77,4128,5135,27325,26321],"class_list":["post-187382","post","type-post","status-publish","format-standard","has-post-thumbnail","hentry","category-genel","tag-festivali","tag-goruntulere","tag-oldu","tag-renkli","tag-sahne","tag-silivri","tag-yogurt"],"jetpack_publicize_connections":[],"jetpack_featured_media_url":"https:\/\/i0.wp.com\/www.tvturk.com\/wp-content\/uploads\/2019\/07\/silivri-yogurt-festivali-renkli-goruntulere-sahne-oldu_0380ca3.jpg?fit=1000%2C562","jetpack_sharing_enabled":true,"jetpack_shortlink":"https:\/\/wp.me\/paKIfm-MKi","_links":{"self":[{"href":"http:\/\/www.tvturk.com\/index.php\/wp-json\/wp\/v2\/posts\/187382","targetHints":{"allow":["GET"]}}],"collection":[{"href":"http:\/\/www.tvturk.com\/index.php\/wp-json\/wp\/v2\/posts"}],"about":[{"href":"http:\/\/www.tvturk.com\/index.php\/wp-json\/wp\/v2\/types\/post"}],"author":[{"embeddable":true,"href":"http:\/\/www.tvturk.com\/index.php\/wp-json\/wp\/v2\/users\/1"}],"replies":[{"embeddable":true,"href":"http:\/\/www.tvturk.com\/index.php\/wp-json\/wp\/v2\/comments?post=187382"}],"version-history":[{"count":0,"href":"http:\/\/www.tvturk.com\/index.php\/wp-json\/wp\/v2\/posts\/187382\/revisions"}],"wp:featuredmedia":[{"embeddable":true,"href":"http:\/\/www.tvturk.com\/index.php\/wp-json\/wp\/v2\/media\/187383"}],"wp:attachment":[{"href":"http:\/\/www.tvturk.com\/index.php\/wp-json\/wp\/v2\/media?parent=187382"}],"wp:term":[{"taxonomy":"category","embeddable":true,"href":"http:\/\/www.tvturk.com\/index.php\/wp-json\/wp\/v2\/categories?post=187382"},{"taxonomy":"post_tag","embeddable":true,"href":"http:\/\/www.tvturk.com\/index.php\/wp-json\/wp\/v2\/tags?post=187382"}],"curies":[{"name":"wp","href":"https:\/\/api.w.org\/{rel}","templated":true}]}}