{"id":187408,"date":"2019-07-28T18:01:28","date_gmt":"2019-07-28T15:01:28","guid":{"rendered":"http:\/\/www.tvturk.com\/index.php\/rus-muhalif-lider-hastaneye-kaldirildi\/"},"modified":"2019-07-28T18:01:28","modified_gmt":"2019-07-28T15:01:28","slug":"rus-muhalif-lider-hastaneye-kaldirildi","status":"publish","type":"post","link":"http:\/\/www.tvturk.com\/index.php\/rus-muhalif-lider-hastaneye-kaldirildi\/","title":{"rendered":"Rus muhalif lider hastaneye kald\u0131r\u0131ld\u0131"},"content":{"rendered":"<p>Rusya\u2019da ya\u015fanan protestolara liderlik eden ve tutuklanan Aleksey Navaln\u0131y, alerjik reaksiyon nedeniyle hastaneye kald\u0131r\u0131ld\u0131.<\/p>\n<p>Rusya\u2019da Eyl\u00fcl ay\u0131nda ger\u00e7ekle\u015fmesi planlanan yerel se\u00e7imler \u00f6ncesi baz\u0131 muhalif isimlerin belediye meclis \u00fcyeli\u011fi adayl\u0131klar\u0131 i\u00e7in yapt\u0131\u011f\u0131 ba\u015fvurular reddedilmi\u015fti. Bunun \u00fczerine muhalif protestocular soka\u011fa inmi\u015f ve Moskova\u2019da \u015fiddetli \u00e7at\u0131\u015fmalar ya\u015fanm\u0131\u015ft\u0131. Protestolara \u00f6nderlik eden muhalif lider Aleksey Navaln\u0131y, ge\u00e7ti\u011fimiz g\u00fcnlerde ger\u00e7ekle\u015fen protestolar s\u0131ras\u0131nda g\u00f6zalt\u0131na al\u0131nm\u0131\u015f ve 1 ay s\u00fcreyle tutuklanm\u0131\u015ft\u0131.<\/p>\n<p>Moskova\u2019da d\u00fcn devam eden protesto g\u00f6sterilerinde bin 500\u2019\u00fcn \u00fczerinde protestocu g\u00f6zalt\u0131na al\u0131n\u0131rken, tutuklu bulunan Aleksey Navaln\u0131y\u2019den k\u00f6t\u00fc haber geldi. Tutuklulu\u011fu devam eden muhalif liderin alerjik reaksiyon nedeniyle a\u011f\u0131r hasta oldu\u011fu ve hastaneye kald\u0131r\u0131ld\u0131\u011f\u0131 \u00f6\u011frenildi. Hastaneye kald\u0131r\u0131lan muhalif liderin yo\u011fun bak\u0131m \u00fcnitesinde tedavisi s\u00fcrerken Moskova\u2019da g\u00f6stericiler ile muhalifler aras\u0131nda \u00e7at\u0131\u015fmalar aral\u0131klarla devam ediyor.<\/p>\n","protected":false},"excerpt":{"rendered":"<p>RUSYA\u2019DA YA\u015eANAN PROTESTOLARA L\u0130DERL\u0130K EDEN VE TUTUKLANAN ALEKSEY NAVALNIY, ALERJ\u0130K REAKS\u0130YON NEDEN\u0130YLE HASTANEYE KALDIRILDI.<\/p>\n","protected":false},"author":1,"featured_media":187409,"comment_status":"closed","ping_status":"open","sticky":false,"template":"","format":"standard","meta":{"jetpack_post_was_ever_published":false,"_jetpack_newsletter_access":"","_jetpack_dont_email_post_to_subs":false,"_jetpack_newsletter_tier_id":0,"_jetpack_memberships_contains_paywalled_content":false,"_jetpack_memberships_contains_paid_content":false,"footnotes":"","jetpack_publicize_message":"","jetpack_publicize_feature_enabled":true,"jetpack_social_post_already_shared":true,"jetpack_social_options":{"image_generator_settings":{"template":"highway","default_image_id":0,"font":"","enabled":false},"version":2}},"categories":[10],"tags":[2937,2097,6278,3312,17962],"class_list":["post-187408","post","type-post","status-publish","format-standard","has-post-thumbnail","hentry","category-dunya","tag-rus","tag-hastaneye","tag-kaldirildi","tag-lider","tag-muhalif"],"jetpack_publicize_connections":[],"jetpack_featured_media_url":"https:\/\/i0.wp.com\/www.tvturk.com\/wp-content\/uploads\/2019\/07\/rus-muhalif-lider-hastaneye-kaldirildi_ca501ee.jpg?fit=1000%2C642","jetpack_sharing_enabled":true,"jetpack_shortlink":"https:\/\/wp.me\/paKIfm-MKI","_links":{"self":[{"href":"http:\/\/www.tvturk.com\/index.php\/wp-json\/wp\/v2\/posts\/187408","targetHints":{"allow":["GET"]}}],"collection":[{"href":"http:\/\/www.tvturk.com\/index.php\/wp-json\/wp\/v2\/posts"}],"about":[{"href":"http:\/\/www.tvturk.com\/index.php\/wp-json\/wp\/v2\/types\/post"}],"author":[{"embeddable":true,"href":"http:\/\/www.tvturk.com\/index.php\/wp-json\/wp\/v2\/users\/1"}],"replies":[{"embeddable":true,"href":"http:\/\/www.tvturk.com\/index.php\/wp-json\/wp\/v2\/comments?post=187408"}],"version-history":[{"count":0,"href":"http:\/\/www.tvturk.com\/index.php\/wp-json\/wp\/v2\/posts\/187408\/revisions"}],"wp:featuredmedia":[{"embeddable":true,"href":"http:\/\/www.tvturk.com\/index.php\/wp-json\/wp\/v2\/media\/187409"}],"wp:attachment":[{"href":"http:\/\/www.tvturk.com\/index.php\/wp-json\/wp\/v2\/media?parent=187408"}],"wp:term":[{"taxonomy":"category","embeddable":true,"href":"http:\/\/www.tvturk.com\/index.php\/wp-json\/wp\/v2\/categories?post=187408"},{"taxonomy":"post_tag","embeddable":true,"href":"http:\/\/www.tvturk.com\/index.php\/wp-json\/wp\/v2\/tags?post=187408"}],"curies":[{"name":"wp","href":"https:\/\/api.w.org\/{rel}","templated":true}]}}