{"id":187412,"date":"2019-07-28T18:31:28","date_gmt":"2019-07-28T15:31:28","guid":{"rendered":"http:\/\/www.tvturk.com\/index.php\/kabilde-bilanco-artiyor-2-olu-25-yarali\/"},"modified":"2019-07-28T18:31:28","modified_gmt":"2019-07-28T15:31:28","slug":"kabilde-bilanco-artiyor-2-olu-25-yarali","status":"publish","type":"post","link":"http:\/\/www.tvturk.com\/index.php\/kabilde-bilanco-artiyor-2-olu-25-yarali\/","title":{"rendered":"Kabil\u2019de bilan\u00e7o art\u0131yor: 2 \u00f6l\u00fc, 25 yaral\u0131"},"content":{"rendered":"<p>Afganistan\u2019\u0131n ba\u015fkenti Kabil\u2019de Cumhurba\u015fkan\u0131n\u0131n yak\u0131n arkada\u015f\u0131 Emrullah Salih\u2019e y\u00f6nelik d\u00fczenlenen bombal\u0131 sald\u0131r\u0131da \u00f6l\u00fc say\u0131s\u0131 2\u2019ye, yaral\u0131 say\u0131s\u0131 ise 25\u2019e y\u00fckseldi.<\/p>\n<p>Afganistan \u0130\u00e7i\u015fleri Bakanl\u0131\u011f\u0131 S\u00f6zc\u00fcs\u00fc Nasrat Rahimi, ba\u015fkent Kabil\u2019de Cumhurba\u015fkan\u0131 Yard\u0131mc\u0131s\u0131 aday\u0131 Emrullah Salih\u2019e d\u00fczenlenen bombal\u0131 sald\u0131r\u0131da zayiat\u0131n y\u00fckseldi\u011fini a\u00e7\u0131klad\u0131. S\u00f6zc\u00fc Rahimi, sald\u0131r\u0131da \u00f6nce bomba y\u00fckl\u00fc arac\u0131n patlat\u0131ld\u0131\u011f\u0131n\u0131 ard\u0131ndan da etrafa ate\u015f a\u00e7t\u0131\u011f\u0131n\u0131 kaydetti. Rahimi, sald\u0131rganlar\u0131n sonras\u0131nda \u2019Ye\u015fil Ak\u0131m\u0131 Partisi\u2019nin b\u00fcrosuna girdi\u011fini de ifade etti. S\u00f6zc\u00fc Rahimi, b\u00fcroya d\u00fczenlenen sald\u0131r\u0131da Cumhurba\u015fkan\u0131 Yard\u0131mc\u0131s\u0131 aday\u0131 Salih\u2019in \u015farapnel par\u00e7as\u0131yla yaraland\u0131\u011f\u0131n\u0131 duyurdu. Rahimi sald\u0131r\u0131da \u00f6l\u00fc say\u0131s\u0131n\u0131n 2\u2019ye, yaral\u0131 say\u0131s\u0131n\u0131n ise 25\u2019e y\u00fckseldi\u011fini kaydetti.<\/p>\n<p>Sald\u0131r\u0131dan sonra a\u00e7\u0131klama yapan Afganistan Cumhurba\u015fkan\u0131 E\u015fref Gani, \u201cKarde\u015fim, Afganistan halk\u0131n\u0131n ger\u00e7ek evlad\u0131 ve se\u00e7im ekibimdeki ilk yard\u0131mc\u0131 aday\u0131m, Emrullah Salih, vatan hainlerinin tesise d\u00fczenledi\u011fi sald\u0131r\u0131dan sa\u011f salim kurtuldu. Sald\u0131r\u0131n\u0131n ba\u015far\u0131s\u0131z olmas\u0131 nedeniyle rahatlad\u0131k ve her \u015feye g\u00fcc\u00fc yetene \u015f\u00fckrettik\u201d a\u00e7\u0131klamas\u0131nda bulundu.<\/p>\n<p>Sald\u0131r\u0131y\u0131 hen\u00fcz \u00fcstlenen olmad\u0131.<\/p>\n","protected":false},"excerpt":{"rendered":"<p>B\u0130R AFGAN KADIN, KUCA\u011eINDAK\u0130 \u00c7OCU\u011eUYLA B\u0130RL\u0130KTE SALDIRININ D\u00dcZENLEND\u0130\u011e\u0130 B\u00d6LGEDEN KA\u00c7IYOR<\/p>\n","protected":false},"author":1,"featured_media":187413,"comment_status":"closed","ping_status":"open","sticky":false,"template":"","format":"standard","meta":{"jetpack_post_was_ever_published":false,"_jetpack_newsletter_access":"","_jetpack_dont_email_post_to_subs":false,"_jetpack_newsletter_tier_id":0,"_jetpack_memberships_contains_paywalled_content":false,"_jetpack_memberships_contains_paid_content":false,"footnotes":"","jetpack_publicize_message":"","jetpack_publicize_feature_enabled":true,"jetpack_social_post_already_shared":true,"jetpack_social_options":{"image_generator_settings":{"template":"highway","default_image_id":0,"font":"","enabled":false},"version":2}},"categories":[10],"tags":[4552,13275,35307,1664,774],"class_list":["post-187412","post","type-post","status-publish","format-standard","has-post-thumbnail","hentry","category-dunya","tag-artiyor","tag-bilanco","tag-kabilde","tag-olu","tag-yarali"],"jetpack_publicize_connections":[],"jetpack_featured_media_url":"https:\/\/i0.wp.com\/www.tvturk.com\/wp-content\/uploads\/2019\/07\/kabilde-bilanco-artiyor-2-olu-25-yarali_42f1644.jpg?fit=1000%2C574","jetpack_sharing_enabled":true,"jetpack_shortlink":"https:\/\/wp.me\/paKIfm-MKM","_links":{"self":[{"href":"http:\/\/www.tvturk.com\/index.php\/wp-json\/wp\/v2\/posts\/187412","targetHints":{"allow":["GET"]}}],"collection":[{"href":"http:\/\/www.tvturk.com\/index.php\/wp-json\/wp\/v2\/posts"}],"about":[{"href":"http:\/\/www.tvturk.com\/index.php\/wp-json\/wp\/v2\/types\/post"}],"author":[{"embeddable":true,"href":"http:\/\/www.tvturk.com\/index.php\/wp-json\/wp\/v2\/users\/1"}],"replies":[{"embeddable":true,"href":"http:\/\/www.tvturk.com\/index.php\/wp-json\/wp\/v2\/comments?post=187412"}],"version-history":[{"count":0,"href":"http:\/\/www.tvturk.com\/index.php\/wp-json\/wp\/v2\/posts\/187412\/revisions"}],"wp:featuredmedia":[{"embeddable":true,"href":"http:\/\/www.tvturk.com\/index.php\/wp-json\/wp\/v2\/media\/187413"}],"wp:attachment":[{"href":"http:\/\/www.tvturk.com\/index.php\/wp-json\/wp\/v2\/media?parent=187412"}],"wp:term":[{"taxonomy":"category","embeddable":true,"href":"http:\/\/www.tvturk.com\/index.php\/wp-json\/wp\/v2\/categories?post=187412"},{"taxonomy":"post_tag","embeddable":true,"href":"http:\/\/www.tvturk.com\/index.php\/wp-json\/wp\/v2\/tags?post=187412"}],"curies":[{"name":"wp","href":"https:\/\/api.w.org\/{rel}","templated":true}]}}