{"id":187432,"date":"2019-07-28T21:16:14","date_gmt":"2019-07-28T18:16:14","guid":{"rendered":"http:\/\/www.tvturk.com\/index.php\/kktc-disisleri-bakanindan-dunyaya-cagri-dogalgaz-konusunda-rumlari-masaya-oturtun\/"},"modified":"2019-07-28T21:16:14","modified_gmt":"2019-07-28T18:16:14","slug":"kktc-disisleri-bakanindan-dunyaya-cagri-dogalgaz-konusunda-rumlari-masaya-oturtun","status":"publish","type":"post","link":"http:\/\/www.tvturk.com\/index.php\/kktc-disisleri-bakanindan-dunyaya-cagri-dogalgaz-konusunda-rumlari-masaya-oturtun\/","title":{"rendered":"KKTC D\u0131\u015fi\u015fleri Bakan\u0131\u2019ndan d\u00fcnyaya \u00e7a\u011fr\u0131: \u201cDo\u011falgaz konusunda Rumlar\u0131 masaya oturtun\u201d"},"content":{"rendered":"<p>KKTC Ba\u015fbakan Yard\u0131mc\u0131s\u0131 ve D\u0131\u015fi\u015fleri Bakan\u0131 Kudret \u00d6zersay, \u201cUluslararas\u0131 akt\u00f6rler ger\u00e7ekten yard\u0131mc\u0131 olmak istiyorlarsa do\u011falgaz konusunda inisiyatif als\u0131nlar ve K\u0131br\u0131s Rum liderli\u011fini do\u011falgaz konusunda masaya oturtsunlar\u201d dedi.<\/p>\n<p>KKTC Ba\u015fbakan Yard\u0131mc\u0131s\u0131 ve D\u0131\u015fi\u015fleri Bakan\u0131 Kudret \u00d6zersay, adan\u0131n etraf\u0131nda bulunan ve aranan do\u011falgaz yataklar\u0131yla ilgili ya\u015fanan krizlerle ilgili bas\u0131n mensuplar\u0131na bir dizi a\u00e7\u0131klamalarda bulundu. \u00d6zersay, do\u011falgaz konusunun 50 y\u0131ld\u0131r s\u00fcren sonu\u00e7 ama vermeyen m\u00fczakerelerden \u00e7ok daha \u00f6nemli oldu\u011funu vurgulayarak, \u201cUluslararas\u0131 akt\u00f6rler ger\u00e7ekten yard\u0131mc\u0131 olmak istiyorlarsa do\u011falgaz konusunda inisiyatif als\u0131nlar ve K\u0131br\u0131s Rum liderli\u011fini do\u011falgaz konusunda masaya oturtsunlar. Federal \u00e7\u00f6z\u00fcm k\u0131s\u0131r d\u00f6ng\u00fcs\u00fc i\u00e7in taraflar\u0131 masaya getirme \u00e7abas\u0131 ortaya koyanlar, federal \u00e7\u00f6z\u00fcm\u00fcn olamayaca\u011f\u0131n\u0131 g\u00f6rd\u00fckleri halde bunda \u0131srar ediyorlarsa \u00e7\u00f6z\u00fcm\u00fc de\u011fil stat\u00fckonun devam\u0131n\u0131 istiyorlar demektir\u201d dedi.<\/p>\n<p>\u00d6zersay, sorunun sadece do\u011falgaz de\u011fil K\u0131br\u0131s T\u00fcrk\u00fcn\u00fcn hakk\u0131n\u0131 g\u00fcvence alt\u0131na alacak mekanizmalar\u0131n olu\u015fturulmas\u0131 gerekti\u011fini s\u00f6yleyerek, \u201cMesele sadece do\u011falgaz\u0131 konu\u015fma meselesi de\u011fildir, bizim i\u00e7in \u00f6nemli olan \u015fey K\u0131br\u0131s T\u00fcrk Halk\u0131n\u0131n bu kaynaklara dair haklar\u0131n\u0131 g\u00fcvence alt\u0131na alacak bir mekanizma yaratmakt\u0131r. Bu da K\u0131br\u0131s T\u00fcrk Halk\u0131n\u0131n iradesini de bu s\u00fcre\u00e7lere d\u00e2hil etmekle m\u00fcmk\u00fcnd\u00fcr. Arad\u0131\u011f\u0131m\u0131z \u015fey bu konuyu sadece konu\u015facak etkisiz ve yetkisiz bir komite kurulmas\u0131 de\u011fildir\u201d ifadelerini kulland\u0131.<\/p>\n<p>\u201cBMGK ger\u00e7ekle y\u00fczle\u015fme cesareti g\u00f6stermiyor\u201d<\/p>\n<p>BM G\u00fcvenlik Konseyi\u2019nin son karar\u0131na da de\u011finen \u00d6zersay, \u201cMaalesef BM G\u00fcvenlik Konseyi, \u00f6rg\u00fct\u00fcn Genel Sekreteri taraf\u0131ndan yaz\u0131lan raporda yer alanlar\u0131 dahi suland\u0131rmaya \u00e7al\u0131\u015f\u0131yor ve ger\u00e7ekle\u015fme y\u00fczle\u015fme cesareti g\u00f6steremiyor. Oysa Genel Sekreter\u2019in raporunda a\u00e7\u0131k\u00e7a bu ve benzeri konularda t\u00fcm ilgili taraflar\u0131n tan\u0131ma\/tan\u0131mama meselesine tak\u0131lmadan, bunu sorun haline getirmeden i\u015fbirli\u011fi yapabilecek mekanizmalar geli\u015ftirebileceklerini a\u00e7\u0131k\u00e7a vurguluyor\u201d dedi.<\/p>\n<p>Genel Sekreter Antonio Guterres\u2019in raporunun dahi g\u00f6rmezden gelindi\u011fini s\u00f6yleyen \u00d6zersay, \u201cG\u00fcvenlik Konseyi karar\u0131na sokmamak i\u00e7in ellerinden geleni yapt\u0131lar. Ne oldu? Bunu suland\u0131rd\u0131klar\u0131 zaman ger\u00e7ek de\u011fi\u015fti mi? Burada K\u0131br\u0131s adas\u0131n\u0131n kuzeyinde K\u0131br\u0131sl\u0131 T\u00fcrklerin de bir devleti oldu\u011fu ger\u00e7e\u011fi de\u011fi\u015fti mi, ortadan kalkt\u0131 m\u0131? Bu konularda sonu\u00e7 alabilmek i\u00e7in bizimle de i\u015fbirli\u011fi yapmak zorunda olduklar\u0131 ger\u00e7e\u011fini de\u011fi\u015ftirebildiler mi? Hay\u0131r. O zaman biraz cesaret g\u00f6stersinler diyorum. Daha adil bir durum yaratamad\u0131\u011f\u0131m\u0131z s\u00fcrece bu co\u011frafyada istikrar\u0131 elde etmek ne m\u00fcmk\u00fcn?\u201d ifadelerini kulland\u0131.<\/p>\n<p>\u201cTaraflar bir araya gelmeli\u201d<\/p>\n<p>K\u0131br\u0131s T\u00fcrklerinin t\u00fcm sorunlar\u0131n \u00e7\u00f6z\u00fclmesi i\u00e7in istekli oldu\u011funun alt\u0131n\u0131 \u00e7izen \u00d6zersay, \u201cBiz K\u0131br\u0131s Rum taraf\u0131yla \u00e7\u00f6z\u00fcm olmadan da do\u011falgaz konusunda diyalog kurmaya ve i\u015fbirli\u011fi yapmaya haz\u0131r oldu\u011fumuzu s\u00f6yl\u00fcyoruz. K\u0131br\u0131s Rum taraf\u0131 ise T\u00fcrkiye ile do\u011falgaz konusunda diyalog ve i\u015fbirli\u011fi yapmak istedi\u011fini s\u00f6yl\u00fcyor. Madem ki ilgili taraflar do\u011falgaz konusunda \u00e7\u00f6z\u00fcm olmadan da diyalog ve i\u015fbirli\u011fine haz\u0131rd\u0131r, o zaman geriye kalan tek unsur bunun i\u00e7in bir platform yaratmak ve taraflar\u0131 bir araya getirmektir, bu konuda konu\u015fmalar\u0131n\u0131 sa\u011flamakt\u0131r. Ancak bu sadece T\u00fcrkiye ve K\u0131br\u0131s Rum taraf\u0131 aras\u0131nda olamaz, bu b\u00f6lgedeki kaynaklar\u0131n ortaklar\u0131ndan birisi olarak biz de K\u0131br\u0131s T\u00fcrk Halk\u0131 olarak o masada olmal\u0131y\u0131z, aksi d\u00fc\u015f\u00fcn\u00fclemez\u201d diye konu\u015ftu.<\/p>\n<p>Ba\u015fbakan Yard\u0131mc\u0131s\u0131 ve D\u0131\u015fi\u015fleri Bakan\u0131 \u00d6zersay, \u201cTarafs\u0131z olabilecek, dengeli, olabilecek bir \u00fclke yahut bir uluslararas\u0131 \u00f6rg\u00fct bu konuda inisiyatif alabilir. Bu, K\u0131br\u0131s Rum taraf\u0131nda payla\u015fma konusundaki isteksizlik devam ederken s\u00fcrekli olarak denen ve her defas\u0131nda ba\u015far\u0131s\u0131zl\u0131kla sonu\u00e7lanan federal ortakl\u0131k m\u00fczakerelerinden \u00e7ok daha \u00f6nemli, \u00e7ok daha gerekli ve acildir\u201d ifadelerini kulland\u0131.<\/p>\n<p>\u201cMara\u015f ad\u0131m\u0131m\u0131z\u0131 engellemeye \u00e7al\u0131\u015fanlar sadece \u00fclke menfaatine zarar vermi\u015f olur\u201d<\/p>\n<p>Kapal\u0131 Mara\u015f konusunda h\u00fck\u00fcmet d\u00fczeyinde Bakanlar Kurulu\u2019nun ald\u0131\u011f\u0131 karar\u0131n bir envanter \u00e7al\u0131\u015fmas\u0131 yapma karar\u0131 oldu\u011funu belirten \u00d6zersay, bu \u00e7al\u0131\u015fman\u0131n sonucuna dayal\u0131 olarak bir ad\u0131m atacaklar\u0131n\u0131 s\u00f6yledi ve \u015f\u00f6yle devam etti:<\/p>\n<p>\u201cGerek Vak\u0131flar \u0130daresi\u2019nin gerekse kapal\u0131 Mara\u015f\u2019\u0131n eski sakinlerinin m\u00fclkiyete dayal\u0131 haklar\u0131na halel getirmeksizin bu \u00e7al\u0131\u015fmalar\u0131 y\u00fcr\u00fctmek temel prensibimizdir\u201d a\u00e7\u0131klamas\u0131n\u0131 yapan \u00d6zersay, \u201cBu b\u00f6lgenin askeri bir b\u00f6lge olmaktan \u00e7\u0131kar\u0131l\u0131p sivil bir b\u00f6lgeye d\u00f6n\u00fc\u015ft\u00fcr\u00fclmesidir istenen. Bunun ne zaman ve ne \u015fekilde yap\u0131laca\u011f\u0131 envanter \u00e7al\u0131\u015fmas\u0131n\u0131n sonucuyla do\u011frudan ili\u015fkilidir. Ta\u015f\u0131nmaz mallar\u0131n, yap\u0131lar\u0131n kendi i\u00e7inde tasnif edilmesiyle ilgilidir. Genel olarak b\u00f6lgenin bir foto\u011fraf\u0131n\u0131 \u00e7\u0131karabilmemiz laz\u0131m. 1980\u2019de yap\u0131lan, el yaz\u0131s\u0131yla yaz\u0131lan bir envanter i\u015fimizi g\u00f6rmez. Bizim ilgilendi\u011fimiz bug\u00fcnd\u00fcr. Bug\u00fcn bir d\u00f6k\u00fcm \u00e7\u0131kar\u0131p bug\u00fcnk\u00fc durumuna bakmak laz\u0131m.\u201d<\/p>\n<p>Mimar-M\u00fchendis Odalar\u0131, Ta\u015f\u0131nmaz Mal Komisyonu, Vak\u0131flar \u0130daresi, Ma\u011fusa Belediyesi Eski Eserler ve M\u00fczeler Dairesi\u2019nden temsilcilerin oldu\u011fu bir envanter komisyonu kuruldu\u011funu an\u0131msatan \u00d6zersay, komisyonun, en \u00fcst d\u00fczeyde yasak olan askeri bir b\u00f6lge i\u00e7inde bir \u00e7al\u0131\u015fma yapmaya ba\u015flad\u0131\u011f\u0131n\u0131 s\u00f6zlerine ekledi. \u0130\u00e7inde, Salamis\u2019ten, Engomi\u2019den ve ba\u015fka yerlerden \u00e7\u0131km\u0131\u015f \u00e7ok say\u0131da eserin bulundu\u011fu bir m\u00fczenin varl\u0131\u011f\u0131ndan da bahseden \u00d6zersay, eserlerin orada ya da d\u0131\u015far\u0131da bir yerde olabildi\u011fince erken bir zamanda sergilenmesinin \u00f6nemli ve olumlu bir ad\u0131m olabilece\u011fini belirtti. \u201cBu eserler sadece K\u0131br\u0131s\u2019\u0131n de\u011fil d\u00fcnyan\u0131n k\u00fclt\u00fcr miras\u0131n\u0131n bir par\u00e7as\u0131d\u0131r\u201d ifadesini kullanan Ba\u015fbakan Yard\u0131mc\u0131s\u0131, Mara\u015f konusunda ciddi olduklar\u0131n\u0131 ve zamana yayma d\u00fc\u015f\u00fcncelerinin olmad\u0131\u011f\u0131n\u0131 s\u00f6yledi.<\/p>\n<p>\u201cKapal\u0131 Mara\u015f ad\u0131m\u0131n\u0131n engellenmesi \u00fclke menfaatine zararl\u0131d\u0131r\u201d<\/p>\n<p>Baz\u0131 kesimlerin ve K\u0131br\u0131s Rum liderli\u011finin KKTC H\u00fck\u00fcmeti taraf\u0131ndan kapal\u0131 Mara\u015f konusunda at\u0131lan ad\u0131mla ilgili olarak rahats\u0131zl\u0131k duydu\u011funu g\u00f6zlemledi\u011fini de belirten \u00d6zersay, \u201cKapsaml\u0131 \u00e7\u00f6z\u00fcm\u00fc beklemeden, K\u0131br\u0131s Rum siyasi liderli\u011finin g\u00fcven yarat\u0131c\u0131 \u00f6nlem diyerek bizi oyalamas\u0131na kanmadan kendi inisiyatifimizle kapal\u0131 Mara\u015f\u2019a dair ad\u0131m at\u0131yor olu\u015fumuz, baz\u0131 kesimleri rahats\u0131z ediyor. Bu s\u00fcreci engellemeye veya suland\u0131rmaya \u00e7al\u0131\u015fanlar\u0131n, K\u0131br\u0131s Rum taraf\u0131n\u0131n yapmak istedi\u011fine yani burada stat\u00fckoyu devam ettirmek isteyenlere yard\u0131mc\u0131 olmu\u015f olaca\u011f\u0131n\u0131 a\u00e7\u0131k y\u00fcreklilikle s\u00f6yl\u00fcyorum. Kapal\u0131 Mara\u015f ad\u0131m\u0131m\u0131z\u0131 engellemeye \u00e7al\u0131\u015fanlar ya da K\u0131br\u0131s Rum liderli\u011fini bu s\u00fcrecin i\u00e7erisine dahil etmeye \u00e7al\u0131\u015fanlar yaln\u0131zca \u00fclkenin menfaatine zarar vermi\u015f olurlar\u201d dedi.<\/p>\n<p>\u201c\u00dclkemizdeki bir devlet okulunun y\u00f6netimi bir ba\u015fka \u00fclkeye devredilemez\u201d<\/p>\n<p>Kudret \u00d6zersay, Milli E\u011fitim ve K\u00fclt\u00fcr Bakanl\u0131\u011f\u0131 ile T\u00fcrkiye Cumhuriyeti Milli E\u011fitim Bakanl\u0131\u011f\u0131 aras\u0131nda e\u011fitim kalitesinin y\u00fckseltilmesine y\u00f6nelik imzalanan mutabakat zapt\u0131n\u0131n, \u00f6nemsiz bir \u015fey olmad\u0131\u011f\u0131n\u0131 ama oldu\u011fundan daha farkl\u0131 sunulup siyasi istismar yap\u0131lmamas\u0131 gerekti\u011fini s\u00f6yledi. \u00d6zersay, \u0130lahiyat kolejiyle ilgili sadece bug\u00fcn\u00fc ele alarak de\u011ferlendirme yapman\u0131n sa\u011fl\u0131kl\u0131 olmayaca\u011f\u0131n\u0131 belirterek, \u201cE\u011fitimin birli\u011fi ve b\u00fct\u00fcnl\u00fc\u011f\u00fc a\u00e7\u0131s\u0131ndan, baz\u0131 vatanda\u015flar\u0131n \u00e7ocuklar\u0131n\u0131n Kur\u2019an veya Arap\u00e7a \u00f6\u011frenme y\u00f6n\u00fcndeki taleplerini ba\u015ftan daha farkl\u0131 \u00e7\u00f6zebilmeliydik. Bunun i\u00e7in yeni bir okul yaratmaya gerek olmaks\u0131z\u0131n se\u00e7meli ders uygulamas\u0131n\u0131 kullanabilir, gelen bu talebi laik e\u011fitim sistemimiz i\u00e7inde kar\u015f\u0131layabilirdik. Ama y\u0131llar \u00f6nce bu do\u011fru kurgulanmad\u0131 ve asl\u0131nda bence hata yap\u0131ld\u0131\u201d ifadelerini kulland\u0131.<\/p>\n<p>Tevhid-i tedrisat konusunda halihaz\u0131rda s\u0131k\u0131nt\u0131 ya\u015fand\u0131\u011f\u0131na dikkat \u00e7eken \u00d6zersay, \u201cBiz zaten devlet okullar\u0131 aras\u0131nda kolejler ve normal liseler ayr\u0131m\u0131n\u0131n bile s\u0131k\u0131nt\u0131s\u0131n\u0131 ya\u015farken bir de e\u011fitimdeki birli\u011fin, yeknesakl\u0131\u011f\u0131n hilaf\u0131na ilahiyat koleji tarz\u0131 bir okul yarat\u0131ld\u0131. Burada UBP de CTP de kendi hatalar\u0131n\u0131 sorgulamal\u0131 ve bununla y\u00fczle\u015fmelidir. Yoksa ge\u00e7mi\u015fte yap\u0131lan bu hatan\u0131n faturas\u0131n\u0131 bize \u00e7\u0131karmaya kimse kalkmas\u0131n. Bu saatten sonra toplumda b\u00f6l\u00fcnmeye, ayr\u0131\u015fmaya, farkl\u0131 muameleye neden olacak s\u00f6ylemlerden ve uygulamalardan ka\u00e7\u0131nmakt\u0131r \u00f6nemli olan. Bu saatten sonra bu s\u0131k\u0131nt\u0131y\u0131 nas\u0131l a\u015faca\u011f\u0131m\u0131z\u0131 d\u00fc\u015f\u00fcnmemiz gerekir\u201d ifadelerini kulland\u0131.<\/p>\n<p>\u00d6zersay, a\u00e7\u0131klamas\u0131na \u015f\u00f6yle devam etti:<\/p>\n<p>\u201cBaz\u0131 vatanda\u015flar\u0131m\u0131z\u0131n \u00e7ocu\u011funa Arap\u00e7a, Fars\u00e7a, Kur\u2019an \u00f6\u011frenmesi y\u00f6n\u00fcnde bir iste\u011fi oldu\u011funda Milli E\u011fitim Bakanl\u0131\u011f\u0131\u2019n\u0131n t\u00fcm okullar\u0131nda se\u00e7meli dersler sa\u011flayabilirdik. Sadece bu maksatla bir okul kurulup, T\u00fcrkiye\u2019de de olmayan bir \u2018ilahiyat koleji\u2019 kavram\u0131 geli\u015ftirmek, en ba\u015ftan do\u011fru kurgulanm\u0131\u015f bir yap\u0131 de\u011fildir. Ge\u00e7mi\u015fte de okulun kapat\u0131lmas\u0131 y\u00f6n\u00fcnde bir ifadem olmad\u0131 ancak T\u00fcrkiye Cumhuriyeti yetkililerine bu \u00fclkenin dokusunun, yap\u0131s\u0131n\u0131n, hassasiyetlerin, d\u00fcnya g\u00f6r\u00fc\u015f\u00fc ve dine bak\u0131\u015f\u0131n\u0131n daha farkl\u0131 oldu\u011funu anlatabilmemiz gerekti\u011fini savundum. Bu d\u00f6nemde de ayn\u0131 d\u00fc\u015f\u00fcnceyi savunmaya devam ettim. Hem d\u00f6rtl\u00fc koalisyon d\u00f6neminde hem bu h\u00fck\u00fcmette kar\u015f\u0131m\u0131za \u00e7\u0131kan \u2018Bu nitelikte okul kural\u0131m\u2019 talebini do\u011fru bulmad\u0131k mesela. Mevcut okul y\u00f6netiminin T\u00fcrkiye Cumhuriyeti Milli E\u011fitim Bakanl\u0131\u011f\u0131\u2019na ba\u011flanmas\u0131 talebini de do\u011fru bulmad\u0131k ve olumlu yakla\u015fmad\u0131k, bunu kabul etmedik.<\/p>\n<p>Ge\u00e7mi\u015fte yapt\u0131\u011f\u0131m a\u00e7\u0131klamada \u2018bunu dostumuz, m\u00fcttefikimiz T\u00fcrkiye Cumhuriyeti yetkililerine anlatmak gerekir\u2019 diyordum, son iki h\u00fck\u00fcmette de en \u00fcst d\u00fczeyde anlatma imk\u00e2n\u0131 buldum. KKTC Anayasas\u0131\u2019na g\u00f6re \u00fclkemizdeki bir okulun, KKTC d\u0131\u015f\u0131ndaki bir \u00fclkenin Milli E\u011fitim Bakanl\u0131\u011f\u0131\u2019na ba\u011flanmas\u0131 m\u00fcmk\u00fcn de\u011fildir.<\/p>\n<p>T\u00fcrkiye\u2019de az\u0131nl\u0131k okullar\u0131 var, yabanc\u0131lar\u0131n kurdu\u011fu okullar var, misyoner okullar var. Hepsinin ortak \u00f6zelli\u011fi, m\u00fcfredat\u0131n\u0131 T\u00fcrkiye Milli E\u011fitim Bakanl\u0131\u011f\u0131\u2019n\u0131n belirlemesi ve t\u00fcm\u00fcn\u00fcn bakanl\u0131\u011f\u0131n denetiminde olmas\u0131. Bizim \u00fclkemizdeki bir okulun denetimi, y\u00f6netimi neden T\u00fcrkiye Cumhuriyeti Milli E\u011fitim Bakanl\u0131\u011f\u0131\u2019nda olsun ki? Binden fazla \u00f6\u011frencisi olan ilahiyat koleji konusunu ayr\u0131\u015fmaya ve kavgaya neden olmadan \u00e7\u00f6zmek zorunday\u0131z. \u0130nsanlar\u0131 \u00f6tekile\u015ftirerek \u00e7\u00f6z\u00fclecek bir mevzu de\u011fil, \u00e7\u00fcnk\u00fc gen\u00e7lerden, \u00e7ocuklar\u0131m\u0131zdan, \u00f6\u011frencilerden bahsediyoruz.\u201d<\/p>\n","protected":false},"excerpt":{"rendered":"<p>KKTC BA\u015eBAKAN YARDIMCISI VE DI\u015e\u0130\u015eLER\u0130 BAKANI KUDRET \u00d6ZERSAY<\/p>\n","protected":false},"author":1,"featured_media":187433,"comment_status":"closed","ping_status":"open","sticky":false,"template":"","format":"standard","meta":{"jetpack_post_was_ever_published":false,"_jetpack_newsletter_access":"","_jetpack_dont_email_post_to_subs":false,"_jetpack_newsletter_tier_id":0,"_jetpack_memberships_contains_paywalled_content":false,"_jetpack_memberships_contains_paid_content":false,"footnotes":"","jetpack_publicize_message":"","jetpack_publicize_feature_enabled":true,"jetpack_social_post_already_shared":true,"jetpack_social_options":{"image_generator_settings":{"template":"highway","default_image_id":0,"font":"","enabled":false},"version":2}},"categories":[10],"tags":[812,1054,1498,4333,2124,9977,272,843,46637,46636],"class_list":["post-187432","post","type-post","status-publish","format-standard","has-post-thumbnail","hentry","category-dunya","tag-bakanindan","tag-cagri","tag-disisleri","tag-dogalgaz","tag-dunyaya","tag-kktc","tag-konusunda","tag-masaya","tag-oturtun","tag-rumlari"],"jetpack_publicize_connections":[],"jetpack_featured_media_url":"https:\/\/i0.wp.com\/www.tvturk.com\/wp-content\/uploads\/2019\/07\/kktc-disisleri-bakanindan-dunyaya-cagri-dogalgaz-konusunda-rumlari-masaya-oturtun_0f01490.jpg?fit=562%2C600","jetpack_sharing_enabled":true,"jetpack_shortlink":"https:\/\/wp.me\/paKIfm-ML6","_links":{"self":[{"href":"http:\/\/www.tvturk.com\/index.php\/wp-json\/wp\/v2\/posts\/187432","targetHints":{"allow":["GET"]}}],"collection":[{"href":"http:\/\/www.tvturk.com\/index.php\/wp-json\/wp\/v2\/posts"}],"about":[{"href":"http:\/\/www.tvturk.com\/index.php\/wp-json\/wp\/v2\/types\/post"}],"author":[{"embeddable":true,"href":"http:\/\/www.tvturk.com\/index.php\/wp-json\/wp\/v2\/users\/1"}],"replies":[{"embeddable":true,"href":"http:\/\/www.tvturk.com\/index.php\/wp-json\/wp\/v2\/comments?post=187432"}],"version-history":[{"count":0,"href":"http:\/\/www.tvturk.com\/index.php\/wp-json\/wp\/v2\/posts\/187432\/revisions"}],"wp:featuredmedia":[{"embeddable":true,"href":"http:\/\/www.tvturk.com\/index.php\/wp-json\/wp\/v2\/media\/187433"}],"wp:attachment":[{"href":"http:\/\/www.tvturk.com\/index.php\/wp-json\/wp\/v2\/media?parent=187432"}],"wp:term":[{"taxonomy":"category","embeddable":true,"href":"http:\/\/www.tvturk.com\/index.php\/wp-json\/wp\/v2\/categories?post=187432"},{"taxonomy":"post_tag","embeddable":true,"href":"http:\/\/www.tvturk.com\/index.php\/wp-json\/wp\/v2\/tags?post=187432"}],"curies":[{"name":"wp","href":"https:\/\/api.w.org\/{rel}","templated":true}]}}