{"id":187436,"date":"2019-07-28T21:17:00","date_gmt":"2019-07-28T18:17:00","guid":{"rendered":"http:\/\/www.tvturk.com\/index.php\/fenerbahce-hazirliklarini-surdurdu-3\/"},"modified":"2019-07-28T21:17:00","modified_gmt":"2019-07-28T18:17:00","slug":"fenerbahce-hazirliklarini-surdurdu-3","status":"publish","type":"post","link":"http:\/\/www.tvturk.com\/index.php\/fenerbahce-hazirliklarini-surdurdu-3\/","title":{"rendered":"Fenerbah\u00e7e haz\u0131rl\u0131klar\u0131n\u0131 s\u00fcrd\u00fcrd\u00fc"},"content":{"rendered":"<p>Fenerbah\u00e7e, yeni sezon haz\u0131rl\u0131klar\u0131n\u0131 ak\u015fam saatlerinde yapt\u0131\u011f\u0131 g\u00fcn\u00fcn ikinci antrenman\u0131yla s\u00fcrd\u00fcrd\u00fc.<\/p>\n<p>Fenerbah\u00e7e Can Bartu Tesisleri\u2019nde Teknik Direkt\u00f6r Ersun Yanal y\u00f6netiminde ger\u00e7ekle\u015ftirilen antrenman\u0131n ilk b\u00f6l\u00fcm\u00fcnde bir grup futbolcu salonda sakatl\u0131k \u00f6nleyici egzersiz \u00e7al\u0131\u015fmalar\u0131 yapt\u0131. Ard\u0131ndan sahaya ge\u00e7en oyuncular ko\u015fu, \u0131s\u0131nma ve koordinasyon hareketleriyle ba\u015flad\u0131klar\u0131 idman\u0131 3 tak\u0131m halinde dar alanda ger\u00e7ekle\u015ftirilen \u00e7ift kale ma\u00e7la noktalad\u0131.<\/p>\n<p>Audi Cup\u2019ta m\u00fccadele edecek olan ve haz\u0131rl\u0131klar\u0131n\u0131n \u0130stanbul etab\u0131n\u0131 tamamlayan sar\u0131-lacivertliler, yar\u0131n \u00f6\u011fle saatlerinde Almanya\u2019ya hareket edecek.<\/p>\n","protected":false},"excerpt":{"rendered":"<p>FENERBAH\u00c7E, YEN\u0130 SEZON HAZIRLIKLARINI AK\u015eAM SAATLER\u0130NDE YAPTI\u011eI G\u00dcN\u00dcN \u0130K\u0130NC\u0130 ANTRENMANIYLA S\u00dcRD\u00dcRD\u00dc.<\/p>\n","protected":false},"author":1,"featured_media":187437,"comment_status":"closed","ping_status":"open","sticky":false,"template":"","format":"standard","meta":{"jetpack_post_was_ever_published":false,"_jetpack_newsletter_access":"","_jetpack_dont_email_post_to_subs":false,"_jetpack_newsletter_tier_id":0,"_jetpack_memberships_contains_paywalled_content":false,"_jetpack_memberships_contains_paid_content":false,"footnotes":"","jetpack_publicize_message":"","jetpack_publicize_feature_enabled":true,"jetpack_social_post_already_shared":true,"jetpack_social_options":{"image_generator_settings":{"template":"highway","default_image_id":0,"font":"","enabled":false},"version":2}},"categories":[657],"tags":[2626,2628,2629],"class_list":["post-187436","post","type-post","status-publish","format-standard","has-post-thumbnail","hentry","category-spor","tag-fenerbahce","tag-hazirliklarini","tag-surdurdu"],"jetpack_publicize_connections":[],"jetpack_featured_media_url":"https:\/\/i0.wp.com\/www.tvturk.com\/wp-content\/uploads\/2019\/07\/fenerbahce-hazirliklarini-surdurdu_33fdea3.jpg?fit=1000%2C666","jetpack_sharing_enabled":true,"jetpack_shortlink":"https:\/\/wp.me\/paKIfm-MLa","_links":{"self":[{"href":"http:\/\/www.tvturk.com\/index.php\/wp-json\/wp\/v2\/posts\/187436","targetHints":{"allow":["GET"]}}],"collection":[{"href":"http:\/\/www.tvturk.com\/index.php\/wp-json\/wp\/v2\/posts"}],"about":[{"href":"http:\/\/www.tvturk.com\/index.php\/wp-json\/wp\/v2\/types\/post"}],"author":[{"embeddable":true,"href":"http:\/\/www.tvturk.com\/index.php\/wp-json\/wp\/v2\/users\/1"}],"replies":[{"embeddable":true,"href":"http:\/\/www.tvturk.com\/index.php\/wp-json\/wp\/v2\/comments?post=187436"}],"version-history":[{"count":0,"href":"http:\/\/www.tvturk.com\/index.php\/wp-json\/wp\/v2\/posts\/187436\/revisions"}],"wp:featuredmedia":[{"embeddable":true,"href":"http:\/\/www.tvturk.com\/index.php\/wp-json\/wp\/v2\/media\/187437"}],"wp:attachment":[{"href":"http:\/\/www.tvturk.com\/index.php\/wp-json\/wp\/v2\/media?parent=187436"}],"wp:term":[{"taxonomy":"category","embeddable":true,"href":"http:\/\/www.tvturk.com\/index.php\/wp-json\/wp\/v2\/categories?post=187436"},{"taxonomy":"post_tag","embeddable":true,"href":"http:\/\/www.tvturk.com\/index.php\/wp-json\/wp\/v2\/tags?post=187436"}],"curies":[{"name":"wp","href":"https:\/\/api.w.org\/{rel}","templated":true}]}}