{"id":187448,"date":"2019-07-28T22:17:05","date_gmt":"2019-07-28T19:17:05","guid":{"rendered":"http:\/\/www.tvturk.com\/index.php\/denizlispor-bakary-sakoyu-transfer-etti\/"},"modified":"2019-07-28T22:17:05","modified_gmt":"2019-07-28T19:17:05","slug":"denizlispor-bakary-sakoyu-transfer-etti","status":"publish","type":"post","link":"http:\/\/www.tvturk.com\/index.php\/denizlispor-bakary-sakoyu-transfer-etti\/","title":{"rendered":"Denizlispor, Bakary Sako\u2019yu transfer etti"},"content":{"rendered":"<p>S\u00fcper Lig\u2019in yeni ekibi Denizlispor, son olarak \u0130ngiltere Premier Lig tak\u0131mlar\u0131ndan Crystal Palace\u2019de forma giyen 31 ya\u015f\u0131ndaki Malili oyuncu Bakary Sako\u2019yu transfer etti\u011fini a\u00e7\u0131klad\u0131.<\/p>\n<p>Yukatel Denizlispor, 2019-2020 sezonunda m\u00fccadele edece\u011fi S\u00fcper Lig i\u00e7in kadrosunu g\u00fc\u00e7lendirmeye devem ediyor. Ye\u015fil-siyahl\u0131 ekip, son olarak Crystal Palace\u2019de forma giyen 31 ya\u015f\u0131ndaki Malili sol kanat oyuncusu Bakary Sako\u2019yu 1 y\u0131ll\u0131\u011f\u0131na renklerine ba\u011flad\u0131\u011f\u0131n\u0131 a\u00e7\u0131klad\u0131. Ege temsilcisinin resmi sosyal medya hesab\u0131ndan yap\u0131lan payla\u015f\u0131mda, &#8220;Denizlispor\u2019da ho\u015f geldin Bakary Sako&#8221; ifadelerine yer verildi.<\/p>\n<p>Sako\u2019nun \u00f6n\u00fcm\u00fczdeki g\u00fcnlerde Denizli\u2019ye gelmesi, ard\u0131ndan da Afyon kamp\u0131na kat\u0131lmas\u0131 bekleniyor.<\/p>\n","protected":false},"excerpt":{"rendered":"<p>S\u00dcPER L\u0130G\u0130N YEN\u0130 EK\u0130B\u0130 DEN\u0130ZL\u0130SPOR, SON OLARAK PREM\u0130ER L\u0130G TAKIMLARINDAN CRYSTAL PALACE&#8217;DE FORMA G\u0130YEN 31 YA\u015eINDAK\u0130 MAL\u0130L\u0130 OYUNCU BAKARY SAKO&#8217;YU TRANSFER ETT\u0130\u011e\u0130N\u0130 A\u00c7IKLADI.<\/p>\n","protected":false},"author":1,"featured_media":187449,"comment_status":"closed","ping_status":"open","sticky":false,"template":"","format":"standard","meta":{"jetpack_post_was_ever_published":false,"_jetpack_newsletter_access":"","_jetpack_dont_email_post_to_subs":false,"_jetpack_newsletter_tier_id":0,"_jetpack_memberships_contains_paywalled_content":false,"_jetpack_memberships_contains_paid_content":false,"footnotes":"","jetpack_publicize_message":"","jetpack_publicize_feature_enabled":true,"jetpack_social_post_already_shared":true,"jetpack_social_options":{"image_generator_settings":{"template":"highway","default_image_id":0,"font":"","enabled":false},"version":2}},"categories":[657],"tags":[46640,6694,207,46641,2518],"class_list":["post-187448","post","type-post","status-publish","format-standard","has-post-thumbnail","hentry","category-spor","tag-bakary","tag-denizlispor","tag-etti","tag-sakoyu","tag-transfer"],"jetpack_publicize_connections":[],"jetpack_featured_media_url":"https:\/\/i0.wp.com\/www.tvturk.com\/wp-content\/uploads\/2019\/07\/denizlispor-bakary-sakoyu-transfer-etti_c044e74.jpg?fit=680%2C381","jetpack_sharing_enabled":true,"jetpack_shortlink":"https:\/\/wp.me\/paKIfm-MLm","_links":{"self":[{"href":"http:\/\/www.tvturk.com\/index.php\/wp-json\/wp\/v2\/posts\/187448","targetHints":{"allow":["GET"]}}],"collection":[{"href":"http:\/\/www.tvturk.com\/index.php\/wp-json\/wp\/v2\/posts"}],"about":[{"href":"http:\/\/www.tvturk.com\/index.php\/wp-json\/wp\/v2\/types\/post"}],"author":[{"embeddable":true,"href":"http:\/\/www.tvturk.com\/index.php\/wp-json\/wp\/v2\/users\/1"}],"replies":[{"embeddable":true,"href":"http:\/\/www.tvturk.com\/index.php\/wp-json\/wp\/v2\/comments?post=187448"}],"version-history":[{"count":0,"href":"http:\/\/www.tvturk.com\/index.php\/wp-json\/wp\/v2\/posts\/187448\/revisions"}],"wp:featuredmedia":[{"embeddable":true,"href":"http:\/\/www.tvturk.com\/index.php\/wp-json\/wp\/v2\/media\/187449"}],"wp:attachment":[{"href":"http:\/\/www.tvturk.com\/index.php\/wp-json\/wp\/v2\/media?parent=187448"}],"wp:term":[{"taxonomy":"category","embeddable":true,"href":"http:\/\/www.tvturk.com\/index.php\/wp-json\/wp\/v2\/categories?post=187448"},{"taxonomy":"post_tag","embeddable":true,"href":"http:\/\/www.tvturk.com\/index.php\/wp-json\/wp\/v2\/tags?post=187448"}],"curies":[{"name":"wp","href":"https:\/\/api.w.org\/{rel}","templated":true}]}}