{"id":187454,"date":"2019-07-28T22:46:57","date_gmt":"2019-07-28T19:46:57","guid":{"rendered":"http:\/\/www.tvturk.com\/index.php\/trabzonspor-bayraginin-altinda-taraftarlardan-mesale-sov\/"},"modified":"2019-07-28T22:46:57","modified_gmt":"2019-07-28T19:46:57","slug":"trabzonspor-bayraginin-altinda-taraftarlardan-mesale-sov","status":"publish","type":"post","link":"http:\/\/www.tvturk.com\/index.php\/trabzonspor-bayraginin-altinda-taraftarlardan-mesale-sov\/","title":{"rendered":"Trabzonspor bayra\u011f\u0131n\u0131n alt\u0131nda taraftarlardan me\u015fale \u015fov"},"content":{"rendered":"<p>Trabzonspor taraftar\u0131n\u0131n \u0130stanbul S\u00fctl\u00fcce\u2019de bir araya geldi\u011fi \u2018Bir Me\u015fale De Sen Yak\u2019 etkinli\u011fine Trabzon\u2019daki taraftarlar, Akyaz\u0131\u2019da bulunan 61 metre uzunlu\u011fundaki Trabzonspor bayra\u011f\u0131n\u0131n bulundu\u011fu alandan destek verdi.<\/p>\n<p>2019-2020 S\u00fcper Lig Cemil Usta sezonuna iddial\u0131 bir \u015fekilde haz\u0131rlanan Trabzonspor\u2019da, y\u00f6netimin organize etti\u011fi ve \u0130stanbul S\u00fctl\u00fcce\u2019de ger\u00e7ekle\u015ftirilen \u2019Bir Me\u015fale De Sen Yak\u2019 etkinli\u011finde \u00e7ok say\u0131da taraftar bir araya geldi. Sosyal medya \u00fczerinden haberle\u015ferek toplanan bordo-mavili taraftar, etkinli\u011fe Trabzon\u2019daki dev Trabzonspor bayra\u011f\u0131n\u0131n bulundu\u011fu alandan me\u015falelerle destek verdi.<\/p>\n<p>Y\u00f6netimin, yaln\u0131zca \u0130stanbul i\u00e7in organize etti\u011fi etkinlik i\u00e7in \u015fark\u0131c\u0131 Seren Uzun, sosyal medya hesab\u0131ndan, \u2018#Trabzonspori\u00e7in1me\u015faledesenyak\u2019 etiketiyle yapt\u0131\u011f\u0131 payla\u015f\u0131mda, \u201cBug\u00fcn saat 21.00\u2019da Trabzon\/Akyaz\u0131\u2019da Trabzonspor bayra\u011f\u0131 alt\u0131nda bulu\u015fuyoruz. Sen de me\u015faleni al gel\u201d \u00e7a\u011fr\u0131s\u0131nda bulundu.<\/p>\n<p>Payla\u015f\u0131ma destek veren \u00e7ok say\u0131da taraftar ellerindeki me\u015falelerle belirlenen saatte bayra\u011f\u0131n oldu\u011fu noktada bir araya geldi. Trabzonspor taraftarlar\u0131n, ayn\u0131 anda bordo ve mavi renkteki me\u015faleleri yakt\u0131\u011f\u0131 etkinlikte co\u015fkulu g\u00f6r\u00fcnt\u00fcler ortaya \u00e7\u0131kt\u0131. Taraftarlar, tak\u0131mlar\u0131 lehine att\u0131klar\u0131 tezah\u00fcratlar\u0131n ard\u0131ndan olays\u0131z bir \u015fekilde da\u011f\u0131ld\u0131.<\/p>\n","protected":false},"excerpt":{"rendered":"<p>TRABZONSPOR TARAFTARININ \u0130STANBUL S\u00dcTL\u00dcCE\u2019DE B\u0130R ARAYA GELD\u0130\u011e\u0130 \u2018B\u0130R ME\u015eALE DE SEN YAK\u2019 ETK\u0130NL\u0130\u011e\u0130NE TRABZON\u2019DAK\u0130 TARAFTARLAR, AKYAZI\u2019DA BULUNAN 61 METRE UZUNLU\u011eUNDAK\u0130 TRABZONSPOR BAYRA\u011eININ BULUNDU\u011eU ALANDAN DESTEK VERD\u0130.<\/p>\n","protected":false},"author":1,"featured_media":187455,"comment_status":"closed","ping_status":"open","sticky":false,"template":"","format":"standard","meta":{"jetpack_post_was_ever_published":false,"_jetpack_newsletter_access":"","_jetpack_dont_email_post_to_subs":false,"_jetpack_newsletter_tier_id":0,"_jetpack_memberships_contains_paywalled_content":false,"_jetpack_memberships_contains_paid_content":false,"footnotes":"","jetpack_publicize_message":"","jetpack_publicize_feature_enabled":true,"jetpack_social_post_already_shared":true,"jetpack_social_options":{"image_generator_settings":{"template":"highway","default_image_id":0,"font":"","enabled":false},"version":2}},"categories":[657],"tags":[3114,37545,30507,3662,8922,916],"class_list":["post-187454","post","type-post","status-publish","format-standard","has-post-thumbnail","hentry","category-spor","tag-altinda","tag-bayraginin","tag-mesale","tag-sov","tag-taraftarlardan","tag-trabzonspor"],"jetpack_publicize_connections":[],"jetpack_featured_media_url":"https:\/\/i0.wp.com\/www.tvturk.com\/wp-content\/uploads\/2019\/07\/trabzonspor-bayraginin-altinda-taraftarlardan-mesale-sov_955b308.jpg?fit=1000%2C562","jetpack_sharing_enabled":true,"jetpack_shortlink":"https:\/\/wp.me\/paKIfm-MLs","_links":{"self":[{"href":"http:\/\/www.tvturk.com\/index.php\/wp-json\/wp\/v2\/posts\/187454","targetHints":{"allow":["GET"]}}],"collection":[{"href":"http:\/\/www.tvturk.com\/index.php\/wp-json\/wp\/v2\/posts"}],"about":[{"href":"http:\/\/www.tvturk.com\/index.php\/wp-json\/wp\/v2\/types\/post"}],"author":[{"embeddable":true,"href":"http:\/\/www.tvturk.com\/index.php\/wp-json\/wp\/v2\/users\/1"}],"replies":[{"embeddable":true,"href":"http:\/\/www.tvturk.com\/index.php\/wp-json\/wp\/v2\/comments?post=187454"}],"version-history":[{"count":0,"href":"http:\/\/www.tvturk.com\/index.php\/wp-json\/wp\/v2\/posts\/187454\/revisions"}],"wp:featuredmedia":[{"embeddable":true,"href":"http:\/\/www.tvturk.com\/index.php\/wp-json\/wp\/v2\/media\/187455"}],"wp:attachment":[{"href":"http:\/\/www.tvturk.com\/index.php\/wp-json\/wp\/v2\/media?parent=187454"}],"wp:term":[{"taxonomy":"category","embeddable":true,"href":"http:\/\/www.tvturk.com\/index.php\/wp-json\/wp\/v2\/categories?post=187454"},{"taxonomy":"post_tag","embeddable":true,"href":"http:\/\/www.tvturk.com\/index.php\/wp-json\/wp\/v2\/tags?post=187454"}],"curies":[{"name":"wp","href":"https:\/\/api.w.org\/{rel}","templated":true}]}}