{"id":187496,"date":"2019-07-29T10:01:48","date_gmt":"2019-07-29T07:01:48","guid":{"rendered":"http:\/\/www.tvturk.com\/index.php\/buyukcekmece-bursa-hatti-seferleri-2-agustosda-basliyor\/"},"modified":"2019-07-29T10:01:48","modified_gmt":"2019-07-29T07:01:48","slug":"buyukcekmece-bursa-hatti-seferleri-2-agustosda-basliyor","status":"publish","type":"post","link":"http:\/\/www.tvturk.com\/index.php\/buyukcekmece-bursa-hatti-seferleri-2-agustosda-basliyor\/","title":{"rendered":"B\u00fcy\u00fck\u00e7ekmece &#8211; Bursa hatt\u0131 seferleri 2 A\u011fustos\u2019da ba\u015fl\u0131yor"},"content":{"rendered":"<p>\u0130stanbul Deniz Otob\u00fcsleri A.\u015e. (\u0130DO) ve B\u00fcy\u00fck\u00e7ekmece Belediyesi i\u015fbirli\u011fiyle ger\u00e7ekle\u015ftirilen B\u00fcy\u00fck\u00e7ekmece-Mudanya (G\u00fczelyal\u0131) deniz otob\u00fcs hatt\u0131 Cuma g\u00fcn\u00fc hizmete giriyor. Seferler g\u00fcnde iki kez ger\u00e7ekle\u015ftirilecek.<\/p>\n<p>2 A\u011fustos 2019 tarihi itibariyle Cuma, Cumartesi ve Pazar g\u00fcnleri hizmet verecek olan deniz otob\u00fcsleri sayesinde \u00f6zellikle B\u00fcy\u00fck\u00e7ekmece, Beylikd\u00fcz\u00fc, Avc\u0131lar ve Esenyurt\u2019ta ikamet eden vatanda\u015flar, h\u0131zl\u0131 ve konforlu bir \u015fekilde Bursa\u2019ya seyahat edebilecek. \u0130stanbul Deniz Otob\u00fcsleri (\u0130DO) B\u00fcy\u00fck\u00e7ekmece Belediyesi &#8211; Mimarsinan \u0130skelesi\u2019nden hareket ederek vatanda\u015flar\u0131n k\u0131sa bir s\u00fcre i\u00e7erisinde Mudanya\u2019ya ula\u015fmalar\u0131n\u0131 sa\u011flayacak.<\/p>\n<p>Seferler g\u00fcnde iki kez ger\u00e7ekle\u015ftirilecek<\/p>\n<p>Cuma, Cumartesi ve Pazar g\u00fcnleri hizmet verecek olan B\u00fcy\u00fck\u00e7ekmece &#8211; Mudanya (G\u00fczelyal\u0131) \u0130DO hatlar\u0131 kalk\u0131\u015f saatleri ise B\u00fcy\u00fck\u00e7ekmece\u2019de sabah 10.30 ile 20.30, Bursa\u2019da ise 08.00 ile 18.30 saatleri olarak d\u00fczenlendi.<\/p>\n<p>\u201cS\u00f6z verdik ve ger\u00e7ekle\u015ftirdik\u201d<\/p>\n<p>\u0130DO B\u00fcy\u00fck\u00e7ekmece &#8211; Mudanya (G\u00fczelyal\u0131) hatlar\u0131 sayesinde vatanda\u015flar\u0131n 95 dakikada Bursa\u2019ya ula\u015fabileceklerini s\u00f6yleyen B\u00fcy\u00fck\u00e7ekmece Belediye Ba\u015fkan\u0131 Dr. Hasan Akg\u00fcn \u201cS\u00f6z verdik ve ger\u00e7ekle\u015ftirdik. B\u00fcy\u00fck\u00e7ekmece\u2019de art\u0131k uzun yollar k\u0131sal\u0131yor. B\u00fcy\u00fck B\u00fcy\u00fck\u00e7ekmece ailem i\u00e7in hizmette s\u0131n\u0131r tan\u0131m\u0131yoruz. 2 A\u011fustos 2019 tarihi itibariyle B\u00fcy\u00fck\u00e7ekmece &#8211; Bursa hatt\u0131 hizmete girecek. Bursa\u2019ya yolculuk yapmak isteyen vatanda\u015flar\u0131m\u0131z hem daha konforlu hem de trafik problemi olmadan daha h\u0131zl\u0131 bir \u015fekilde Mudanya\u2019ya gidebilecek. Mutluluk \u015fehri B\u00fcy\u00fck\u00e7ekmece i\u00e7in \u00e7al\u0131\u015fmalar\u0131m\u0131z devam edecek\u201d dedi.<\/p>\n","protected":false},"excerpt":{"rendered":"<p>\u0130STANBUL DEN\u0130Z OTOB\u00dcSLER\u0130 A.\u015e. (\u0130DO) VE B\u00dcY\u00dcK\u00c7EKMECE BELED\u0130YES\u0130 \u0130\u015eB\u0130RL\u0130\u011e\u0130YLE GER\u00c7EKLE\u015eT\u0130R\u0130LEN B\u00dcY\u00dcK\u00c7EKMECE-MUDANYA (G\u00dcZELYALI) DEN\u0130Z OTOB\u00dcS HATTI CUMA G\u00dcN\u00dc H\u0130ZMETE G\u0130R\u0130YOR.<\/p>\n","protected":false},"author":1,"featured_media":187497,"comment_status":"closed","ping_status":"open","sticky":false,"template":"","format":"standard","meta":{"jetpack_post_was_ever_published":false,"_jetpack_newsletter_access":"","_jetpack_dont_email_post_to_subs":false,"_jetpack_newsletter_tier_id":0,"_jetpack_memberships_contains_paywalled_content":false,"_jetpack_memberships_contains_paid_content":false,"footnotes":"","jetpack_publicize_message":"","jetpack_publicize_feature_enabled":true,"jetpack_social_post_already_shared":true,"jetpack_social_options":{"image_generator_settings":{"template":"highway","default_image_id":0,"font":"","enabled":false},"version":2}},"categories":[1],"tags":[42411,1647,4479,11138,7415,11681],"class_list":["post-187496","post","type-post","status-publish","format-standard","has-post-thumbnail","hentry","category-genel","tag-agustosda","tag-basliyor","tag-bursa","tag-buyukcekmece","tag-hatti","tag-seferleri"],"jetpack_publicize_connections":[],"jetpack_featured_media_url":"https:\/\/i0.wp.com\/www.tvturk.com\/wp-content\/uploads\/2019\/07\/buyukcekmece-bursa-hatti-seferleri-2-agustosda-basliyor_1d7f5a6.jpg?fit=1000%2C625","jetpack_sharing_enabled":true,"jetpack_shortlink":"https:\/\/wp.me\/paKIfm-MM8","_links":{"self":[{"href":"http:\/\/www.tvturk.com\/index.php\/wp-json\/wp\/v2\/posts\/187496","targetHints":{"allow":["GET"]}}],"collection":[{"href":"http:\/\/www.tvturk.com\/index.php\/wp-json\/wp\/v2\/posts"}],"about":[{"href":"http:\/\/www.tvturk.com\/index.php\/wp-json\/wp\/v2\/types\/post"}],"author":[{"embeddable":true,"href":"http:\/\/www.tvturk.com\/index.php\/wp-json\/wp\/v2\/users\/1"}],"replies":[{"embeddable":true,"href":"http:\/\/www.tvturk.com\/index.php\/wp-json\/wp\/v2\/comments?post=187496"}],"version-history":[{"count":0,"href":"http:\/\/www.tvturk.com\/index.php\/wp-json\/wp\/v2\/posts\/187496\/revisions"}],"wp:featuredmedia":[{"embeddable":true,"href":"http:\/\/www.tvturk.com\/index.php\/wp-json\/wp\/v2\/media\/187497"}],"wp:attachment":[{"href":"http:\/\/www.tvturk.com\/index.php\/wp-json\/wp\/v2\/media?parent=187496"}],"wp:term":[{"taxonomy":"category","embeddable":true,"href":"http:\/\/www.tvturk.com\/index.php\/wp-json\/wp\/v2\/categories?post=187496"},{"taxonomy":"post_tag","embeddable":true,"href":"http:\/\/www.tvturk.com\/index.php\/wp-json\/wp\/v2\/tags?post=187496"}],"curies":[{"name":"wp","href":"https:\/\/api.w.org\/{rel}","templated":true}]}}