{"id":187542,"date":"2019-07-29T11:01:57","date_gmt":"2019-07-29T08:01:57","guid":{"rendered":"http:\/\/www.tvturk.com\/index.php\/caresiz-annenin-haykirisi-bedirhanimi-yasatin\/"},"modified":"2019-07-29T11:01:57","modified_gmt":"2019-07-29T08:01:57","slug":"caresiz-annenin-haykirisi-bedirhanimi-yasatin","status":"publish","type":"post","link":"http:\/\/www.tvturk.com\/index.php\/caresiz-annenin-haykirisi-bedirhanimi-yasatin\/","title":{"rendered":"\u00c7aresiz annenin hayk\u0131r\u0131\u015f\u0131: &#8220;Bedirhan\u2019\u0131m\u0131 ya\u015fat\u0131n&#8221;"},"content":{"rendered":"<p>Diyarbak\u0131r\u2019\u0131n Hani il\u00e7esinde ikamet eden 17 ya\u015f\u0131ndaki Bedirhan Ekin\u2019in beyninde t\u00fcm\u00f6r tespit edildi. Diyarbak\u0131r\u2019da tedavisi yap\u0131lan fakat maddi imkans\u0131zl\u0131ktan dolay\u0131 tedavisine devam edilemeyen Bedirhan\u2019\u0131n annesi Aysel Ekin, yetkililere seslenerek, \u201cBenim ci\u011ferim yan\u0131yor, o\u011flumun tedavisini bulsunlar, t\u00fcm T\u00fcrkiye\u2019ye sesleniyorum Bedirhan\u2019\u0131m\u0131 ya\u015fat\u0131n\u201d dedi.<\/p>\n<p>Hani il\u00e7esinde ikamet eden 17 ya\u015f\u0131ndaki Bedirhan Ekin\u2019in beyninde k\u00fc\u00e7\u00fck ya\u015fta t\u00fcm\u00f6r olu\u015ftu. T\u00fcm\u00f6r\u00fcn herhangi bir olumsuzluk g\u00f6stermemesi nedeni ile hastal\u0131\u011f\u0131 bilinmeyen Bedirhan\u2019\u0131n ailesi, \u00e7ocuklar\u0131n\u0131n yakla\u015f\u0131k 2 ay \u00f6nce bayg\u0131nl\u0131k ge\u00e7irmesi sonucu ac\u0131 haberi ald\u0131. Doktorlar taraf\u0131ndan yap\u0131lan muayenede beyninde t\u00fcm\u00f6r oldu\u011fu tespit edilen Bedirhan, Dicle \u00dcniversitesi T\u0131p Fak\u00fcltesi Hastanesi\u2019ndeki i\u015flemlerinin ard\u0131ndan taburcu edildi. Maddi durumlar\u0131 yetersiz olan aile, yetkililere seslenerek Bedirhan\u2019\u0131n tedavi edilmesini istedi.<\/p>\n<p>\u201cCi\u011ferim yan\u0131yor, o\u011flumu ya\u015fat\u0131n\u201d<\/p>\n<p>Bedirhan\u2019\u0131n annesi Aysel Ekin (42), \u00e7ocu\u011funun tam te\u015fekk\u00fcl\u00fc bir hastanede tedavisi yap\u0131lmas\u0131 gerekti\u011fini fakat maddi imkans\u0131zl\u0131ktan dolay\u0131 yapt\u0131ramad\u0131klar\u0131n\u0131 s\u00f6yledi. Ac\u0131l\u0131 anne, \u201cBenim o\u011flum 17 ya\u015f\u0131ndad\u0131r. O\u011flumun beyninde t\u00fcm\u00f6r oldu\u011fu tespit edildi ve gittik\u00e7e de b\u00fcy\u00fcyor. Hastad\u0131r \u00e7aresizdir. Bir anne olarak Cumhurba\u015fkan\u0131m\u0131za sesleniyorum, bana yard\u0131m etsin, o\u011fluma bir \u00e7\u00f6z\u00fcm bulsun. G\u00f6t\u00fcrs\u00fcn gezdirsinler. Doktorlar bana bir ay \u00f6nce o\u011flunun zaman\u0131 kalmam\u0131\u015f her an \u00f6lebilir dedi. Hangi bir anne ve hangi bir baba b\u00f6yle dayanabilir ki ben dayanay\u0131m. Benim ci\u011ferim yan\u0131yor sadece bana yard\u0131m etsinler o\u011flumun tedavisini bulsunlar\u201d dedi.<\/p>\n<p>\u201cB\u00fct\u00fcn T\u00fcrkiye\u2019den o\u011flumun ya\u015famas\u0131 i\u00e7in yard\u0131m istiyorum\u201d<\/p>\n<p>Bedirhan\u2019\u0131n \u00fcniversiteye ge\u00e7i\u015f s\u0131nav\u0131nda bayg\u0131nl\u0131k ge\u00e7irdi\u011fini de anlatan Ekin, \u201cO\u011flumu s\u0131nava g\u00f6nderirken o\u011flumun ba\u015f\u0131 a\u011fr\u0131yordu. O\u011flum s\u0131nav esnas\u0131nda uyumu\u015f yar\u0131m saat boyunca \u00f6yle kalm\u0131\u015f \u00f6\u011fretmenler gelmi\u015f ona demi\u015fler Bedirhan kalk s\u0131nav bitti. O y\u00fczden ben yard\u0131m istiyorum. B\u00fct\u00fcn T\u00fcrkiye, Bedirhan i\u00e7in ayaklans\u0131n. B\u00fct\u00fcn T\u00fcrkiye Bedirhan i\u00e7in \u00e7\u0131rp\u0131ns\u0131n yard\u0131m istiyorum. Cumhurba\u015fkan\u0131m\u0131zdan bir anne olarak yalvar\u0131yorum ve bir anne olarak rica ediyorum o\u011fluma bir \u00e7are bulsunlar. Benim maddi durumum olmad\u0131\u011f\u0131 i\u00e7in T\u00fcrkiye\u2019de sadece iki doktor var bu hastal\u0131\u011fa \u00e7are olacak o\u011flumu g\u00f6t\u00fcremedim. Ama bana yard\u0131m etsinler. Bedirhan\u2019\u0131m\u0131 ya\u015fats\u0131nlar\u201d diye konu\u015ftu.<\/p>\n<p>Ya\u015famak istedi\u011fini belirten Bedirhan Ekin ise, \u201cBeynimde t\u00fcm\u00f6r olu\u015fmu\u015f, h\u0131zla b\u00fcy\u00fcyor ve bunun bir \u00e7aresi olmas\u0131n\u0131 istiyorum. Cumhurba\u015fkan\u0131ma sesleniyorum bana bir \u00e7are bulsunlar. Ya\u015famak istiyorum\u201d \u015feklinde ifade etti.<\/p>\n","protected":false},"excerpt":{"rendered":"<p>D\u0130YARBAKIR\u2019IN HAN\u0130 \u0130L\u00c7ES\u0130\u2019NDE OTURAN 17 YA\u015eINDAK\u0130 BED\u0130RHAN EK\u0130N BEYN\u0130NDE OLU\u015eAN T\u00dcM\u00d6R NEDEN\u0130YLE \u00c7OK SEVD\u0130\u011e\u0130 OKULUNA G\u0130DEM\u0130YOR. D\u0130YARBAKIR\u2019DA TEDAV\u0130S\u0130 YAPILAN FAKAT MADD\u0130 \u0130MK\u00c2NSIZLIKTAN DOLAYI TEDAV\u0130S\u0130NE DEVAM ED\u0130LEMEYEN BED\u0130RHAN\u2019IN ANNES\u0130 AYSEL EK\u0130N, \u00c7A\u011eRIDA BULUNARAK, \u201cHANG\u0130 B\u0130R ANNE VE HANG\u0130 B\u0130R BABA B\u00d6YLE DAYANAB\u0130L\u0130R K\u0130 BEN DAYANAYIM. BEN\u0130M C\u0130\u011eER\u0130M YANIYOR SADECE BANA YARDIM ETS\u0130NLER O\u011eLUMUN TEDAV\u0130S\u0130N\u0130 BULSUNLAR T\u00dcM T\u00dcRK\u0130YE\u2019YE SESLEN\u0130YORUM. BED\u0130RHAN\u2019IMI YA\u015eATIN\u201d DED\u0130.<\/p>\n","protected":false},"author":1,"featured_media":187543,"comment_status":"closed","ping_status":"open","sticky":false,"template":"","format":"standard","meta":{"jetpack_post_was_ever_published":false,"_jetpack_newsletter_access":"","_jetpack_dont_email_post_to_subs":false,"_jetpack_newsletter_tier_id":0,"_jetpack_memberships_contains_paywalled_content":false,"_jetpack_memberships_contains_paid_content":false,"footnotes":"","jetpack_publicize_message":"","jetpack_publicize_feature_enabled":true,"jetpack_social_post_already_shared":true,"jetpack_social_options":{"image_generator_settings":{"template":"highway","default_image_id":0,"font":"","enabled":false},"version":2}},"categories":[1],"tags":[46665,17924,33042,46664,46666],"class_list":["post-187542","post","type-post","status-publish","format-standard","has-post-thumbnail","hentry","category-genel","tag-bedirhanimi","tag-annenin","tag-caresiz","tag-haykirisi","tag-yasatin"],"jetpack_publicize_connections":[],"jetpack_featured_media_url":"https:\/\/i0.wp.com\/www.tvturk.com\/wp-content\/uploads\/2019\/07\/caresiz-annenin-haykirisi-bedirhanimi-yasatin_cd7dca8.jpg?fit=1000%2C665","jetpack_sharing_enabled":true,"jetpack_shortlink":"https:\/\/wp.me\/paKIfm-MMS","_links":{"self":[{"href":"http:\/\/www.tvturk.com\/index.php\/wp-json\/wp\/v2\/posts\/187542","targetHints":{"allow":["GET"]}}],"collection":[{"href":"http:\/\/www.tvturk.com\/index.php\/wp-json\/wp\/v2\/posts"}],"about":[{"href":"http:\/\/www.tvturk.com\/index.php\/wp-json\/wp\/v2\/types\/post"}],"author":[{"embeddable":true,"href":"http:\/\/www.tvturk.com\/index.php\/wp-json\/wp\/v2\/users\/1"}],"replies":[{"embeddable":true,"href":"http:\/\/www.tvturk.com\/index.php\/wp-json\/wp\/v2\/comments?post=187542"}],"version-history":[{"count":0,"href":"http:\/\/www.tvturk.com\/index.php\/wp-json\/wp\/v2\/posts\/187542\/revisions"}],"wp:featuredmedia":[{"embeddable":true,"href":"http:\/\/www.tvturk.com\/index.php\/wp-json\/wp\/v2\/media\/187543"}],"wp:attachment":[{"href":"http:\/\/www.tvturk.com\/index.php\/wp-json\/wp\/v2\/media?parent=187542"}],"wp:term":[{"taxonomy":"category","embeddable":true,"href":"http:\/\/www.tvturk.com\/index.php\/wp-json\/wp\/v2\/categories?post=187542"},{"taxonomy":"post_tag","embeddable":true,"href":"http:\/\/www.tvturk.com\/index.php\/wp-json\/wp\/v2\/tags?post=187542"}],"curies":[{"name":"wp","href":"https:\/\/api.w.org\/{rel}","templated":true}]}}