{"id":187554,"date":"2019-07-29T11:31:53","date_gmt":"2019-07-29T08:31:53","guid":{"rendered":"http:\/\/www.tvturk.com\/index.php\/42-bin-cocuk-ilk-kulacini-portatif-havuzlarinda-atti\/"},"modified":"2019-07-29T11:31:53","modified_gmt":"2019-07-29T08:31:53","slug":"42-bin-cocuk-ilk-kulacini-portatif-havuzlarinda-atti","status":"publish","type":"post","link":"http:\/\/www.tvturk.com\/index.php\/42-bin-cocuk-ilk-kulacini-portatif-havuzlarinda-atti\/","title":{"rendered":"42 bin \u00e7ocuk ilk kulac\u0131n\u0131 portatif havuzlar\u0131nda att\u0131"},"content":{"rendered":"<p>K\u00fc\u00e7\u00fck\u00e7ekmece Belediyesi\u2019nin \u00e7ocuklara \u00fccretsiz olarak sundu\u011fu portatif havuzlarda y\u00fczme kurslar\u0131 2019 sezonunu a\u00e7t\u0131. Tatile gidemeyen \u00e7ocuklar y\u00fczme kursunda hem e\u011flendi hem de \u00f6\u011frendi.<\/p>\n<p>K\u00fc\u00e7\u00fck\u00e7ekmece Belediyesi\u2019nin,  \u00e7ocuklar i\u00e7in portatif havuzlarda y\u00fczme kurslar\u0131 ba\u015flad\u0131. K\u00fc\u00e7\u00fck\u00e7ekmeceli \u00e7ocuklar\u0131n e\u011flenerek \u00f6\u011frendi\u011fi, keyifli vakit ge\u00e7irdi\u011fi portatif havuzlardan 6 y\u0131lda toplam 42 bin \u00e7ocuk yararland\u0131. Bu y\u0131l da 8 okula portatif havuz kuran K\u00fc\u00e7\u00fck\u00e7ekmece Belediyesi, 5 bin 483 kay\u0131t ald\u0131.<\/p>\n<p>Havuz Suyu Sabah \u00d6\u011fle Ak\u015fam Kontrol Ediliyor Temizleniyor<\/p>\n<p>Temmuz ba\u015f\u0131nda ba\u015flayan ve 9 A\u011fustos\u2019a kadar s\u00fcrecek olan kurslarda temel y\u00fczme e\u011fitiminin yan\u0131 s\u0131ra, do\u011fru nefes al\u0131p verme, ayak \u00e7\u0131rpma, kol hareketleri, su \u00fcst\u00fcnde kalma gibi \u00e7ocuklar\u0131n i\u015fine yarayacak pratik bilgiler de veriliyor. Y\u00fczme kursuna kat\u0131lan \u00e7ocuklar haftada 2 g\u00fcn 2 saat ders al\u0131yor. Havuzlarda y\u00fczme \u00f6\u011fretmeninin yan\u0131 s\u0131ra, birer ilk yard\u0131m uzman\u0131 ile cankurtaran hoca da bulunuyor. Portatif havuzlar\u0131n suyu sabah, \u00f6\u011fle ve ak\u015fam s\u00fcrekli kontrol edilerek temizleniyor.<\/p>\n<p>K\u00fc\u00e7\u00fck\u00e7ekmece Belediyesi Portatif Y\u00fczme Havuzlar\u0131ndan Faydalanmak isteyenler havuzlar\u0131n kuruldu\u011fu okul bah\u00e7elerinde kay\u0131t yapt\u0131rabilir.<\/p>\n<p>\u201cHer \u00c7ocuk E\u015fit Ya\u015fam \u015eartlar\u0131nda Hayat\u0131n\u0131 S\u00fcrd\u00fcrmeli\u201d<\/p>\n<p>Yaz d\u00f6neminde tatile gidemeyip evde bunalan K\u00fc\u00e7\u00fck\u00e7ekmeceli \u00e7ocuklar i\u00e7in \u00fccretsiz bir hizmet sunduklar\u0131n\u0131 s\u00f6yleyen K\u00fc\u00e7\u00fck\u00e7ekmece Belediye Ba\u015fkan\u0131 Kemal \u00c7ebi, \u201cBurada amac\u0131m\u0131z yaz\u0131n tatile gidemeyen, denize giremeyen \u00e7ocuklar\u0131m\u0131z\u0131n da y\u00fczmeyi \u00f6\u011frenmesi ve keyifli vakit ge\u00e7irmesi. Her \u00e7ocu\u011fun yaz tatilini mutlu ve faydal\u0131 ge\u00e7irmesini, \u00e7ocuklu\u011funu doya doya ya\u015famas\u0131n\u0131, e\u015fit ya\u015fam \u015fartlar\u0131nda hayatlar\u0131n\u0131 s\u00fcrd\u00fcrmesini istiyoruz\u201d ifadelerini kulland\u0131.<\/p>\n<p>\u201c\u00c7ocu\u011fu Sudan Korkan Birisi G\u00f6n\u00fcl Rahatl\u0131\u011f\u0131yla \u00c7ocu\u011funu Getirebilir\u201d<\/p>\n<p>K\u00fc\u00e7\u00fck\u00e7ekmeceli \u00e7ocuklar\u0131 su ile bar\u0131\u015ft\u0131rd\u0131klar\u0131n\u0131 s\u00f6yleyen y\u00fczme e\u011fitmeni \u0130brahim Kaymaz da, \u201c\u00d6ncelikle amac\u0131m\u0131z k\u00fc\u00e7\u00fck \u00e7ocuklar\u0131n su korkusunu yenmelerini sa\u011flamak. \u00c7ok fazla sudan korkan \u00e7ocu\u011fumuz oluyor. Dersten \u00f6nce a\u011flay\u0131p buradan ka\u00e7an \u00e7ocuklar\u0131m\u0131z oluyor. \u00c7ocu\u011fu sudan korkan birisi g\u00f6n\u00fcl rahatl\u0131\u011f\u0131yla \u00e7ocu\u011funu buraya getirebilir. Biz \u00e7ocuklar\u0131 suda \u00f6ncelikle gezdiriyoruz. Dersten \u00f6nce \u00e7ocuklar\u0131m\u0131z\u0131 motive edip \u00f6yle al\u0131yoruz. Hi\u00e7 y\u00fczme bilmeyen \u00e7ocuklar\u0131m\u0131z\u0131 temel hareketlerle e\u011fiterek ba\u015fl\u0131yoruz. Belli mekanik hareketleri \u00f6\u011frettikten sonra (kol \u00e7\u0131rp\u0131\u015flar\u0131, ayak hareketleri ve nefes kontrol\u00fc gibi) hepsini ayn\u0131 seviyeye getirerek y\u00fczme \u00f6\u011fretiyoruz\u201d diye konu\u015ftu.<\/p>\n<p>\u201c\u00c7ocu\u011fumu Denize G\u00f6t\u00fcremiyorum, Buraya Getiriyorum\u201d<\/p>\n<p>\u00c7ocuklar\u0131n\u0131 portatif havuzlara getiren Nurg\u00fcl Bekta\u015f  ise, \u201c\u00c7ok memnunum. \u00c7ok g\u00fczel bir aktivite. \u00c7ocu\u011fumu denize g\u00f6t\u00fcremiyorum, buraya getiriyorum. Y\u00fczmeyi bilmiyordu, burada \u00f6\u011frendi. K\u00fc\u00e7\u00fck\u00e7ekmece Belediye Ba\u015fkan\u0131 Kemal \u00c7ebi\u2019 ye ve K\u00fc\u00e7\u00fck\u00e7ekmece Belediyesi\u2019ne \u00e7ok te\u015fekk\u00fcr ediyorum\u201d dedi. Bahriye Akkaya (39) da, \u201cHer y\u0131l geliyoruz. \u00c7ok memnunuz. \u00c7ocuklar\u0131ma e\u011flenceli bir aktivite oluyor. \u00c7ok mutlular. \u00c7ok te\u015fekk\u00fcr ediyoruz\u201d \u015feklinde konu\u015ftu.<\/p>\n<p>Her sene portatif havuzlara geldi\u011fini belirten Umut Y\u0131ld\u0131r\u0131m (7) ise, y\u00fczme kurslar\u0131nda \u00e7ok e\u011flendi\u011fini ve y\u00fczmeyi \u00f6\u011frendi\u011fini s\u00f6yledi. 8 ya\u015f\u0131ndaki R\u00fcya \u00d6zt\u00fcrk de duygular\u0131n\u0131, \u201cHer yaz geliyorum. Ger\u00e7ekten burada olmak \u00e7ok keyifli, \u00e7ok e\u011flenceli. Y\u00fczmeyi burada \u00f6\u011frendim. \u00c7ok memnunum. \u00c7ok te\u015fekk\u00fcr ederim\u201d diyerek a\u00e7\u0131klad\u0131.<\/p>\n","protected":false},"excerpt":{"rendered":"<p>K\u00dc\u00c7\u00dcK\u00c7EKMECE BELED\u0130YES\u0130\u2019N\u0130N \u00c7OCUKLARA \u00dcCRETS\u0130Z OLARAK SUNDU\u011eU PORTAT\u0130F HAVUZLARDA Y\u00dcZME KURSLARI 2019 SEZONUNU A\u00c7TI.<\/p>\n","protected":false},"author":1,"featured_media":187555,"comment_status":"closed","ping_status":"open","sticky":false,"template":"","format":"standard","meta":{"jetpack_post_was_ever_published":false,"_jetpack_newsletter_access":"","_jetpack_dont_email_post_to_subs":false,"_jetpack_newsletter_tier_id":0,"_jetpack_memberships_contains_paywalled_content":false,"_jetpack_memberships_contains_paid_content":false,"footnotes":"","jetpack_publicize_message":"","jetpack_publicize_feature_enabled":true,"jetpack_social_post_already_shared":true,"jetpack_social_options":{"image_generator_settings":{"template":"highway","default_image_id":0,"font":"","enabled":false},"version":2}},"categories":[1],"tags":[2875,213,1008,40966,37,46672,46673],"class_list":["post-187554","post","type-post","status-publish","format-standard","has-post-thumbnail","hentry","category-genel","tag-atti","tag-bin","tag-cocuk","tag-havuzlarinda","tag-ilk","tag-kulacini","tag-portatif"],"jetpack_publicize_connections":[],"jetpack_featured_media_url":"https:\/\/i0.wp.com\/www.tvturk.com\/wp-content\/uploads\/2019\/07\/42-bin-cocuk-ilk-kulacini-portatif-havuzlarinda-atti_49df56e.jpg?fit=1000%2C666","jetpack_sharing_enabled":true,"jetpack_shortlink":"https:\/\/wp.me\/paKIfm-MN4","_links":{"self":[{"href":"http:\/\/www.tvturk.com\/index.php\/wp-json\/wp\/v2\/posts\/187554","targetHints":{"allow":["GET"]}}],"collection":[{"href":"http:\/\/www.tvturk.com\/index.php\/wp-json\/wp\/v2\/posts"}],"about":[{"href":"http:\/\/www.tvturk.com\/index.php\/wp-json\/wp\/v2\/types\/post"}],"author":[{"embeddable":true,"href":"http:\/\/www.tvturk.com\/index.php\/wp-json\/wp\/v2\/users\/1"}],"replies":[{"embeddable":true,"href":"http:\/\/www.tvturk.com\/index.php\/wp-json\/wp\/v2\/comments?post=187554"}],"version-history":[{"count":0,"href":"http:\/\/www.tvturk.com\/index.php\/wp-json\/wp\/v2\/posts\/187554\/revisions"}],"wp:featuredmedia":[{"embeddable":true,"href":"http:\/\/www.tvturk.com\/index.php\/wp-json\/wp\/v2\/media\/187555"}],"wp:attachment":[{"href":"http:\/\/www.tvturk.com\/index.php\/wp-json\/wp\/v2\/media?parent=187554"}],"wp:term":[{"taxonomy":"category","embeddable":true,"href":"http:\/\/www.tvturk.com\/index.php\/wp-json\/wp\/v2\/categories?post=187554"},{"taxonomy":"post_tag","embeddable":true,"href":"http:\/\/www.tvturk.com\/index.php\/wp-json\/wp\/v2\/tags?post=187554"}],"curies":[{"name":"wp","href":"https:\/\/api.w.org\/{rel}","templated":true}]}}