{"id":187572,"date":"2019-07-29T11:46:51","date_gmt":"2019-07-29T08:46:51","guid":{"rendered":"http:\/\/www.tvturk.com\/index.php\/kopeklerin-saldirdigi-gelincik-telef-oldu\/"},"modified":"2019-07-29T11:46:51","modified_gmt":"2019-07-29T08:46:51","slug":"kopeklerin-saldirdigi-gelincik-telef-oldu","status":"publish","type":"post","link":"http:\/\/www.tvturk.com\/index.php\/kopeklerin-saldirdigi-gelincik-telef-oldu\/","title":{"rendered":"K\u00f6peklerin sald\u0131rd\u0131\u011f\u0131 gelincik telef oldu"},"content":{"rendered":"<p>Tunceli\u2019nin \u00c7emi\u015fgezek il\u00e7esinde nesli t\u00fckenme tehlikesi alt\u0131nda olan bir gelincik, k\u00f6pekler taraf\u0131ndan telef edilmi\u015f \u015fekilde bulundu.<\/p>\n<p>Olay, gece saatlerinde il\u00e7eye ba\u011fl\u0131  Mescit Mahallesinde ara sokakta meydana geldi. K\u00f6pek sesi duyan vatanda\u015flar, \u00f6lm\u00fc\u015f halde gelincik buldu. Gelinci\u011fin k\u00f6peklerinin sald\u0131r\u0131s\u0131 sonucu \u00f6ld\u00fc\u011f\u00fcn\u00fcn tahmin edildi\u011fi \u00f6\u011frenildi.<\/p>\n<p>Telef olan gelinci\u011fi yol kenar\u0131nda g\u00f6ren Serdar Demir, \u201cHayvan\u0131n \u00f6ld\u00fc\u011f\u00fc noktaya daha gelmeden yo\u011fun k\u00f6pek sesleri duydum. Vard\u0131\u011f\u0131m noktada \u00f6l\u00fc ama daha \u00f6nce hi\u00e7 g\u00f6rmedi\u011fim bir hayvan g\u00f6rd\u00fcm.  Ben normalde hayvanc\u0131l\u0131kla u\u011fra\u015ft\u0131\u011f\u0131m i\u00e7in s\u00fcrekli yabanday\u0131m.  Bu t\u00fcr bir hayvanla ilk kez kar\u015f\u0131la\u015ft\u0131m. \u0130nternet haberlerinde daha \u00f6nce g\u00f6rd\u00fc\u011f\u00fcm gelincik oldu\u011funu fark ettim.  Gelincik yaz ve k\u0131\u015f aylar\u0131nda renk de\u011fi\u015ftirdi\u011fini de okumu\u015ftum. Nesli t\u00fckenmekte olan bu hayvan il\u00e7e merkezimize kadar gelmesi bir zenginliktir. \u00c7emi\u015fgezek bu a\u00e7\u0131dan \u00e7ok \u015fansl\u0131. \u0130n\u015fallah b\u00f6lgemizde bu hayvanlar\u0131n devam\u0131 vard\u0131r\u201d diye konu\u015ftu.<\/p>\n","protected":false},"excerpt":{"rendered":"<p>\u0130L\u00c7E MERKEZ\u0130NE \u0130NEN GEL\u0130NC\u0130K, K\u00d6PEKLER\u0130N SALDIRISINA U\u011eRADI<\/p>\n","protected":false},"author":1,"featured_media":187573,"comment_status":"closed","ping_status":"open","sticky":false,"template":"","format":"standard","meta":{"jetpack_post_was_ever_published":false,"_jetpack_newsletter_access":"","_jetpack_dont_email_post_to_subs":false,"_jetpack_newsletter_tier_id":0,"_jetpack_memberships_contains_paywalled_content":false,"_jetpack_memberships_contains_paid_content":false,"footnotes":"","jetpack_publicize_message":"","jetpack_publicize_feature_enabled":true,"jetpack_social_post_already_shared":true,"jetpack_social_options":{"image_generator_settings":{"template":"highway","default_image_id":0,"font":"","enabled":false},"version":2}},"categories":[1],"tags":[13173,4626,77,14272,2693],"class_list":["post-187572","post","type-post","status-publish","format-standard","has-post-thumbnail","hentry","category-genel","tag-gelincik","tag-kopeklerin","tag-oldu","tag-saldirdigi","tag-telef"],"jetpack_publicize_connections":[],"jetpack_featured_media_url":"https:\/\/i0.wp.com\/www.tvturk.com\/wp-content\/uploads\/2019\/07\/kopeklerin-saldirdigi-gelincik-telef-oldu_d83ec06.jpg?fit=1000%2C562","jetpack_sharing_enabled":true,"jetpack_shortlink":"https:\/\/wp.me\/paKIfm-MNm","_links":{"self":[{"href":"http:\/\/www.tvturk.com\/index.php\/wp-json\/wp\/v2\/posts\/187572","targetHints":{"allow":["GET"]}}],"collection":[{"href":"http:\/\/www.tvturk.com\/index.php\/wp-json\/wp\/v2\/posts"}],"about":[{"href":"http:\/\/www.tvturk.com\/index.php\/wp-json\/wp\/v2\/types\/post"}],"author":[{"embeddable":true,"href":"http:\/\/www.tvturk.com\/index.php\/wp-json\/wp\/v2\/users\/1"}],"replies":[{"embeddable":true,"href":"http:\/\/www.tvturk.com\/index.php\/wp-json\/wp\/v2\/comments?post=187572"}],"version-history":[{"count":0,"href":"http:\/\/www.tvturk.com\/index.php\/wp-json\/wp\/v2\/posts\/187572\/revisions"}],"wp:featuredmedia":[{"embeddable":true,"href":"http:\/\/www.tvturk.com\/index.php\/wp-json\/wp\/v2\/media\/187573"}],"wp:attachment":[{"href":"http:\/\/www.tvturk.com\/index.php\/wp-json\/wp\/v2\/media?parent=187572"}],"wp:term":[{"taxonomy":"category","embeddable":true,"href":"http:\/\/www.tvturk.com\/index.php\/wp-json\/wp\/v2\/categories?post=187572"},{"taxonomy":"post_tag","embeddable":true,"href":"http:\/\/www.tvturk.com\/index.php\/wp-json\/wp\/v2\/tags?post=187572"}],"curies":[{"name":"wp","href":"https:\/\/api.w.org\/{rel}","templated":true}]}}