{"id":187576,"date":"2019-07-29T11:47:18","date_gmt":"2019-07-29T08:47:18","guid":{"rendered":"http:\/\/www.tvturk.com\/index.php\/yeni-malatyaspor-yarin-slovenya-yolcusu\/"},"modified":"2019-07-29T11:47:18","modified_gmt":"2019-07-29T08:47:18","slug":"yeni-malatyaspor-yarin-slovenya-yolcusu","status":"publish","type":"post","link":"http:\/\/www.tvturk.com\/index.php\/yeni-malatyaspor-yarin-slovenya-yolcusu\/","title":{"rendered":"Yeni Malatyaspor yar\u0131n Slovenya yolcusu"},"content":{"rendered":"<p>UEFA Avrupa Ligi 2. \u00d6n Eleme Turu r\u00f6van\u015f ma\u00e7\u0131nda 1 A\u011fustos Per\u015fembe g\u00fcn\u00fc deplasmanda Olimpija Ljubljana tak\u0131m\u0131yla kar\u015f\u0131la\u015facak olan Yeni Malatyaspor yar\u0131n Slovenya\u2019ya gidecek.<\/p>\n<p>Tarihinde ilk kez UEFA Avrupa Ligi\u2019ne kat\u0131lan sar\u0131-k\u0131rm\u0131z\u0131l\u0131lar, ge\u00e7en hafta sahas\u0131nda rakibi Olimpija Ljubljana ile oynad\u0131\u011f\u0131 ilk ma\u00e7ta sahadan 2-2\u2019lik skorla ayr\u0131lm\u0131\u015ft\u0131. Malatya ekibi ikinci ma\u00e7 i\u00e7in haz\u0131rl\u0131klar\u0131n\u0131 s\u00fcrd\u00fcr\u00fcrken, tak\u0131m\u0131n yar\u0131n \u0130stanbul\u2019dan Slovenya\u2019ya gidece\u011fi belirtildi. Olimpija Ljubljana kar\u015f\u0131la\u015fmas\u0131n\u0131n son \u00e7al\u0131\u015fmas\u0131n\u0131 Nurettin Soykan Tesisleri\u2019nde yapan sar\u0131-k\u0131rm\u0131z\u0131l\u0131larda eksik oyuncu bulunmazken, Sergen Yal\u00e7\u0131n\u2019\u0131n ilk ma\u00e7taki on birden iki de\u011fi\u015fikli\u011fe gitmesi bekleniyor.<\/p>\n<p>Slovenya ekibiyle oynad\u0131\u011f\u0131 ilk ma\u00e7ta istedi\u011fi skoru elde edemeyen Yeni Malatyaspor, deplasmanda rakibini yenerek T\u00fcrkiye\u2019ye tur atlayarak d\u00f6nmek istiyor.<\/p>\n<p>Yeni Malatyaspor sabah yapt\u0131\u011f\u0131 \u00e7al\u0131\u015fman\u0131n ard\u0131ndan haz\u0131rl\u0131klar\u0131n\u0131n Malatya aya\u011f\u0131n\u0131 tamamlad\u0131. Olimpija Ljubljana ma\u00e7\u0131n\u0131n son \u00e7al\u0131\u015fmas\u0131n\u0131 yar\u0131n \u0130stanbul\u2019da ger\u00e7ekle\u015ftirecek olan sar\u0131-k\u0131rm\u0131z\u0131l\u0131lar buradan Slovenya\u2019ya gidecek.<\/p>\n","protected":false},"excerpt":{"rendered":"<p>UEFA AVRUPA L\u0130G\u0130 2. \u00d6N ELEME TURU R\u00d6VAN\u015e MA\u00c7INDA 1 A\u011eUSTOS PER\u015eEMBE G\u00dcN\u00dc DEPLASMANDA OL\u0130MP\u0130JA LJUBLJANA TAKIMIYLA KAR\u015eILA\u015eACAK OLAN YEN\u0130 MALATYASPOR YARIN SLOVENYA\u2019YA G\u0130DECEK.<\/p>\n","protected":false},"author":1,"featured_media":187577,"comment_status":"closed","ping_status":"open","sticky":false,"template":"","format":"standard","meta":{"jetpack_post_was_ever_published":false,"_jetpack_newsletter_access":"","_jetpack_dont_email_post_to_subs":false,"_jetpack_newsletter_tier_id":0,"_jetpack_memberships_contains_paywalled_content":false,"_jetpack_memberships_contains_paid_content":false,"footnotes":"","jetpack_publicize_message":"","jetpack_publicize_feature_enabled":true,"jetpack_social_post_already_shared":true,"jetpack_social_options":{"image_generator_settings":{"template":"highway","default_image_id":0,"font":"","enabled":false},"version":2}},"categories":[657],"tags":[528,17424,2111,87,5464],"class_list":["post-187576","post","type-post","status-publish","format-standard","has-post-thumbnail","hentry","category-spor","tag-malatyaspor","tag-slovenya","tag-yarin","tag-yeni","tag-yolcusu"],"jetpack_publicize_connections":[],"jetpack_featured_media_url":"https:\/\/i0.wp.com\/www.tvturk.com\/wp-content\/uploads\/2019\/07\/yeni-malatyaspor-yarin-slovenya-yolcusu_50c93cd.jpg?fit=960%2C808","jetpack_sharing_enabled":true,"jetpack_shortlink":"https:\/\/wp.me\/paKIfm-MNq","_links":{"self":[{"href":"http:\/\/www.tvturk.com\/index.php\/wp-json\/wp\/v2\/posts\/187576","targetHints":{"allow":["GET"]}}],"collection":[{"href":"http:\/\/www.tvturk.com\/index.php\/wp-json\/wp\/v2\/posts"}],"about":[{"href":"http:\/\/www.tvturk.com\/index.php\/wp-json\/wp\/v2\/types\/post"}],"author":[{"embeddable":true,"href":"http:\/\/www.tvturk.com\/index.php\/wp-json\/wp\/v2\/users\/1"}],"replies":[{"embeddable":true,"href":"http:\/\/www.tvturk.com\/index.php\/wp-json\/wp\/v2\/comments?post=187576"}],"version-history":[{"count":0,"href":"http:\/\/www.tvturk.com\/index.php\/wp-json\/wp\/v2\/posts\/187576\/revisions"}],"wp:featuredmedia":[{"embeddable":true,"href":"http:\/\/www.tvturk.com\/index.php\/wp-json\/wp\/v2\/media\/187577"}],"wp:attachment":[{"href":"http:\/\/www.tvturk.com\/index.php\/wp-json\/wp\/v2\/media?parent=187576"}],"wp:term":[{"taxonomy":"category","embeddable":true,"href":"http:\/\/www.tvturk.com\/index.php\/wp-json\/wp\/v2\/categories?post=187576"},{"taxonomy":"post_tag","embeddable":true,"href":"http:\/\/www.tvturk.com\/index.php\/wp-json\/wp\/v2\/tags?post=187576"}],"curies":[{"name":"wp","href":"https:\/\/api.w.org\/{rel}","templated":true}]}}