{"id":187624,"date":"2019-07-29T13:16:39","date_gmt":"2019-07-29T10:16:39","guid":{"rendered":"http:\/\/www.tvturk.com\/index.php\/bosna-hersekli-ogrenciler-hamur-acti-gozleme-pisirdi\/"},"modified":"2019-07-29T13:16:39","modified_gmt":"2019-07-29T10:16:39","slug":"bosna-hersekli-ogrenciler-hamur-acti-gozleme-pisirdi","status":"publish","type":"post","link":"http:\/\/www.tvturk.com\/index.php\/bosna-hersekli-ogrenciler-hamur-acti-gozleme-pisirdi\/","title":{"rendered":"Bosna Hersekli \u00f6\u011frenciler hamur a\u00e7t\u0131, g\u00f6zleme pi\u015firdi"},"content":{"rendered":"<p>Tokat\u2019a Bosna Hersek\u2019ten T\u00fcrk\u00e7e \u00f6\u011frenmek i\u00e7in gelen \u00f6\u011frenciler k\u00fclt\u00fcrel faaliyetler kapsam\u0131nda k\u00f6yde \u015feftali toplad\u0131ktan sonra hamur a\u00e7t\u0131, g\u00f6zleme pi\u015firdi.<\/p>\n<p>Tokat Gaziosmanpa\u015fa \u00dcniversitesi T\u00fcrk\u00e7e \u00d6\u011fretim Uygulama ve Ara\u015ft\u0131rma Merkezi\u2019nde (T\u00d6MER) T\u00fcrkoloji B\u00f6l\u00fcm\u00fcnde e\u011fitim g\u00f6ren Bosnal\u0131 \u00f6\u011frenciler \u015fehrin do\u011fal g\u00fczelliklerinin yan\u0131 s\u0131ra k\u00fclt\u00fcr\u00fcn\u00fc tan\u0131ma f\u0131rsat\u0131 buluyor. T\u00fcrk\u00e7e\u2019yi ve T\u00fcrk K\u00fclt\u00fcr\u00fcn\u00fc ya\u015fayarak \u00f6\u011frenmeleri amac\u0131yla d\u00fczenlenen etkinlikler kapsam\u0131nda \u00f6\u011frenciler \u00e7e\u015fitli aktivitelere kat\u0131l\u0131yor. Bu kapsamda \u00fcniversitenin yolcu otob\u00fcs\u00fc ile merkeze ba\u011fl\u0131 B\u00fcy\u00fcky\u0131ld\u0131z K\u00f6y\u00fc Mavi Bah\u00e7eye getirilen 40 Bosna Hersek\u2019li \u00f6\u011frenci bah\u00e7ede \u015feftali toplad\u0131. Dal\u0131ndan \u015feftali toplayarak tad\u0131na bakan \u00f6\u011frenciler k\u00f6yde do\u011fa ile i\u00e7 i\u00e7e y\u00fcr\u00fcy\u00fc\u015f yapman\u0131n keyfini \u00e7\u0131kard\u0131. Daha sonra k\u00f6yde kurulan sac ocaklarda g\u00f6zleme yapan kad\u0131nlar\u0131n yan\u0131na ge\u00e7en \u00f6\u011frenciler hamur a\u00e7may\u0131 ve sacda pi\u015firmeyi \u00f6\u011frendi. Bosnal\u0131 \u00f6\u011frenciler kendileri hamur a\u00e7\u0131p pi\u015firdikleri \u00e7\u00f6kelekli ve katmerin tad\u0131na bakt\u0131.<\/p>\n<p>Tokat Gaziosmanpa\u015fa \u00dcniversitesi Uluslararas\u0131 \u0130li\u015fkiler Ofisi Koordinat\u00f6r\u00fc Prof. Dr. Kubilay \u00d6zyer, Bosna Hersek\u2019ten T\u00fcrk\u00e7e dil kursu i\u00e7in Tokat\u2019a yaz okuluna gelen \u00f6\u011frencilerin k\u00f6yde d\u00fczenlenen etkinlikten memnun oldu\u011funu s\u00f6yledi. Bu t\u00fcr programlar\u0131n art\u0131r\u0131larak devam edece\u011fini ifade eden \u00d6zyer, \u00f6\u011frencilerin k\u00fclt\u00fcrel faaliyetlerle \u00f6nemli kazan\u0131mlar elde etti\u011fini kaydetti.<\/p>\n<p>Bosna Hersek\u2019li \u00f6\u011frenci Neyra Serevina, k\u00f6yde \u015feftali toplamaktan mutlu olduklar\u0131n\u0131, \u00e7ok e\u011flendiklerini ifade ederek, \u201cBuras\u0131 \u00e7ok g\u00fczel, insanlar s\u0131cak kanl\u0131. Bizim \u015fehrimize \u00e7ok benziyor. \u00c7ok be\u011fendik\u201d dedi. Sel\u00e7uk Yahya ise Bosna Hersek Tuzla \u00dcniversitesinden Tokat\u2019a geldiklerini \u00e7e\u015fitli aktivitelerde yer almaktan mutlu oldu\u011funu s\u00f6yledi.<\/p>\n","protected":false},"excerpt":{"rendered":"<p>TOKAT\u2019A GELEN BOSNA HERSEK&#8217;L\u0130 \u00d6\u011eRENC\u0130LER K\u00d6YDE \u015eEFTAL\u0130 TOPLAYARAK TADINA BAKTI.<\/p>\n","protected":false},"author":1,"featured_media":187625,"comment_status":"closed","ping_status":"open","sticky":false,"template":"","format":"standard","meta":{"jetpack_post_was_ever_published":false,"_jetpack_newsletter_access":"","_jetpack_dont_email_post_to_subs":false,"_jetpack_newsletter_tier_id":0,"_jetpack_memberships_contains_paywalled_content":false,"_jetpack_memberships_contains_paid_content":false,"footnotes":"","jetpack_publicize_message":"","jetpack_publicize_feature_enabled":true,"jetpack_social_post_already_shared":true,"jetpack_social_options":{"image_generator_settings":{"template":"highway","default_image_id":0,"font":"","enabled":false},"version":2}},"categories":[1],"tags":[1494,26638,46691,13292,46690,1293,22041],"class_list":["post-187624","post","type-post","status-publish","format-standard","has-post-thumbnail","hentry","category-genel","tag-acti","tag-bosna","tag-gozleme","tag-hamur","tag-hersekli","tag-ogrenciler","tag-pisirdi"],"jetpack_publicize_connections":[],"jetpack_featured_media_url":"https:\/\/i0.wp.com\/www.tvturk.com\/wp-content\/uploads\/2019\/07\/bosna-hersekli-ogrenciler-hamur-acti-gozleme-pisirdi_41e16a6.jpg?fit=1000%2C671","jetpack_sharing_enabled":true,"jetpack_shortlink":"https:\/\/wp.me\/paKIfm-MOc","_links":{"self":[{"href":"http:\/\/www.tvturk.com\/index.php\/wp-json\/wp\/v2\/posts\/187624","targetHints":{"allow":["GET"]}}],"collection":[{"href":"http:\/\/www.tvturk.com\/index.php\/wp-json\/wp\/v2\/posts"}],"about":[{"href":"http:\/\/www.tvturk.com\/index.php\/wp-json\/wp\/v2\/types\/post"}],"author":[{"embeddable":true,"href":"http:\/\/www.tvturk.com\/index.php\/wp-json\/wp\/v2\/users\/1"}],"replies":[{"embeddable":true,"href":"http:\/\/www.tvturk.com\/index.php\/wp-json\/wp\/v2\/comments?post=187624"}],"version-history":[{"count":0,"href":"http:\/\/www.tvturk.com\/index.php\/wp-json\/wp\/v2\/posts\/187624\/revisions"}],"wp:featuredmedia":[{"embeddable":true,"href":"http:\/\/www.tvturk.com\/index.php\/wp-json\/wp\/v2\/media\/187625"}],"wp:attachment":[{"href":"http:\/\/www.tvturk.com\/index.php\/wp-json\/wp\/v2\/media?parent=187624"}],"wp:term":[{"taxonomy":"category","embeddable":true,"href":"http:\/\/www.tvturk.com\/index.php\/wp-json\/wp\/v2\/categories?post=187624"},{"taxonomy":"post_tag","embeddable":true,"href":"http:\/\/www.tvturk.com\/index.php\/wp-json\/wp\/v2\/tags?post=187624"}],"curies":[{"name":"wp","href":"https:\/\/api.w.org\/{rel}","templated":true}]}}