{"id":187628,"date":"2019-07-29T13:16:48","date_gmt":"2019-07-29T10:16:48","guid":{"rendered":"http:\/\/www.tvturk.com\/index.php\/trabzonda-9-ulke-el-ele-hayde-horona-festivali\/"},"modified":"2019-07-29T13:16:48","modified_gmt":"2019-07-29T10:16:48","slug":"trabzonda-9-ulke-el-ele-hayde-horona-festivali","status":"publish","type":"post","link":"http:\/\/www.tvturk.com\/index.php\/trabzonda-9-ulke-el-ele-hayde-horona-festivali\/","title":{"rendered":"Trabzon\u2019da \u201c9 \u00dclke El Ele Hayde Horona\u201d festivali"},"content":{"rendered":"<p>Trabzon B\u00fcy\u00fck\u015fehir Belediyesi, k\u00fclt\u00fcrel ve sosyal etkinliklere y\u00f6nelik projeleri kapsam\u0131nda, \u20189 \u00dclke El Ele Hayde Horona\u2019 slogan\u0131yla uluslararas\u0131 horon festivali d\u00fczenleyecek.<\/p>\n<p>Festivale, T\u00fcrkiye\u2019nin yan\u0131 s\u0131ra, Azerbaycan, KKTC, Bulgaristan, G\u00fcrcistan, \u0130ran, Meksika, Rusya ve Yunanistan\u2019dan horon ekiplerinin kat\u0131laca\u011f\u0131n\u0131 belirten  Trabzon B\u00fcy\u00fck\u015fehir Belediye Ba\u015fkan\u0131 Murat Zorluo\u011flu, \u201cB\u00fcy\u00fck\u015fehir Belediyemiz organizasyonunda, K\u00fclt\u00fcr Bakanl\u0131\u011f\u0131m\u0131z, Valili\u011fimiz ve Ortahisar Belediyemizin de destekleriyle, 01 &#8211; 04 A\u011fustos 2019 tarihlerinde in\u015fallah Trabzon\u2019umuzu yak\u0131\u015fan bir festival tertipleyece\u011fiz. Festivalimizde; horon k\u00fclt\u00fcr\u00fcm\u00fcz\u00fc, horonun y\u00f6resel bir danstan \u00e7ok, insanlar\u0131 co\u015fku ve e\u011flence \u00e7emberinde bulu\u015fturup birle\u015ftiren y\u00f6n\u00fcn\u00fc \u00fclkemize ve d\u00fcnyaya bir kez daha anlatmay\u0131 ama\u00e7l\u0131yoruz\u201d dedi.<\/p>\n<p>Atat\u00fcrk Alan\u0131 (Meydan Park\u0131), Of ve D\u00fczk\u00f6y il\u00e7elerinde hem profesyonel horon ekiplerinin hem de etkinli\u011fi takip edenlerin, ayn\u0131 co\u015fkuyla horona ba\u011flayaca\u011f\u0131n\u0131 anlatan Ba\u015fkan Zorluo\u011flu, b\u00f6ylelikle farkl\u0131 \u00fclke vatanda\u015flar\u0131n\u0131n, ya\u015f, cinsiyet veya stat\u00fc fark etmeksizin t\u00fcm kesimlerin, horon festivalinde bir araya gelece\u011fini s\u00f6yledi.<\/p>\n<p>Zorluo\u011flu, Ekin Uzunlar, Mehmet Y\u0131lmaz, Onay \u015eahin, Resul D\u00fcndar, Sinan Y\u0131lmaz, Yusuf Cemal Keskin ve Zeynep Ba\u015fkan gibi birbirinden de\u011ferli Karadeniz m\u00fczi\u011fi icrac\u0131lar\u0131n\u0131n sahne alaca\u011f\u0131 festivalde, s\u00fcrpriz etkinliklerin ve yar\u0131\u015fmalar\u0131n da d\u00fczenlenece\u011fini s\u00f6zlerine ekledi.<\/p>\n","protected":false},"excerpt":{"rendered":"<p>B\u00dcY\u00dcK\u015eEH\u0130R BELED\u0130YE BA\u015eKANI MURAT ZORLUO\u011eLU, TRABZON&#8217;A YAKI\u015eAN B\u0130R FEST\u0130VAL TERT\u0130PLEYECEKLER\u0130N\u0130 BEL\u0130RTT\u0130.<\/p>\n","protected":false},"author":1,"featured_media":187629,"comment_status":"closed","ping_status":"open","sticky":false,"template":"","format":"standard","meta":{"jetpack_post_was_ever_published":false,"_jetpack_newsletter_access":"","_jetpack_dont_email_post_to_subs":false,"_jetpack_newsletter_tier_id":0,"_jetpack_memberships_contains_paywalled_content":false,"_jetpack_memberships_contains_paid_content":false,"footnotes":"","jetpack_publicize_message":"","jetpack_publicize_feature_enabled":true,"jetpack_social_post_already_shared":true,"jetpack_social_options":{"image_generator_settings":{"template":"highway","default_image_id":0,"font":"","enabled":false},"version":2}},"categories":[1],"tags":[17567,385,3400,46693,26932,248,7684],"class_list":["post-187628","post","type-post","status-publish","format-standard","has-post-thumbnail","hentry","category-genel","tag-17567","tag-ele","tag-festivali","tag-hayde","tag-horona","tag-trabzonda","tag-ulke"],"jetpack_publicize_connections":[],"jetpack_featured_media_url":"https:\/\/i0.wp.com\/www.tvturk.com\/wp-content\/uploads\/2019\/07\/trabzonda-9-ulke-el-ele-hayde-horona-festivali_ce590ad.jpg?fit=1000%2C589","jetpack_sharing_enabled":true,"jetpack_shortlink":"https:\/\/wp.me\/paKIfm-MOg","_links":{"self":[{"href":"http:\/\/www.tvturk.com\/index.php\/wp-json\/wp\/v2\/posts\/187628","targetHints":{"allow":["GET"]}}],"collection":[{"href":"http:\/\/www.tvturk.com\/index.php\/wp-json\/wp\/v2\/posts"}],"about":[{"href":"http:\/\/www.tvturk.com\/index.php\/wp-json\/wp\/v2\/types\/post"}],"author":[{"embeddable":true,"href":"http:\/\/www.tvturk.com\/index.php\/wp-json\/wp\/v2\/users\/1"}],"replies":[{"embeddable":true,"href":"http:\/\/www.tvturk.com\/index.php\/wp-json\/wp\/v2\/comments?post=187628"}],"version-history":[{"count":0,"href":"http:\/\/www.tvturk.com\/index.php\/wp-json\/wp\/v2\/posts\/187628\/revisions"}],"wp:featuredmedia":[{"embeddable":true,"href":"http:\/\/www.tvturk.com\/index.php\/wp-json\/wp\/v2\/media\/187629"}],"wp:attachment":[{"href":"http:\/\/www.tvturk.com\/index.php\/wp-json\/wp\/v2\/media?parent=187628"}],"wp:term":[{"taxonomy":"category","embeddable":true,"href":"http:\/\/www.tvturk.com\/index.php\/wp-json\/wp\/v2\/categories?post=187628"},{"taxonomy":"post_tag","embeddable":true,"href":"http:\/\/www.tvturk.com\/index.php\/wp-json\/wp\/v2\/tags?post=187628"}],"curies":[{"name":"wp","href":"https:\/\/api.w.org\/{rel}","templated":true}]}}