{"id":187672,"date":"2019-07-29T14:31:31","date_gmt":"2019-07-29T11:31:31","guid":{"rendered":"http:\/\/www.tvturk.com\/index.php\/ingiltereden-irana-uyari-karanliktan-cikmak-icin-petrol-tankerini-serbest-birakin\/"},"modified":"2019-07-29T14:31:31","modified_gmt":"2019-07-29T11:31:31","slug":"ingiltereden-irana-uyari-karanliktan-cikmak-icin-petrol-tankerini-serbest-birakin","status":"publish","type":"post","link":"http:\/\/www.tvturk.com\/index.php\/ingiltereden-irana-uyari-karanliktan-cikmak-icin-petrol-tankerini-serbest-birakin\/","title":{"rendered":"\u0130ngiltere\u2019den \u0130ran\u2019a uyar\u0131: \u201cKaranl\u0131ktan \u00e7\u0131kmak i\u00e7in petrol tankerini serbest b\u0131rak\u0131n\u201d"},"content":{"rendered":"<p>\u0130ngiltere D\u0131\u015fi\u015fleri Bakan\u0131 Dominic Raab \u0130ran\u2019la ya\u015fanan tanker krizine ili\u015fkin, \u201cKaranl\u0131ktan \u00e7\u0131kmak istiyorlarsa uluslararas\u0131 kurallara uyarak K\u00f6rfez\u2019deki g\u00fc\u00e7lerin al\u0131koydu\u011fu \u0130ngiliz band\u0131ral\u0131 petrol tankerini serbest b\u0131rakmal\u0131lar\u201d dedi.<\/p>\n<p>\u0130ngiltere ve \u0130ran aras\u0131nda tanker krizi b\u00fcy\u00fcyor. \u0130ran medyas\u0131, bug\u00fcn \u0130ngiltere band\u0131ral\u0131 petrol tankeri Stena Impero\u2019yu ele ge\u00e7irmeden \u00f6nce \u0130ngiliz sava\u015f gemisiyle yap\u0131lan telsiz konu\u015fmalar\u0131n\u0131 yay\u0131nlad\u0131.<\/p>\n<p>\u0130ran\u2019\u0131n konu\u015fmalar\u0131 yay\u0131nlamas\u0131n\u0131n ard\u0131ndan \u0130ngiltere\u2019den de a\u00e7\u0131klama geldi. \u0130ngiltere D\u0131\u015fi\u015fleri Bakan\u0131 Dominic Raab \u0130ngiliz medyas\u0131na yapt\u0131\u011f\u0131 a\u00e7\u0131klamada, &#8220;\u0130ranl\u0131lar karanl\u0131ktan \u00e7\u0131kmak ve uluslararas\u0131 toplumun sorumlu bir \u00fcyesi olarak kabul edilmek istiyorlarsa uluslararas\u0131 toplumun kurallara dayal\u0131 sistemine uymalar\u0131 gerekir&#8221; dedi. \u0130ran\u2019a karanl\u0131ktan \u00e7\u0131kmalar\u0131 i\u00e7in petrol tankerini serbest b\u0131rakmalar\u0131 \u00e7a\u011fr\u0131s\u0131 yapan Raab, \u201cYabanc\u0131 gemilere yasa d\u0131\u015f\u0131 el koyamazs\u0131n\u0131z\u201d ifadelerini kulland\u0131.<\/p>\n<p>\u0130ran bug\u00fcn devrim muhaf\u0131zlar\u0131n\u0131n al\u0131koydu\u011fu Stena Impero adl\u0131 petrol tankerine eskortluk yapan sava\u015f gemisine y\u00f6nelik uyar\u0131lar\u0131n yer ald\u0131\u011f\u0131 telsiz konu\u015fmalar\u0131n\u0131 ve g\u00f6r\u00fcnt\u00fcleri yay\u0131nlad\u0131. S\u00f6z konusu telsiz konu\u015fmalar\u0131nda devrim muhaf\u0131zlar\u0131n\u0131n \u0130ngiliz m\u00fcrettebata \u201cHayat\u0131n\u0131z\u0131 tehlikeye atmay\u0131n\u201d \u00e7a\u011fr\u0131s\u0131 yer al\u0131yor.<\/p>\n<p>\u0130ngiltere\u2019ye ba\u011fl\u0131 Cebelitar\u0131k \u00d6zerk Y\u00f6netimi, 4 Temmuz\u2019da Cebelitar\u0131k\u2019ta Suriye\u2019ye y\u00f6nelik ambargoyu ihlal etti\u011fi gerek\u00e7esiyle \u0130ran\u2019a ait bir tankeri al\u0131koymu\u015ftu. \u0130ran ise misilleme yaparak 19 Temmuz\u2019da H\u00fcrm\u00fcz Bo\u011faz\u0131\u2019nda denizcilik kurallar\u0131n\u0131 ihlal etti\u011fi gerek\u00e7esiyle \u0130ngiltere band\u0131ral\u0131 petrol tankeri Steno Impero\u2019yu al\u0131koydu\u011funu a\u00e7\u0131klam\u0131\u015ft\u0131.<\/p>\n<p>Sonras\u0131nda \u0130ngiltere, t\u0131rmanan gerginli\u011fin ard\u0131ndan Avrupa Birli\u011fi (AB) deniz koruma misyonunu olu\u015fturulmas\u0131 i\u00e7in giri\u015fimde bulunmu\u015f AB \u00fclkeleri ile g\u00f6r\u00fc\u015fmelere ba\u015flam\u0131\u015ft\u0131.<\/p>\n<p>\u0130ki \u00fclke aras\u0131nda patlak veren krizin ard\u0131ndan \u0130ngiltere ge\u00e7ti\u011fimiz hafta H\u00fcrm\u00fcz Bo\u011faz\u0131\u2019nda \u0130ngiliz band\u0131ral\u0131 gemilere e\u015flik etmesi i\u00e7in bir sava\u015f gemisi g\u00f6revlendirmi\u015fti.<\/p>\n","protected":false},"excerpt":{"rendered":"<p>\u0130RAN, \u0130NG\u0130LTERE BANDIRALI PETROL TANKER\u0130 STENA IMPERO&#8217;YA EL KOYMU\u015eTU<\/p>\n","protected":false},"author":1,"featured_media":187673,"comment_status":"closed","ping_status":"open","sticky":false,"template":"","format":"standard","meta":{"jetpack_post_was_ever_published":false,"_jetpack_newsletter_access":"","_jetpack_dont_email_post_to_subs":false,"_jetpack_newsletter_tier_id":0,"_jetpack_memberships_contains_paywalled_content":false,"_jetpack_memberships_contains_paid_content":false,"footnotes":"","jetpack_publicize_message":"","jetpack_publicize_feature_enabled":true,"jetpack_social_post_already_shared":true,"jetpack_social_options":{"image_generator_settings":{"template":"highway","default_image_id":0,"font":"","enabled":false},"version":2}},"categories":[10],"tags":[46705,9017,3381,44,30491,12974,19515,594,46706,4084],"class_list":["post-187672","post","type-post","status-publish","format-standard","has-post-thumbnail","hentry","category-dunya","tag-karanliktan","tag-birakin","tag-cikmak","tag-icin","tag-ingiltereden","tag-irana","tag-petrol","tag-serbest","tag-tankerini","tag-uyari"],"jetpack_publicize_connections":[],"jetpack_featured_media_url":"https:\/\/i0.wp.com\/www.tvturk.com\/wp-content\/uploads\/2019\/07\/ingiltereden-irana-uyari-karanliktan-cikmak-icin-petrol-tankerini-serbest-birakin_9b315fc.jpg?fit=1000%2C665","jetpack_sharing_enabled":true,"jetpack_shortlink":"https:\/\/wp.me\/paKIfm-MOY","_links":{"self":[{"href":"http:\/\/www.tvturk.com\/index.php\/wp-json\/wp\/v2\/posts\/187672","targetHints":{"allow":["GET"]}}],"collection":[{"href":"http:\/\/www.tvturk.com\/index.php\/wp-json\/wp\/v2\/posts"}],"about":[{"href":"http:\/\/www.tvturk.com\/index.php\/wp-json\/wp\/v2\/types\/post"}],"author":[{"embeddable":true,"href":"http:\/\/www.tvturk.com\/index.php\/wp-json\/wp\/v2\/users\/1"}],"replies":[{"embeddable":true,"href":"http:\/\/www.tvturk.com\/index.php\/wp-json\/wp\/v2\/comments?post=187672"}],"version-history":[{"count":0,"href":"http:\/\/www.tvturk.com\/index.php\/wp-json\/wp\/v2\/posts\/187672\/revisions"}],"wp:featuredmedia":[{"embeddable":true,"href":"http:\/\/www.tvturk.com\/index.php\/wp-json\/wp\/v2\/media\/187673"}],"wp:attachment":[{"href":"http:\/\/www.tvturk.com\/index.php\/wp-json\/wp\/v2\/media?parent=187672"}],"wp:term":[{"taxonomy":"category","embeddable":true,"href":"http:\/\/www.tvturk.com\/index.php\/wp-json\/wp\/v2\/categories?post=187672"},{"taxonomy":"post_tag","embeddable":true,"href":"http:\/\/www.tvturk.com\/index.php\/wp-json\/wp\/v2\/tags?post=187672"}],"curies":[{"name":"wp","href":"https:\/\/api.w.org\/{rel}","templated":true}]}}