{"id":187700,"date":"2019-07-29T15:01:58","date_gmt":"2019-07-29T12:01:58","guid":{"rendered":"http:\/\/www.tvturk.com\/index.php\/yildirimda-icraat-donemi\/"},"modified":"2019-07-29T15:01:58","modified_gmt":"2019-07-29T12:01:58","slug":"yildirimda-icraat-donemi","status":"publish","type":"post","link":"http:\/\/www.tvturk.com\/index.php\/yildirimda-icraat-donemi\/","title":{"rendered":"Y\u0131ld\u0131r\u0131m\u2019da icraat d\u00f6nemi"},"content":{"rendered":"<p>Tarihi ve do\u011fal miras\u0131n\u0131n yan\u0131 s\u0131ra \u2018ye\u015fil\u2019 kimli\u011fiyle an\u0131lan Y\u0131ld\u0131r\u0131m\u2019\u0131 c\u00e2zibe merkezi haline getirmek isteyen Y\u0131ld\u0131r\u0131m Belediye Ba\u015fkan\u0131 Oktay Y\u0131lmaz, yap\u0131lacak \u00e7al\u0131\u015fmalar ile il\u00e7eye kazand\u0131r\u0131lmas\u0131 planlanan projeleri de\u011ferlendirdi.<\/p>\n<p>UNESCO D\u00fcnya Miras\u0131 Listesi\u2019nde yer alan Cumal\u0131k\u0131z\u0131k ve Y\u0131ld\u0131r\u0131m Bayezid ile Ye\u015fil K\u00fclliyeleri\u2019nin de aralar\u0131nda bulundu\u011fu Sultan K\u00fclliyeleri, Allah dostu Emir Sultan Hazretleri\u2019nin ebedi istirahatg\u00e2h\u0131, Bursa\u2019n\u0131n fethinin stratejik \u00fcss\u00fc Balabanbey Kalesi, seferler \u00f6ncesi Allah\u2019a el a\u00e7\u0131lan Namazg\u00e2h gibi tarih\u00ee \u00f6neme sahip de\u011ferlerin yan\u0131 s\u0131ra Uluda\u011f\u2019\u0131n yama\u00e7lar\u0131ndan bereketli Bursa Ovas\u0131\u2019na uzanan Y\u0131ld\u0131r\u0131m\u2019\u0131n hak etti\u011fi de\u011fere kavu\u015fmas\u0131 i\u00e7in \u00e7al\u0131\u015fmalar s\u00fcr\u00fcyor. Y\u0131ld\u0131r\u0131m Belediye Ba\u015fkan\u0131 Oktay Y\u0131lmaz, kentin yeniden ye\u015fil kimli\u011fiyle an\u0131lmas\u0131 i\u00e7in yap\u0131lacak \u00e7al\u0131\u015fmalar ile il\u00e7eye kazand\u0131r\u0131lmas\u0131 planlanan projeleri de\u011ferlendirdi. Y\u0131ld\u0131r\u0131m\u2019\u0131, Uluda\u011f\u2019\u0131n eteklerine kurulmu\u015f, vadilerle bezenmi\u015f bir \u015fehir olarak ele ald\u0131klar\u0131n\u0131 vurgulayan Ba\u015fkan Oktay Y\u0131lmaz, \u201cBu d\u00f6nem Y\u0131ld\u0131r\u0131m\u2019\u0131 \u2018\u00c7ok Ye\u015fil Y\u0131ld\u0131r\u0131m\u2019 olarak canland\u0131rmak istiyoruz. Park ve mesire alan\u0131 \u00e7al\u0131\u015fmalar\u0131yla beraber, Uluda\u011f\u2019\u0131n yama\u00e7lar\u0131na kent park\u0131 \u00e7al\u0131\u015fmalar\u0131 yapaca\u011f\u0131z. \u00c7ocuklar\u0131m\u0131z\u0131n, ailelerimizin zaman ge\u00e7irebilecekleri alanlar olu\u015fturmay\u0131 hedefliyoruz. Mevcut durumda B\u00fcy\u00fck\u015fehir Belediyemize tahsisli alanlarla birlikte ye\u015fil alan miktar\u0131m\u0131z yakla\u015f\u0131k 900 bin metrekare. Biz bunu bir bu\u00e7uk milyon metrekare civar\u0131na ula\u015ft\u0131rmay\u0131 ama\u00e7l\u0131yoruz\u201d dedi.<\/p>\n<p>\u0130l\u00e7eye park, ye\u015fil alan ve mesire yerleri kazand\u0131r\u0131rken B\u00fcy\u00fck\u015fehir Belediyesi ile birlikte projeler de hayata ge\u00e7ireceklerini belirten Ba\u015fkan Y\u0131lmaz, \u201cG\u00f6kdere b\u00f6lgesine B\u00fcy\u00fck\u015fehir Belediyemizle bir aktivite k\u00f6y\u00fc kuraca\u011f\u0131z. Kapl\u0131kaya Cazibe Merkezimizin \u00fczerinde kalan b\u00f6lgeyi yeniden de\u011ferlendirece\u011fiz. Sadece ye\u015fillendirmek yeterli de\u011fil, ayn\u0131 zamanda buraya hayat katacak organizasyonlar ortaya koyaca\u011f\u0131z. 75. Y\u0131l Mahallemizde 10 d\u00f6n\u00fcml\u00fck bir arazinin tahsisini Tar\u0131m ve Orman Bakanl\u0131\u011f\u0131m\u0131zdan ald\u0131k. O b\u00f6lgeye de bir mesire alan\u0131 kazand\u0131raca\u011f\u0131z. Balaban\u2019daki mesire alan\u0131 \u00e7al\u0131\u015fmalar\u0131m\u0131z s\u00fcr\u00fcyor. Vak\u0131f Mahallemizde B\u00fcy\u00fck\u015fehir Belediyemizin yapt\u0131\u011f\u0131 tesis b\u00f6lgeye b\u00fcy\u00fck de\u011fer katacak. Hacivat Deresinde de yine payda\u015f olarak yapaca\u011f\u0131m\u0131z \u00e7al\u0131\u015fma, \u2018\u00c7ok Ye\u015fil Y\u0131ld\u0131r\u0131m\u2019 hedefimizin ba\u015flang\u0131c\u0131 olacak\u201d diye konu\u015ftu.<\/p>\n<p>Mevcut alanlar\u0131 de\u011ferlendirerek il\u00e7eye 7 g\u00fcn 24 saat hizmet verecek \u2018Uyumayan K\u00fct\u00fcphane\u2019 kazand\u0131racaklar\u0131n\u0131 dile getiren Ba\u015fkan Y\u0131lmaz, \u201cTaahh\u00fctlerimiz aras\u0131nda k\u00fclt\u00fcre, sanata ve gen\u00e7li\u011fe \u00f6nem verece\u011fimizi ifade etmi\u015ftik.  Bu kapsamda eski Y\u00fcksek \u0130htisas E\u011fitim ve Ara\u015ft\u0131rma Hastanesi\u2019nin bulundu\u011fu b\u00f6lgeye bir k\u00fclt\u00fcr merkezi kazand\u0131rma konusunda bakanl\u0131klar\u0131m\u0131zla g\u00f6r\u00fc\u015fmelerimiz devam ediyor. Naim S\u00fcleymano\u011flu Spor Kompleksi\u2019nin a\u00e7\u0131l\u0131\u015f\u0131n\u0131 k\u0131sa s\u00fcre sonra ger\u00e7ekle\u015ftirece\u011fiz. Spor Bakan\u0131m\u0131zla yapt\u0131\u011f\u0131m\u0131z g\u00f6r\u00fc\u015fmeler neticesinde tesisin i\u015fletmesini belediye olarak biz y\u00fcr\u00fctece\u011fiz. Planlama ve Kentsel Geli\u015fim Merkezi\u2019nde yer alan Y\u0131ld\u0131r\u0131m Han Toplant\u0131 ve Konferans Salonu ve fuaye alan\u0131n\u0131, \u2018Uyumayan K\u00fct\u00fcphane\u2019ye d\u00f6n\u00fc\u015ft\u00fcrmeyi planl\u0131yoruz. Gen\u00e7lerimiz buradan 7 g\u00fcn 24 saat g\u00f6n\u00fcl rahatl\u0131\u011f\u0131yla faydalanabilecek\u201d ifadelerini kulland\u0131.<\/p>\n<p>Cumal\u0131k\u0131z\u0131k\u2019\u0131n kimli\u011fi korunacak<\/p>\n<p>Cumal\u0131k\u0131z\u0131k\u2019\u0131n tarihi de\u011ferinden uzakla\u015farak bir al\u0131\u015fveri\u015f alan\u0131 haline d\u00f6n\u00fc\u015ft\u00fc\u011f\u00fcn\u00fc, buran\u0131n tarihi kimli\u011fini tekrar \u00f6n plana \u00e7\u0131karacak \u00e7al\u0131\u015fmalara imza atacaklar\u0131n\u0131n alt\u0131n\u0131 \u00e7izen Ba\u015fkan Y\u0131lmaz, \u201cB\u00f6lgemizde i\u015f arayan hem\u015fehrilerimize destek olmak amac\u0131yla \u0130\u015eKUR ve BTSO ile protokoller hayata ge\u00e7irdik. Sosyal Yard\u0131mla\u015fma M\u00fcd\u00fcrl\u00fc\u011f\u00fcm\u00fcz\u00fcn oldu\u011fu yerde bir istihdam birimi olu\u015fturaca\u011f\u0131z. i\u015fveren ve i\u015f arayanlar\u0131 bir araya getirerek yeni ekmek kap\u0131lar\u0131n\u0131n a\u00e7\u0131lmas\u0131 ad\u0131na ortak \u00e7al\u0131\u015fmam\u0131z olacak. Bunun yan\u0131nda tarihi kimli\u011fimize ili\u015fkin \u00e7al\u0131\u015fmalar\u0131m\u0131z\u0131 s\u00fcrd\u00fcrece\u011fiz. Bu anlamda Cumal\u0131k\u0131z\u0131k bizim en \u00f6nemli de\u011ferlerimizden. Ancak Cumal\u0131k\u0131z\u0131k tarihi de\u011ferinden uzakla\u015farak bir al\u0131\u015fveri\u015f alan\u0131 haline d\u00f6n\u00fc\u015fm\u00fc\u015f. Buran\u0131n tarihi kimli\u011fini tekrar \u00f6n plana \u00e7\u0131karacak \u00e7al\u0131\u015fmalar yapaca\u011f\u0131z. \u015eehir denince akla gelen ana unsur elbette ki insan. Bu anlamda insanlar\u0131m\u0131za hizmet ederken temel belediyecilik hizmetlerimizden asla taviz vermeyece\u011fiz. Bizim bu s\u00fcrece bak\u0131\u015f\u0131m\u0131z, t\u00fcm Y\u0131ld\u0131r\u0131ml\u0131lar\u0131n hizmet almas\u0131. Y\u0131ld\u0131r\u0131ml\u0131 hizmet al\u0131rsa, Y\u0131ld\u0131r\u0131ml\u0131 huzurlu olursa biz kendimizi ba\u015far\u0131l\u0131 addederiz\u201d \u015feklinde konu\u015ftu.<\/p>\n","protected":false},"excerpt":{"rendered":"<p>TAR\u0130H\u0130 VE DO\u011eAL M\u0130RASININ YANI SIRA \u2018YE\u015e\u0130L\u2019 K\u0130ML\u0130\u011e\u0130YLE ANILAN YILDIRIM\u2019I C\u00c2Z\u0130BE MERKEZ\u0130 HAL\u0130NE GET\u0130RMEK \u0130STEYEN YILDIRIM BELED\u0130YE BA\u015eKANI OKTAY YILMAZ, YAPILACAK \u00c7ALI\u015eMALAR \u0130LE \u0130L\u00c7EYE KAZANDIRILMASI PLANLANAN PROJELER\u0130 DE\u011eERLEND\u0130RD\u0130.<\/p>\n","protected":false},"author":1,"featured_media":187701,"comment_status":"closed","ping_status":"open","sticky":false,"template":"","format":"standard","meta":{"jetpack_post_was_ever_published":false,"_jetpack_newsletter_access":"","_jetpack_dont_email_post_to_subs":false,"_jetpack_newsletter_tier_id":0,"_jetpack_memberships_contains_paywalled_content":false,"_jetpack_memberships_contains_paid_content":false,"footnotes":"","jetpack_publicize_message":"","jetpack_publicize_feature_enabled":true,"jetpack_social_post_already_shared":true,"jetpack_social_options":{"image_generator_settings":{"template":"highway","default_image_id":0,"font":"","enabled":false},"version":2}},"categories":[1],"tags":[2088,2289,3236],"class_list":["post-187700","post","type-post","status-publish","format-standard","has-post-thumbnail","hentry","category-genel","tag-donemi","tag-icraat","tag-yildirimda"],"jetpack_publicize_connections":[],"jetpack_featured_media_url":"https:\/\/i0.wp.com\/www.tvturk.com\/wp-content\/uploads\/2019\/07\/yildirimda-icraat-donemi_4ba287f.jpg?fit=1000%2C666","jetpack_sharing_enabled":true,"jetpack_shortlink":"https:\/\/wp.me\/paKIfm-MPq","_links":{"self":[{"href":"http:\/\/www.tvturk.com\/index.php\/wp-json\/wp\/v2\/posts\/187700","targetHints":{"allow":["GET"]}}],"collection":[{"href":"http:\/\/www.tvturk.com\/index.php\/wp-json\/wp\/v2\/posts"}],"about":[{"href":"http:\/\/www.tvturk.com\/index.php\/wp-json\/wp\/v2\/types\/post"}],"author":[{"embeddable":true,"href":"http:\/\/www.tvturk.com\/index.php\/wp-json\/wp\/v2\/users\/1"}],"replies":[{"embeddable":true,"href":"http:\/\/www.tvturk.com\/index.php\/wp-json\/wp\/v2\/comments?post=187700"}],"version-history":[{"count":0,"href":"http:\/\/www.tvturk.com\/index.php\/wp-json\/wp\/v2\/posts\/187700\/revisions"}],"wp:featuredmedia":[{"embeddable":true,"href":"http:\/\/www.tvturk.com\/index.php\/wp-json\/wp\/v2\/media\/187701"}],"wp:attachment":[{"href":"http:\/\/www.tvturk.com\/index.php\/wp-json\/wp\/v2\/media?parent=187700"}],"wp:term":[{"taxonomy":"category","embeddable":true,"href":"http:\/\/www.tvturk.com\/index.php\/wp-json\/wp\/v2\/categories?post=187700"},{"taxonomy":"post_tag","embeddable":true,"href":"http:\/\/www.tvturk.com\/index.php\/wp-json\/wp\/v2\/tags?post=187700"}],"curies":[{"name":"wp","href":"https:\/\/api.w.org\/{rel}","templated":true}]}}