{"id":187715,"date":"2019-07-29T15:16:41","date_gmt":"2019-07-29T12:16:41","guid":{"rendered":"http:\/\/www.tvturk.com\/index.php\/nikahi-dusen-27-yillik-evli-cift-icin-bakanlik-devrede\/"},"modified":"2019-07-29T15:16:41","modified_gmt":"2019-07-29T12:16:41","slug":"nikahi-dusen-27-yillik-evli-cift-icin-bakanlik-devrede","status":"publish","type":"post","link":"http:\/\/www.tvturk.com\/index.php\/nikahi-dusen-27-yillik-evli-cift-icin-bakanlik-devrede\/","title":{"rendered":"Nikah\u0131 d\u00fc\u015fen 27 y\u0131ll\u0131k evli \u00e7ift i\u00e7in bakanl\u0131k devrede"},"content":{"rendered":"<p>Adana\u2019da n\u00fcfusa kaydettirildi\u011fi s\u0131rada babas\u0131n\u0131n amcas\u0131n\u0131n o\u011flunun \u00fczerine kaydettirilen ve n\u00fcfus kay\u0131tlar\u0131na g\u00f6re ye\u011feni Rime (45) ile resmi nikah\u0131 d\u00fc\u015fen H\u00fcseyin Ku\u015f\u00e7u (49), n\u00fcfus kay\u0131tlar\u0131ndaki kar\u0131\u015f\u0131kl\u0131\u011f\u0131n giderilmesi i\u00e7in yard\u0131m bekliyor. Aile, \u00c7al\u0131\u015fma ve Sosyal Hizmetler \u0130l M\u00fcd\u00fcrl\u00fc\u011f\u00fc personeli \u00e7al\u0131\u015fma ba\u015flatt\u0131.<\/p>\n<p>\u015eanl\u0131urfa\u2019n\u0131n Viran\u015fehir il\u00e7esinde do\u011fan H\u00fcseyin Ku\u015f\u00e7u, babas\u0131 Sinan Ku\u015f\u00e7u\u2019nun n\u00fcfus kayd\u0131 olmad\u0131\u011f\u0131 i\u00e7in, n\u00fcfusa kaydettirilmeden ya\u015fad\u0131. H\u00fcseyin Ku\u015f\u00e7u askere gitme vakti geldi\u011finde babas\u0131n\u0131n amcas\u0131n\u0131n o\u011flu Ahmet Ku\u015f\u00e7u\u2019nun n\u00fcf\u00fcsuna kaydoldu. Askerden d\u00f6nd\u00fckten sonra Ahmet Ku\u015f\u00e7u\u2019nun torunu Rime Ku\u015f\u00e7u ile dini nikahla evlenen H\u00fcseyin Ku\u015f\u00e7u, 7 y\u0131l sonra e\u015fiyle resmi nikah k\u0131yd\u0131. \u00c7iftin bu evlilikten 3\u2019\u00fc ikiz, 13 \u00e7ocuklar\u0131 oldu.<\/p>\n<p>H\u00fcseyin ve Rime Ku\u015f\u00e7u \u00e7ifti 2013 y\u0131l\u0131nda Adana\u2019ya ta\u015f\u0131nd\u0131. \u00c7ift burada bir hastanede yapt\u0131rd\u0131klar\u0131 i\u015flem s\u0131ras\u0131nda resmi nikahlar\u0131n\u0131n d\u00fc\u015ft\u00fc\u011f\u00fcn\u00fc \u00f6\u011frendi. Bunun \u00fczerine n\u00fcfus m\u00fcd\u00fcrl\u00fc\u011f\u00fcne giden H\u00fcseyin Ku\u015f\u00e7u\u2019ya e\u015fiyle resmi olarak evli g\u00f6r\u00fcnmedikleri, kay\u0131tlara g\u00f6re ye\u011feni olarak g\u00f6r\u00fcnen e\u015fiyle birlikte ya\u015fad\u0131klar\u0131 i\u00e7in cezai i\u015flem uygulanaca\u011f\u0131 s\u00f6ylendi. Bunun \u00fczerine n\u00fcfus k\u00fct\u00fckleri \u015eanl\u0131urfa\u2019da bulunan \u00e7ift, 5 kez mahkemeye ba\u015fvurdu ancak bir sonu\u00e7 alamad\u0131.<\/p>\n<p>Yeniden e\u015fiyle resmi nikah k\u0131ymak istedi\u011fini belirten H\u00fcseyin Ku\u015f\u00e7u, \u201cBir anda kar\u015f\u0131m\u0131za b\u00f6yle bir sorun \u00e7\u0131kt\u0131. Bu zamana kadar haberimiz yoktu, bizim su\u00e7umuz ne ki? 6 y\u0131lda 5 kez mahkemeye gittim. Ben art\u0131k kafam\u0131 dinlemek istiyorum. Bir g\u00fcn eve ka\u011f\u0131t geliyor size ceza uygulanacak. Di\u011fer g\u00fcn ka\u011f\u0131t geliyor \u00e7ocuklar\u0131n\u0131z\u0131 payla\u015f\u0131n diye. Ben art\u0131k e\u015fimle yeniden evlenmek istiyorum\u201d diye konu\u015ftu.<\/p>\n<p>\u00d6te yandan konudan haberdar olan Aile, \u00c7al\u0131\u015fma ve Sosyal Hizmetler Bakan\u0131 Zehra Z\u00fcmr\u00fct Sel\u00e7uk\u2019un talimat\u0131 ile H\u00fcseyin ile Rime Ku\u015f\u00e7u \u00e7iftine ve \u00e7ocuklar\u0131na yard\u0131m i\u00e7in harekete ge\u00e7ildi. Aile, \u00c7al\u0131\u015fma ve Sosyal Hizmetler \u0130l M\u00fcd\u00fcrl\u00fc\u011f\u00fc\u2019nden yap\u0131lan a\u00e7\u0131klamada, konunun yak\u0131ndan takip edildi\u011fi, aileye sosyal ve ekonomik destek kapsam\u0131nda yard\u0131mda bulunulaca\u011f\u0131 bildirildi. Ailenin ya\u015fad\u0131\u011f\u0131 eve gelen Aile, \u00c7al\u0131\u015fma ve Sosyal Hizmetler \u0130l M\u00fcd\u00fcrl\u00fc\u011f\u00fc personeli, gerekli i\u015flemlerin yap\u0131lmas\u0131 i\u00e7in \u00e7al\u0131\u015fma ba\u015flatt\u0131.<\/p>\n","protected":false},"excerpt":{"rendered":"<p>ADANA\u2019DA N\u00dcFUSA KAYDETT\u0130R\u0130LD\u0130\u011e\u0130 SIRADA BABASININ AMCASININ O\u011eLUNUN \u00dcZER\u0130NE KAYDETT\u0130R\u0130LEN VE N\u00dcFUS KAYITLARINA G\u00d6RE YE\u011eEN\u0130 R\u0130ME (45) \u0130LE RESM\u0130 N\u0130KAHI D\u00dc\u015eEN H\u00dcSEY\u0130N KU\u015e\u00c7U (49), N\u00dcFUS KAYITLARINDAK\u0130 KARI\u015eIKLI\u011eIN G\u0130DER\u0130LMES\u0130 \u0130\u00c7\u0130N YARDIM BEKL\u0130YOR.<\/p>\n","protected":false},"author":1,"featured_media":187716,"comment_status":"closed","ping_status":"open","sticky":false,"template":"","format":"standard","meta":{"jetpack_post_was_ever_published":false,"_jetpack_newsletter_access":"","_jetpack_dont_email_post_to_subs":false,"_jetpack_newsletter_tier_id":0,"_jetpack_memberships_contains_paywalled_content":false,"_jetpack_memberships_contains_paid_content":false,"footnotes":"","jetpack_publicize_message":"","jetpack_publicize_feature_enabled":true,"jetpack_social_post_already_shared":true,"jetpack_social_options":{"image_generator_settings":{"template":"highway","default_image_id":0,"font":"","enabled":false},"version":2}},"categories":[1],"tags":[11556,5552,23444,762,13801,44,46720,710],"class_list":["post-187715","post","type-post","status-publish","format-standard","has-post-thumbnail","hentry","category-genel","tag-bakanlik","tag-cift","tag-devrede","tag-dusen","tag-evli","tag-icin","tag-nikahi","tag-yillik"],"jetpack_publicize_connections":[],"jetpack_featured_media_url":"https:\/\/i0.wp.com\/www.tvturk.com\/wp-content\/uploads\/2019\/07\/nikahi-dusen-27-yillik-evli-cift-icin-bakanlik-devrede_ab4cbed.jpg?fit=1000%2C694","jetpack_sharing_enabled":true,"jetpack_shortlink":"https:\/\/wp.me\/paKIfm-MPF","_links":{"self":[{"href":"http:\/\/www.tvturk.com\/index.php\/wp-json\/wp\/v2\/posts\/187715","targetHints":{"allow":["GET"]}}],"collection":[{"href":"http:\/\/www.tvturk.com\/index.php\/wp-json\/wp\/v2\/posts"}],"about":[{"href":"http:\/\/www.tvturk.com\/index.php\/wp-json\/wp\/v2\/types\/post"}],"author":[{"embeddable":true,"href":"http:\/\/www.tvturk.com\/index.php\/wp-json\/wp\/v2\/users\/1"}],"replies":[{"embeddable":true,"href":"http:\/\/www.tvturk.com\/index.php\/wp-json\/wp\/v2\/comments?post=187715"}],"version-history":[{"count":0,"href":"http:\/\/www.tvturk.com\/index.php\/wp-json\/wp\/v2\/posts\/187715\/revisions"}],"wp:featuredmedia":[{"embeddable":true,"href":"http:\/\/www.tvturk.com\/index.php\/wp-json\/wp\/v2\/media\/187716"}],"wp:attachment":[{"href":"http:\/\/www.tvturk.com\/index.php\/wp-json\/wp\/v2\/media?parent=187715"}],"wp:term":[{"taxonomy":"category","embeddable":true,"href":"http:\/\/www.tvturk.com\/index.php\/wp-json\/wp\/v2\/categories?post=187715"},{"taxonomy":"post_tag","embeddable":true,"href":"http:\/\/www.tvturk.com\/index.php\/wp-json\/wp\/v2\/tags?post=187715"}],"curies":[{"name":"wp","href":"https:\/\/api.w.org\/{rel}","templated":true}]}}