{"id":187721,"date":"2019-07-29T15:17:28","date_gmt":"2019-07-29T12:17:28","guid":{"rendered":"http:\/\/www.tvturk.com\/index.php\/kastamonulu-avcilar-sezon-acilisi-oncesi-yaristi\/"},"modified":"2019-07-29T15:17:28","modified_gmt":"2019-07-29T12:17:28","slug":"kastamonulu-avcilar-sezon-acilisi-oncesi-yaristi","status":"publish","type":"post","link":"http:\/\/www.tvturk.com\/index.php\/kastamonulu-avcilar-sezon-acilisi-oncesi-yaristi\/","title":{"rendered":"Kastamonulu avc\u0131lar, sezon a\u00e7\u0131l\u0131\u015f\u0131 \u00f6ncesi yar\u0131\u015ft\u0131"},"content":{"rendered":"<p>Kastamonu\u2019da, Avc\u0131lar ve At\u0131c\u0131lar Derne\u011fi taraf\u0131ndan yeni av sezonu \u00f6ncesi tek kur\u015fun ve trap yar\u0131\u015flar\u0131 d\u00fczenlendi. Etkinlikte konu\u015fan Kastamonu Avc\u0131lar ve At\u0131c\u0131lar Derne\u011fi Ba\u015fkan\u0131 S\u00fcha G\u00fclt\u00fcrk, Kastamonu\u2019ya Karadeniz B\u00f6lgesi\u2019nde bulunmayan at\u0131\u015f poligonu istediklerini s\u00f6yledi.<\/p>\n<p>Kastamonu Avc\u0131lar ve At\u0131c\u0131lar Derne\u011fi taraf\u0131ndan Seydiler \u0130stiklal Yolu K\u00fc\u00e7\u00fcksu K\u00f6y\u00fc Hac\u0131man Mahallesi eski Ta\u015f Oca\u011f\u0131 Mevkiinde d\u00fczenlenen yar\u0131\u015fmada derne\u011fe \u00fcye avc\u0131lar yar\u0131\u015ft\u0131. At\u0131\u015f \u00f6ncesi yemek ikram\u0131nda bulunuldu. Avc\u0131lar, d\u00fczenlenen yar\u0131\u015fmada h\u00fcnerlerini g\u00f6sterdi. Tek Kur\u015fun at\u0131\u015f m\u00fcsabakalar\u0131n\u0131n ard\u0131ndan Trap At\u0131\u015f m\u00fcsabakalar\u0131 yap\u0131ld\u0131. M\u00fcsabakalara di\u011fer illerden de yo\u011fun kat\u0131l\u0131m oldu. Yar\u0131\u015fmalarda, kad\u0131nlar trap at\u0131\u015f\u0131 dal\u0131nda Nazl\u0131nur Mutlu birinci, Zeynep Ya\u011fmur Sa\u011fl\u0131kl\u0131 ikinci, Derya Sat\u0131lm\u0131\u015f \u00fc\u00e7\u00fcnc\u00fc oldu. Profesyonel trap at\u0131\u015f\u0131nda Y\u0131ld\u0131r\u0131m A\u011fca birinci, Aslan Varol ikinci, Murat Akda\u015f \u00fc\u00e7\u00fcnc\u00fc oldu. Amat\u00f6r trap at\u0131\u015f\u0131nda Ali G\u00fcle\u00e7 birinci, Ahmet \u0130ygin ikinci, Uygar K\u0131z\u0131lkaya \u00fc\u00e7\u00fcnc\u00fc oldu. Hedef tek kur\u015fun at\u0131\u015f\u0131nda ise Hamdi Mor birinci, Kemal \u00c7eviko\u011flu ikinci, Ahmet Acar \u00fc\u00e7\u00fcnc\u00fc oldu. \u015ei\u015fe tek kur\u015fun at\u0131\u015f\u0131nda da Mustafa Erol birinci, Hamdi Mor ikinci ve H\u00fcseyin Kara \u00fc\u00e7\u00fcnc\u00fc oldu. Tav\u015fan hedef at\u0131\u015f\u0131nda ise \u00d6mer Hecin birinci, \u015e\u00fckr\u00fc G\u00fcm\u00fc\u015f ikinci, Muhammet \u015eim\u015fek \u00fc\u00e7\u00fcnc\u00fc oldu. Yap\u0131lan yar\u0131\u015flar sonunda ilk \u00fc\u00e7e giren yar\u0131\u015fmac\u0131lar madalya, kupa, alt\u0131n, bir koli fi\u015fek ile \u00f6d\u00fcllendirildi.<\/p>\n<p>Yar\u0131\u015flar\u0131n sonunda a\u00e7\u0131klamada bulunan Kastamonu Avc\u0131lar ve At\u0131c\u0131lar Derne\u011fi Ba\u015fkan\u0131 S\u00fcha G\u00fclt\u00fcrk, \u201cKastamonu Avc\u0131lar ve At\u0131c\u0131lar Spor Kul\u00fcb\u00fc olarak d\u00fczenlemi\u015f oldu\u011fumuz 2019-2020 Av Sezonu a\u00e7\u0131l\u0131\u015f etkinli\u011fimizi 900 ki\u015filik yo\u011fun bir kat\u0131l\u0131mla tamamlam\u0131\u015f bulunmaktay\u0131z. Bu etkinli\u011fi ger\u00e7ekle\u015ftirebilmemizde kul\u00fcb\u00fcm\u00fcze sponsor olan ba\u015fta Cengiz Ayg\u00fcn olmak \u00fczere katk\u0131 ve destekte bulunan herkese ayr\u0131 ayr\u0131 te\u015fekk\u00fcr ediyoruz. Bir kez daha bu etkinlikte aram\u0131zda g\u00f6rd\u00fck ki at\u0131c\u0131l\u0131k sporuna \u00e7evre illerden ve kendi b\u00f6lgemizden yo\u011fun bir ilgi var. Kul\u00fcb\u00fcm\u00fcz\u00fcn bu \u00e7er\u00e7evede at\u0131c\u0131l\u0131k sporuna profesyonel anlamda yapan 20\u2019ye yak\u0131n sporcusu bulunmaktad\u0131r ve bu sporcular\u0131m\u0131z\u0131n 1 tanesi T\u00fcrkiye Olimpiyat Haz\u0131rlama Merkezi\u2019nde, 3 tanesi de T\u00fcrkiye Milli Tak\u0131m Haz\u0131rlama kamp\u0131na \u00e7a\u011fr\u0131lm\u0131\u015f durumdad\u0131r. Kastamonu ad\u0131n\u0131 T\u00fcrkiye\u2019de duyurabilmemiz i\u00e7in tek eksi\u011fimiz Karadeniz b\u00f6lgesinde bulunmayan bir at\u0131\u015f poligonudur. \u0130leriye y\u00f6nelik kul\u00fcb\u00fcm\u00fcze bir poligon kazand\u0131rabilirsek bizler i\u00e7in b\u00fcy\u00fck bir ba\u015far\u0131 ve mutluluk vesilesi olacakt\u0131r. T\u00fcrkiye\u2019de at\u0131c\u0131l\u0131k sporuna g\u00f6n\u00fcl vermi\u015f lisansl\u0131 bine yak\u0131n sporcu oldu\u011funu d\u00fc\u015f\u00fcn\u00fcrsek poligonumuz oldu\u011fu taktirde Kastamonu turizmine de b\u00fcy\u00fck bir katk\u0131 sa\u011flayaca\u011f\u0131n\u0131 d\u00fc\u015f\u00fcn\u00fcyoruz\u201d dedi.<\/p>\n","protected":false},"excerpt":{"rendered":"<p>KASTAMONU\u2019DA, AVCILAR VE ATICILAR DERNE\u011e\u0130 TARAFINDAN YEN\u0130 AV SEZONU \u00d6NCES\u0130 TEK KUR\u015eUN VE TRAP YARI\u015eLARI D\u00dcZENLEND\u0130.<\/p>\n","protected":false},"author":1,"featured_media":187722,"comment_status":"closed","ping_status":"open","sticky":false,"template":"","format":"standard","meta":{"jetpack_post_was_ever_published":false,"_jetpack_newsletter_access":"","_jetpack_dont_email_post_to_subs":false,"_jetpack_newsletter_tier_id":0,"_jetpack_memberships_contains_paywalled_content":false,"_jetpack_memberships_contains_paid_content":false,"footnotes":"","jetpack_publicize_message":"","jetpack_publicize_feature_enabled":true,"jetpack_social_post_already_shared":true,"jetpack_social_options":{"image_generator_settings":{"template":"highway","default_image_id":0,"font":"","enabled":false},"version":2}},"categories":[657],"tags":[674,601,46721,5360,4954,7830],"class_list":["post-187721","post","type-post","status-publish","format-standard","has-post-thumbnail","hentry","category-spor","tag-acilisi","tag-avcilar","tag-kastamonulu","tag-oncesi","tag-sezon","tag-yaristi"],"jetpack_publicize_connections":[],"jetpack_featured_media_url":"https:\/\/i0.wp.com\/www.tvturk.com\/wp-content\/uploads\/2019\/07\/kastamonulu-avcilar-sezon-acilisi-oncesi-yaristi_cf8c531.jpg?fit=1000%2C667","jetpack_sharing_enabled":true,"jetpack_shortlink":"https:\/\/wp.me\/paKIfm-MPL","_links":{"self":[{"href":"http:\/\/www.tvturk.com\/index.php\/wp-json\/wp\/v2\/posts\/187721","targetHints":{"allow":["GET"]}}],"collection":[{"href":"http:\/\/www.tvturk.com\/index.php\/wp-json\/wp\/v2\/posts"}],"about":[{"href":"http:\/\/www.tvturk.com\/index.php\/wp-json\/wp\/v2\/types\/post"}],"author":[{"embeddable":true,"href":"http:\/\/www.tvturk.com\/index.php\/wp-json\/wp\/v2\/users\/1"}],"replies":[{"embeddable":true,"href":"http:\/\/www.tvturk.com\/index.php\/wp-json\/wp\/v2\/comments?post=187721"}],"version-history":[{"count":0,"href":"http:\/\/www.tvturk.com\/index.php\/wp-json\/wp\/v2\/posts\/187721\/revisions"}],"wp:featuredmedia":[{"embeddable":true,"href":"http:\/\/www.tvturk.com\/index.php\/wp-json\/wp\/v2\/media\/187722"}],"wp:attachment":[{"href":"http:\/\/www.tvturk.com\/index.php\/wp-json\/wp\/v2\/media?parent=187721"}],"wp:term":[{"taxonomy":"category","embeddable":true,"href":"http:\/\/www.tvturk.com\/index.php\/wp-json\/wp\/v2\/categories?post=187721"},{"taxonomy":"post_tag","embeddable":true,"href":"http:\/\/www.tvturk.com\/index.php\/wp-json\/wp\/v2\/tags?post=187721"}],"curies":[{"name":"wp","href":"https:\/\/api.w.org\/{rel}","templated":true}]}}