{"id":187727,"date":"2019-07-29T15:32:01","date_gmt":"2019-07-29T12:32:01","guid":{"rendered":"http:\/\/www.tvturk.com\/index.php\/eski-tbmm-baskani-ahmet-ferruh-bozbeyli-topraga-verildi\/"},"modified":"2019-07-29T15:32:01","modified_gmt":"2019-07-29T12:32:01","slug":"eski-tbmm-baskani-ahmet-ferruh-bozbeyli-topraga-verildi","status":"publish","type":"post","link":"http:\/\/www.tvturk.com\/index.php\/eski-tbmm-baskani-ahmet-ferruh-bozbeyli-topraga-verildi\/","title":{"rendered":"Eski TBMM Ba\u015fkan\u0131 Ahmet Ferruh Bozbeyli topra\u011fa verildi"},"content":{"rendered":"<p>Eski TBMM Ba\u015fkan\u0131 ve \u0130stanbul milletvekili Ahmet Ferruh Bozbeyli\u2019nin i\u00e7in \u00f6\u011fle namaz\u0131n\u0131n ard\u0131ndan Ahmet Hamdi Akseki caminde cenaze namaz\u0131 k\u0131l\u0131nd\u0131.<\/p>\n<p>Cenaze namaz\u0131na  \u0130\u00e7i\u015fleri Bakan\u0131 S\u00fcleyman Soylu, Sa\u011fl\u0131k Bakan\u0131 Fahrettin Koca, eski TBMM Ba\u015fkan\u0131 \u0130smail Kahraman, Diyanet \u0130\u015fleri Ba\u015fkan\u0131 Ali Erba\u015f, Cumhurba\u015fkan\u0131 Ba\u015fdan\u0131\u015fman\u0131 Yal\u00e7\u0131n Top\u00e7u, AK Partili vekiller, sevenleri ve yak\u0131nlar\u0131 kat\u0131ld\u0131.<\/p>\n<p>Cenaze namaz\u0131n\u0131 Diyanet \u0130\u015fleri Ba\u015fkan\u0131 Ali Erba\u015f k\u0131ld\u0131rd\u0131. K\u0131l\u0131nan cenaze namaz\u0131n\u0131n ard\u0131ndan Bozbeyli\u2019nin cenazesi  Devlet Mezarl\u0131\u011f\u0131\u2019nda topra\u011fa verildi.<\/p>\n<p>Bozbeyli\u2019nin T\u00fcrkiye demokrasisine \u00e7ok faydal\u0131 oldu\u011funu ifade eden Top\u00e7u,\u201dRahmetli Bozbeyli \u00f6nemli bir siyaset ve devlet adam\u0131yd\u0131. Ciddi bir tecr\u00fcbeydi. Bizim \u015fahs\u0131m\u0131zla alakal\u0131 da rahmetli Muhsin Ba\u015fkanla b\u00f6yle bir sohbetlerimiz olurdu. Bize engin tecr\u00fcbelerini aktar\u0131rd\u0131. Kar\u015f\u0131la\u015ft\u0131\u011f\u0131m\u0131z her yerde, davet edildi\u011fimiz toplant\u0131larda \u015fahs\u0131mla ilgili de bir aile b\u00fcy\u00fc\u011f\u00fcm gibi \u00e7ok g\u00fczel s\u00f6zler s\u00f6ylerdi. Millete \u00e7ok faydal\u0131yd\u0131. Demokrasimize \u00e7ok faydal\u0131 oldu\u201d \u015feklinde konu\u015ftu.<\/p>\n","protected":false},"excerpt":{"rendered":"<p>ESK\u0130 TBMM BA\u015eKANI VE \u0130STANBUL M\u0130LLETVEK\u0130L\u0130 AHMET FERRUH BOZBEYL\u0130\u2019N\u0130N CENAZES\u0130, \u00d6\u011eLE NAMAZINA TAKR\u0130BEN AHMET HAMD\u0130 AKSEK\u0130 CAM\u0130NDE CENAZE NAMAZI KILINDI.<\/p>\n","protected":false},"author":1,"featured_media":187728,"comment_status":"closed","ping_status":"open","sticky":false,"template":"","format":"standard","meta":{"jetpack_post_was_ever_published":false,"_jetpack_newsletter_access":"","_jetpack_dont_email_post_to_subs":false,"_jetpack_newsletter_tier_id":0,"_jetpack_memberships_contains_paywalled_content":false,"_jetpack_memberships_contains_paid_content":false,"footnotes":"","jetpack_publicize_message":"","jetpack_publicize_feature_enabled":true,"jetpack_social_post_already_shared":true,"jetpack_social_options":{"image_generator_settings":{"template":"highway","default_image_id":0,"font":"","enabled":false},"version":2}},"categories":[1],"tags":[3634,216,46723,1123,46722,3424,9494,634],"class_list":["post-187727","post","type-post","status-publish","format-standard","has-post-thumbnail","hentry","category-genel","tag-ahmet","tag-baskani","tag-bozbeyli","tag-eski","tag-ferruh","tag-tbmm","tag-topraga","tag-verildi"],"jetpack_publicize_connections":[],"jetpack_featured_media_url":"https:\/\/i0.wp.com\/www.tvturk.com\/wp-content\/uploads\/2019\/07\/eski-tbmm-baskani-ahmet-ferruh-bozbeyli-topraga-verildi_f452d3d.jpg?fit=1000%2C666","jetpack_sharing_enabled":true,"jetpack_shortlink":"https:\/\/wp.me\/paKIfm-MPR","_links":{"self":[{"href":"http:\/\/www.tvturk.com\/index.php\/wp-json\/wp\/v2\/posts\/187727","targetHints":{"allow":["GET"]}}],"collection":[{"href":"http:\/\/www.tvturk.com\/index.php\/wp-json\/wp\/v2\/posts"}],"about":[{"href":"http:\/\/www.tvturk.com\/index.php\/wp-json\/wp\/v2\/types\/post"}],"author":[{"embeddable":true,"href":"http:\/\/www.tvturk.com\/index.php\/wp-json\/wp\/v2\/users\/1"}],"replies":[{"embeddable":true,"href":"http:\/\/www.tvturk.com\/index.php\/wp-json\/wp\/v2\/comments?post=187727"}],"version-history":[{"count":0,"href":"http:\/\/www.tvturk.com\/index.php\/wp-json\/wp\/v2\/posts\/187727\/revisions"}],"wp:featuredmedia":[{"embeddable":true,"href":"http:\/\/www.tvturk.com\/index.php\/wp-json\/wp\/v2\/media\/187728"}],"wp:attachment":[{"href":"http:\/\/www.tvturk.com\/index.php\/wp-json\/wp\/v2\/media?parent=187727"}],"wp:term":[{"taxonomy":"category","embeddable":true,"href":"http:\/\/www.tvturk.com\/index.php\/wp-json\/wp\/v2\/categories?post=187727"},{"taxonomy":"post_tag","embeddable":true,"href":"http:\/\/www.tvturk.com\/index.php\/wp-json\/wp\/v2\/tags?post=187727"}],"curies":[{"name":"wp","href":"https:\/\/api.w.org\/{rel}","templated":true}]}}