{"id":187731,"date":"2019-07-29T15:32:40","date_gmt":"2019-07-29T12:32:40","guid":{"rendered":"http:\/\/www.tvturk.com\/index.php\/masa-tenisine-sampiyon-yatirim\/"},"modified":"2019-07-29T15:32:40","modified_gmt":"2019-07-29T12:32:40","slug":"masa-tenisine-sampiyon-yatirim","status":"publish","type":"post","link":"http:\/\/www.tvturk.com\/index.php\/masa-tenisine-sampiyon-yatirim\/","title":{"rendered":"Masa tenisine \u2018\u015fampiyon\u2019 yat\u0131r\u0131m"},"content":{"rendered":"<p>Bursa B\u00fcy\u00fck\u015fehir Belediyespor Kul\u00fcb\u00fc Masa Tenisi Kad\u0131n tak\u0131m\u0131, 2019 U21 Balkan \u015eampiyonu Ece Hara\u00e7 ile s\u00f6zle\u015fme imzalad\u0131.<\/p>\n<p>Bu sezon S\u00fcper Lig ve T\u00fcrkiye Kupas\u0131\u2019nda final hedefleyen Bursa B\u00fcy\u00fck\u015fehir Belediyespor Kul\u00fcb\u00fc, gen\u00e7 sporcu Ece Hara\u00e7 ile anla\u015fma sa\u011flad\u0131. B\u00fcy\u00fck\u015fehir Belediyesi Fethiye Spor Kompleksi\u2019nde d\u00fczenlenen imza t\u00f6reninde Bursa B\u00fcy\u00fck\u015fehir Belediyespor Kul\u00fcb\u00fc Y\u00f6netim Kurulu \u00fcyeleri Metin Biberci ve \u00d6mer Cihat Bay haz\u0131r bulundu.<\/p>\n<p>At\u0131lan imzalar\u0131n ard\u0131ndan konu\u015fan gen\u00e7 sporcu Ece Hara\u00e7, ilk hayalini ger\u00e7ekle\u015ftirdi\u011fini s\u00f6yledi. Her sporcunun Bursa B\u00fcy\u00fck\u015fehir Belediyespor Kul\u00fcb\u00fc\u2019nde oynamak istedi\u011fini vurgulayan Hara\u00e7, \u201c\u0130lk kez farkl\u0131 bir \u015fehirde ya\u015fayaca\u011f\u0131m. Bursa\u2019y\u0131 seviyorum. Bursa B\u00fcy\u00fck\u015fehir Belediyespor Kul\u00fcb\u00fc, masa tenisi bran\u015f\u0131nda \u00f6rnek bir kul\u00fcp. Her sporcu burada olmak ister. Ben de buraya gelerek ilk hayalimi ger\u00e7ekle\u015ftirdim. 2019 y\u0131l\u0131 benim i\u00e7in g\u00fczel ge\u00e7ti. \u0130n\u015fallah bu g\u00fczellikleri Bursa B\u00fcy\u00fck\u015fehir Belediyespor \u00e7at\u0131s\u0131 alt\u0131nda ya\u015famaya devam edece\u011fim\u201d diye konu\u015ftu.<\/p>\n<p>Ece Hara\u00e7\u2019\u0131n tak\u0131ma kat\u0131lmas\u0131yla g\u00fc\u00e7lendiklerini belirten Bursa B\u00fcy\u00fck\u015fehir Belediyespor Kul\u00fcb\u00fc Y\u00f6netim Kurulu \u00fcyesi Metin Biberci, bu sezon hedeflerinin b\u00fct\u00fcn alanlarda final oynamak oldu\u011funu s\u00f6yledi. Ece Hara\u00e7\u2019\u0131n 2019 y\u0131l\u0131ndaki ba\u015far\u0131lar\u0131ndan da bahseden Biberci, \u201cEce, \u00e7ok gen\u00e7 ya\u015f\u0131na ra\u011fmen bu y\u0131l \u00f6nemli ba\u015far\u0131lara imza att\u0131. Hen\u00fcz 16 ya\u015f\u0131nda ve Balkan \u015eampiyonas\u0131\u2019nda alt\u0131n madalya kazand\u0131. Avrupa Gen\u00e7ler \u015eampiyonas\u0131\u2019nda \u00e7iftlerde ikincilik elde etti. \u2018T\u00fcrkiye En \u0130yi Gen\u00e7ler\u2019de birincilik, \u2018B\u00fcy\u00fckler Ferd\u00ee \u015eampiyonas\u0131\u2019nda ve \u2018Gen\u00e7ler Ferd\u00ee \u015eampiyonas\u0131\u2019nda ikinci oldu. B\u00f6ylesine \u00f6nemli bir sporcuyu kadromuza katt\u0131k. \u0130n\u015fallah bu ba\u015far\u0131s\u0131n\u0131 kul\u00fcb\u00fcm\u00fczde de s\u00fcrd\u00fcrecektir. Biz altyap\u0131s\u0131na \u00f6nem veren bir kul\u00fcb\u00fcz. \u00d6nceli\u011fimiz oyuncu yeti\u015ftirmek\u201d \u015feklinde konu\u015ftu.<\/p>\n","protected":false},"excerpt":{"rendered":"<p>BURSA B\u00dcY\u00dcK\u015eEH\u0130R BELED\u0130YESPOR KUL\u00dcB\u00dc MASA TEN\u0130S\u0130 KADIN TAKIMI, 2019 U21 BALKAN \u015eAMP\u0130YONU ECE HARA\u00c7 \u0130LE S\u00d6ZLE\u015eME \u0130MZALADI.<\/p>\n","protected":false},"author":1,"featured_media":187732,"comment_status":"closed","ping_status":"open","sticky":false,"template":"","format":"standard","meta":{"jetpack_post_was_ever_published":false,"_jetpack_newsletter_access":"","_jetpack_dont_email_post_to_subs":false,"_jetpack_newsletter_tier_id":0,"_jetpack_memberships_contains_paywalled_content":false,"_jetpack_memberships_contains_paid_content":false,"footnotes":"","jetpack_publicize_message":"","jetpack_publicize_feature_enabled":true,"jetpack_social_post_already_shared":true,"jetpack_social_options":{"image_generator_settings":{"template":"highway","default_image_id":0,"font":"","enabled":false},"version":2}},"categories":[657],"tags":[1055,2024,46724,470],"class_list":["post-187731","post","type-post","status-publish","format-standard","has-post-thumbnail","hentry","category-spor","tag-masa","tag-sampiyon","tag-tenisine","tag-yatirim"],"jetpack_publicize_connections":[],"jetpack_featured_media_url":"https:\/\/i0.wp.com\/www.tvturk.com\/wp-content\/uploads\/2019\/07\/masa-tenisine-sampiyon-yatirim_284b743.jpg?fit=1000%2C650","jetpack_sharing_enabled":true,"jetpack_shortlink":"https:\/\/wp.me\/paKIfm-MPV","_links":{"self":[{"href":"http:\/\/www.tvturk.com\/index.php\/wp-json\/wp\/v2\/posts\/187731","targetHints":{"allow":["GET"]}}],"collection":[{"href":"http:\/\/www.tvturk.com\/index.php\/wp-json\/wp\/v2\/posts"}],"about":[{"href":"http:\/\/www.tvturk.com\/index.php\/wp-json\/wp\/v2\/types\/post"}],"author":[{"embeddable":true,"href":"http:\/\/www.tvturk.com\/index.php\/wp-json\/wp\/v2\/users\/1"}],"replies":[{"embeddable":true,"href":"http:\/\/www.tvturk.com\/index.php\/wp-json\/wp\/v2\/comments?post=187731"}],"version-history":[{"count":0,"href":"http:\/\/www.tvturk.com\/index.php\/wp-json\/wp\/v2\/posts\/187731\/revisions"}],"wp:featuredmedia":[{"embeddable":true,"href":"http:\/\/www.tvturk.com\/index.php\/wp-json\/wp\/v2\/media\/187732"}],"wp:attachment":[{"href":"http:\/\/www.tvturk.com\/index.php\/wp-json\/wp\/v2\/media?parent=187731"}],"wp:term":[{"taxonomy":"category","embeddable":true,"href":"http:\/\/www.tvturk.com\/index.php\/wp-json\/wp\/v2\/categories?post=187731"},{"taxonomy":"post_tag","embeddable":true,"href":"http:\/\/www.tvturk.com\/index.php\/wp-json\/wp\/v2\/tags?post=187731"}],"curies":[{"name":"wp","href":"https:\/\/api.w.org\/{rel}","templated":true}]}}