{"id":187762,"date":"2019-07-29T16:16:42","date_gmt":"2019-07-29T13:16:42","guid":{"rendered":"http:\/\/www.tvturk.com\/index.php\/bu-alem-baska-alem\/"},"modified":"2019-07-29T16:16:42","modified_gmt":"2019-07-29T13:16:42","slug":"bu-alem-baska-alem","status":"publish","type":"post","link":"http:\/\/www.tvturk.com\/index.php\/bu-alem-baska-alem\/","title":{"rendered":"Bu alem ba\u015fka alem"},"content":{"rendered":"<p>75 y\u0131ld\u0131r kubbelerin \u2019alem\u2019lerini yapan Mehmet Ya\u015far Kervanc\u0131o\u011flu, y\u0131llara meydan okuyor.<\/p>\n<p>Gaziantep\u2019ten T\u00fcrkiye\u2019nin bir\u00e7ok noktas\u0131na ula\u015ft\u0131r\u0131lan alemler \u015fehrin tek alem ustas\u0131 olan Ya\u015far Kervanc\u0131o\u011flu\u2019nun ellerinden \u00e7\u0131k\u0131yor. Boylar\u0131 4,5 metreye kadar uzanan bak\u0131r alemlere \u00fclkenin d\u00f6rt bir yan\u0131ndan talep geliyor. Estetik a\u00e7\u0131dan da kubbe veya minarelerde adeta semaya y\u00fckseliyormu\u015f gibi bir his uyand\u0131ran, T\u00fcrk ve \u0130slam sanat\u0131nda cami, t\u00fcrbe ve medrese tipi kubbeli in\u015fa edilen mekanlar\u0131n minare b\u00f6l\u00fcmlerinin \u00fcst k\u0131s\u0131mlar\u0131na yerle\u015ftirilen alemler ise 75 y\u0131ld\u0131r 83 ya\u015f\u0131ndaki Ya\u015far Kervanc\u0131o\u011flu\u2019nun ellerinde hayat buluyor.<\/p>\n<p>Gaziantep\u2019in ve b\u00f6lgenin tek alem ustas\u0131 Ya\u015far Kervanc\u0131o\u011flu, haz\u0131rlad\u0131\u011f\u0131 kubbe alemlerini T\u00fcrkiye\u2019nin bir\u00e7ok yerine g\u00f6nderdi\u011fini s\u00f6yledi. Kervanc\u0131o\u011flu, \u201cBu meslek bizde dede ve baba mesle\u011fi oldu\u011fu i\u00e7in k\u00fc\u00e7\u00fckl\u00fc\u011f\u00fcmden beri bu i\u015fin i\u00e7indeyim. Mesle\u011fimiz esasen bak\u0131rc\u0131l\u0131k. Bak\u0131rdan akl\u0131na ne gelirse o yap\u0131l\u0131rd\u0131 bizim \u00e7ocuklu\u011fumuzda. Bu i\u015f el eme\u011fiydi ama zamanla bu biraz de\u011fi\u015fti. Makinala\u015ft\u0131 demek istiyorum\u201d dedi.<\/p>\n<p>\u201cMesle\u011fin \u00e7\u0131ra\u011f\u0131 kalmad\u0131\u201d<\/p>\n<p>Meslekte \u00e7\u0131rak yeti\u015fmedi\u011fini belirten 75 y\u0131ll\u0131k alem ustas\u0131 Ya\u015far Kervanc\u0131o\u011flu, \u201cBu i\u015fin \u00e7\u0131ra\u011f\u0131 kalmad\u0131. \u00d6nceden herkes \u00e7ocu\u011funu belli bir ustan\u0131n yan\u0131na b\u0131rak\u0131rd\u0131. \u00dccret de talep etmezdi. \u00d6nemli olan orada \u00e7ocu\u011fun bir meslek \u00f6\u011frenmesiydi. Art\u0131k kimse \u00e7ocu\u011funu yeti\u015ftirmiyor. Devir de\u011fi\u015fti. Makinala\u015fma artt\u0131 ancak sanat biraz geriledi\u201d \u015feklinde konu\u015ftu.<\/p>\n<p>\u201cB\u00f6lgede bir ben kald\u0131m\u201d<\/p>\n<p>B\u00f6lgenin tek alemcisi oldu\u011funu belirten Kervanc\u0131o\u011flu, \u201cB\u00f6lgede hemen hemen sadece ben yap\u0131yorum. \u00c7\u00fcnk\u00fc bu i\u015f sab\u0131r ister. Geriden yeti\u015fen yok. T\u00fcrkiye\u2019nin her yerine alem g\u00f6nderiyorum\u201d diye konu\u015ftu.<\/p>\n","protected":false},"excerpt":{"rendered":"<p>75 YILDIR KUBBELER\u0130N &#8216;ALEM&#8217;LER\u0130N\u0130 YAPAN MEHMET YA\u015eAR KERVANCIO\u011eLU, YILLARA MEYDAN OKUYOR.<\/p>\n","protected":false},"author":1,"featured_media":187763,"comment_status":"closed","ping_status":"open","sticky":false,"template":"","format":"standard","meta":{"jetpack_post_was_ever_published":false,"_jetpack_newsletter_access":"","_jetpack_dont_email_post_to_subs":false,"_jetpack_newsletter_tier_id":0,"_jetpack_memberships_contains_paywalled_content":false,"_jetpack_memberships_contains_paid_content":false,"footnotes":"","jetpack_publicize_message":"","jetpack_publicize_feature_enabled":true,"jetpack_social_post_already_shared":true,"jetpack_social_options":{"image_generator_settings":{"template":"highway","default_image_id":0,"font":"","enabled":false},"version":2}},"categories":[1],"tags":[46732,3368],"class_list":["post-187762","post","type-post","status-publish","format-standard","has-post-thumbnail","hentry","category-genel","tag-alem","tag-baska"],"jetpack_publicize_connections":[],"jetpack_featured_media_url":"https:\/\/i0.wp.com\/www.tvturk.com\/wp-content\/uploads\/2019\/07\/bu-alem-baska-alem_db276f6.jpg?fit=1000%2C666","jetpack_sharing_enabled":true,"jetpack_shortlink":"https:\/\/wp.me\/paKIfm-MQq","_links":{"self":[{"href":"http:\/\/www.tvturk.com\/index.php\/wp-json\/wp\/v2\/posts\/187762","targetHints":{"allow":["GET"]}}],"collection":[{"href":"http:\/\/www.tvturk.com\/index.php\/wp-json\/wp\/v2\/posts"}],"about":[{"href":"http:\/\/www.tvturk.com\/index.php\/wp-json\/wp\/v2\/types\/post"}],"author":[{"embeddable":true,"href":"http:\/\/www.tvturk.com\/index.php\/wp-json\/wp\/v2\/users\/1"}],"replies":[{"embeddable":true,"href":"http:\/\/www.tvturk.com\/index.php\/wp-json\/wp\/v2\/comments?post=187762"}],"version-history":[{"count":0,"href":"http:\/\/www.tvturk.com\/index.php\/wp-json\/wp\/v2\/posts\/187762\/revisions"}],"wp:featuredmedia":[{"embeddable":true,"href":"http:\/\/www.tvturk.com\/index.php\/wp-json\/wp\/v2\/media\/187763"}],"wp:attachment":[{"href":"http:\/\/www.tvturk.com\/index.php\/wp-json\/wp\/v2\/media?parent=187762"}],"wp:term":[{"taxonomy":"category","embeddable":true,"href":"http:\/\/www.tvturk.com\/index.php\/wp-json\/wp\/v2\/categories?post=187762"},{"taxonomy":"post_tag","embeddable":true,"href":"http:\/\/www.tvturk.com\/index.php\/wp-json\/wp\/v2\/tags?post=187762"}],"curies":[{"name":"wp","href":"https:\/\/api.w.org\/{rel}","templated":true}]}}