{"id":187764,"date":"2019-07-29T16:31:53","date_gmt":"2019-07-29T13:31:53","guid":{"rendered":"http:\/\/www.tvturk.com\/index.php\/sehit-ve-gazi-yakinlarindan-anayasa-mahkemesinin-hak-ihlali-kararina-tepki\/"},"modified":"2019-07-29T16:31:53","modified_gmt":"2019-07-29T13:31:53","slug":"sehit-ve-gazi-yakinlarindan-anayasa-mahkemesinin-hak-ihlali-kararina-tepki","status":"publish","type":"post","link":"http:\/\/www.tvturk.com\/index.php\/sehit-ve-gazi-yakinlarindan-anayasa-mahkemesinin-hak-ihlali-kararina-tepki\/","title":{"rendered":"\u015eehit ve gazi yak\u0131nlar\u0131ndan Anayasa Mahkemesinin &#8220;hak ihlali&#8221; karar\u0131na tepki"},"content":{"rendered":"<p>\u015eehit ve gazi aileleri, Anayasa Mahkemesi\u2019nin &#8220;Bar\u0131\u015f \u0130\u00e7in Akademisyenler \u0130nisiyatifi&#8221; metnine imza atan 10 akademisyen hakk\u0131nda, &#8220;ter\u00f6r propagandas\u0131 yapma&#8221; su\u00e7undan cezaland\u0131r\u0131ld\u0131klar\u0131 gerek\u00e7esiyle yapt\u0131klar\u0131 bireysel ba\u015fvuruda, &#8220;hak ihlali&#8221; karar\u0131 vermesine tepki g\u00f6sterdi.<\/p>\n<p>Anayasa Mahkemesinin kar\u015f\u0131s\u0131nda toplanan grup ad\u0131na T\u00fcrkiye Gaziler ve \u015eehit Aileleri Vakf\u0131 Genel Ba\u015fkan\u0131 Lokman Aylar, Anadolu G\u00fcvenlik Korucular\u0131 ve \u015eehit Aileleri Konfederasyonu Genel Ba\u015fkan\u0131 Ziya S\u00f6zen ve 15 Temmuz Demokrasi \u015eehitleri, Gazileri ve Ter\u00f6r Ma\u011fdurlar\u0131 Derne\u011fi Genel Ba\u015fkan\u0131 Abbas G\u00fcnd\u00fcz ortak belirlenen iki ayr\u0131 bas\u0131n bildirisini okudu.<\/p>\n<p>T\u00fcrkiye Gaziler ve \u015eehit Aileleri Vakf\u0131 Genel Ba\u015fkan\u0131 Lokman Aylar, hi\u00e7bir kurumun vatana bedel \u00f6deyen kahramanlar\u0131n, \u015fehit annelerinin, \u015fehit babalar\u0131n\u0131n ve \u015fehitlerin evlatlar\u0131n\u0131n i\u00e7ini s\u0131zlatmaya hakk\u0131n\u0131n olmad\u0131\u011f\u0131n\u0131 belirterek, \u201cBunu ne kamu vicdan\u0131na ne de \u015fehitlerimizin ailelerine ne de gazilerimize kimse anlatamaz. Anayasa Mahkemesi\u2019nin bu karar\u0131na olumlu y\u00f6nde oy veren mahkeme \u00fcyeleri, askere, polise, vatanda\u015flar\u0131m\u0131za, T\u00fcrkiye Cumhuriyeti devletine ve vatanda\u015flar\u0131m\u0131za kur\u015fun s\u0131kan ter\u00f6ristleri \u2019desteklemek su\u00e7 de\u011fildir\u2019 demi\u015ftir&#8221; dedi.<\/p>\n<p>Aylar, \u201cAnayasa Mahkemesinin de\u011ferli mahkeme \u00fcyelerini vakf\u0131m\u0131za davet ediyorum. Bu bayram birlikte \u015fehitliklerimizi gezelim, gelip g\u00f6rs\u00fcnler, mezar ta\u015flar\u0131na sar\u0131larak, bayram\u0131 g\u00f6zya\u015f\u0131yla ge\u00e7iren analara verdikleri karar\u0131 anlats\u0131nlar. Bu bayram bir zahmet makamlar\u0131ndan ayr\u0131ls\u0131nlar, birlikte \u015fehidimizin yetimini ziyarete gidelim. Kap\u0131y\u0131 \u00e7ald\u0131\u011f\u0131m\u0131zda hala a\u00e7\u0131lan kap\u0131dan asker babas\u0131n\u0131n i\u00e7eriye girmesini bekleyen yavrular\u0131m\u0131za bu kararlar\u0131n\u0131 a\u00e7\u0131klas\u0131nlar&#8221; ifadelerini kaydetti.<\/p>\n<p>\u201cBu karar yarg\u0131 ba\u011f\u0131ms\u0131zl\u0131\u011f\u0131na g\u00f6lge d\u00fc\u015f\u00fcrm\u00fc\u015ft\u00fcr\u201d<\/p>\n<p>Anadolu G\u00fcvenlik Korucular\u0131 ve \u015eehit Aileleri Konfederasyonu Genel Ba\u015fkan\u0131 Ziya S\u00f6zen ise, &#8220;\u00dclkemiz, ter\u00f6rle, ter\u00f6ristlerle \u00e7ok zor \u015fartlarda m\u00fccadele ederken, \u2019s\u00f6zde bas\u0131n bildirisi\u2019 ad\u0131 alt\u0131nda ter\u00f6r \u00f6rg\u00fct\u00fc propagandas\u0131 yapan baz\u0131 s\u00f6zde akademisyenlerin ceza almalar\u0131n\u0131 \u2019hak ihlali\u2019 g\u00f6ren Anayasa Mahkemesi \u00fcyeleri, a\u00e7\u0131k ve aleni bir \u015fekilde ter\u00f6r \u00f6rg\u00fctlerine i\u015f birlik\u00e7ilerine ve destek\u00e7ilerine destek vermi\u015ftir. Bu karar yarg\u0131 ba\u011f\u0131ms\u0131zl\u0131\u011f\u0131na g\u00f6lge d\u00fc\u015f\u00fcrm\u00fc\u015f, Anayasa Mahkemesi\u2019nin g\u00fcvenirli\u011fini ve tarafs\u0131zl\u0131k ilkesini zedelemi\u015ftir&#8221; diye konu\u015ftu.<\/p>\n<p>Bildirilerin okunmas\u0131n\u0131n ard\u0131ndan grup, toplu olarak Anayasa Mahkemesi\u2019nin kap\u0131s\u0131na siyah \u00e7elenk b\u0131rakt\u0131.<\/p>\n","protected":false},"excerpt":{"rendered":"<p>\u015eEH\u0130T VE GAZ\u0130 A\u0130LELER\u0130, ANAYASA MAHKEMES\u0130&#8217;N\u0130N &#8220;BARI\u015e \u0130\u00c7\u0130N AKADEM\u0130SYENLER \u0130N\u0130S\u0130YAT\u0130F\u0130&#8221; \u0130SM\u0130YLE HAZIRLANAN METNE \u0130MZA ATAN 10 AKADEM\u0130SYEN HAKKINDA, &#8220;TER\u00d6R PROPAGANDASI YAPMA&#8221; SU\u00c7UNDAN CEZALANDIRILDIKLARI GEREK\u00c7ES\u0130YLE, YAPTIKLARI B\u0130REYSEL BA\u015eVURUDA &#8220;HAK \u0130HLAL\u0130&#8221; KARARI VER\u0130LMES\u0130NE TEPK\u0130 AMA\u00c7LI OLARAK ANAYASA MAHKEMES\u0130&#8217;N\u0130N (AYM)\u00d6N\u00dcNE S\u0130YAH \u00c7ELENK BIRAKTI.<\/p>\n","protected":false},"author":1,"featured_media":187765,"comment_status":"closed","ping_status":"open","sticky":false,"template":"","format":"standard","meta":{"jetpack_post_was_ever_published":false,"_jetpack_newsletter_access":"","_jetpack_dont_email_post_to_subs":false,"_jetpack_newsletter_tier_id":0,"_jetpack_memberships_contains_paywalled_content":false,"_jetpack_memberships_contains_paid_content":false,"footnotes":"","jetpack_publicize_message":"","jetpack_publicize_feature_enabled":true,"jetpack_social_post_already_shared":true,"jetpack_social_options":{"image_generator_settings":{"template":"highway","default_image_id":0,"font":"","enabled":false},"version":2}},"categories":[1],"tags":[3097,11792,964,5081,12513,46733,237,961,5721],"class_list":["post-187764","post","type-post","status-publish","format-standard","has-post-thumbnail","hentry","category-genel","tag-gazi","tag-anayasa","tag-hak","tag-ihlali","tag-kararina","tag-mahkemesinin","tag-sehit","tag-tepki","tag-yakinlarindan"],"jetpack_publicize_connections":[],"jetpack_featured_media_url":"https:\/\/i0.wp.com\/www.tvturk.com\/wp-content\/uploads\/2019\/07\/sehit-ve-gazi-yakinlarindan-anayasa-mahkemesinin-hak-ihlali-kararina-tepki_9b315fc.jpg?fit=1000%2C750","jetpack_sharing_enabled":true,"jetpack_shortlink":"https:\/\/wp.me\/paKIfm-MQs","_links":{"self":[{"href":"http:\/\/www.tvturk.com\/index.php\/wp-json\/wp\/v2\/posts\/187764","targetHints":{"allow":["GET"]}}],"collection":[{"href":"http:\/\/www.tvturk.com\/index.php\/wp-json\/wp\/v2\/posts"}],"about":[{"href":"http:\/\/www.tvturk.com\/index.php\/wp-json\/wp\/v2\/types\/post"}],"author":[{"embeddable":true,"href":"http:\/\/www.tvturk.com\/index.php\/wp-json\/wp\/v2\/users\/1"}],"replies":[{"embeddable":true,"href":"http:\/\/www.tvturk.com\/index.php\/wp-json\/wp\/v2\/comments?post=187764"}],"version-history":[{"count":0,"href":"http:\/\/www.tvturk.com\/index.php\/wp-json\/wp\/v2\/posts\/187764\/revisions"}],"wp:featuredmedia":[{"embeddable":true,"href":"http:\/\/www.tvturk.com\/index.php\/wp-json\/wp\/v2\/media\/187765"}],"wp:attachment":[{"href":"http:\/\/www.tvturk.com\/index.php\/wp-json\/wp\/v2\/media?parent=187764"}],"wp:term":[{"taxonomy":"category","embeddable":true,"href":"http:\/\/www.tvturk.com\/index.php\/wp-json\/wp\/v2\/categories?post=187764"},{"taxonomy":"post_tag","embeddable":true,"href":"http:\/\/www.tvturk.com\/index.php\/wp-json\/wp\/v2\/tags?post=187764"}],"curies":[{"name":"wp","href":"https:\/\/api.w.org\/{rel}","templated":true}]}}