{"id":187784,"date":"2019-07-29T16:47:53","date_gmt":"2019-07-29T13:47:53","guid":{"rendered":"http:\/\/www.tvturk.com\/index.php\/manisa-cbu-rektorlugune-atanan-prof-dr-ahmet-atac-goreve-basladi\/"},"modified":"2019-07-29T16:47:53","modified_gmt":"2019-07-29T13:47:53","slug":"manisa-cbu-rektorlugune-atanan-prof-dr-ahmet-atac-goreve-basladi","status":"publish","type":"post","link":"http:\/\/www.tvturk.com\/index.php\/manisa-cbu-rektorlugune-atanan-prof-dr-ahmet-atac-goreve-basladi\/","title":{"rendered":"Manisa CB\u00dc Rekt\u00f6rl\u00fc\u011f\u00fcne atanan Prof. Dr. Ahmet Ata\u00e7 g\u00f6reve ba\u015flad\u0131"},"content":{"rendered":"<p>Manisa Celal Bayar \u00dcniversitesi (MCB\u00dc) Rekt\u00f6rl\u00fc\u011f\u00fcne atanan Prof. Dr. Ahmet Ata\u00e7, d\u00fczenlenen t\u00f6renle g\u00f6revine ba\u015flad\u0131. T\u00f6rende eski Rekt\u00f6r Prof. Dr. Kemal \u00c7elebi\u2019nin yer almamas\u0131 ise dikkat \u00e7ekti.<\/p>\n<p>Cumhurba\u015fkanl\u0131\u011f\u0131 kararnamesiyle Manisa CB\u00dc Rekt\u00f6rl\u00fc\u011f\u00fcne atanan E\u011fitim Fak\u00fcltesi Dekan\u0131 Prof. Dr. Ahmet Ata\u00e7, d\u00fczenlenen t\u00f6renle g\u00f6revine ba\u015flad\u0131. \u015eehit Prof. Dr. \u0130lhan Varank yerle\u015fkesinde bulunan rekt\u00f6rl\u00fck binas\u0131na e\u015fi Sevte Ata\u00e7 ile birlikte gelen Ata\u00e7, alk\u0131\u015flarla kar\u015f\u0131land\u0131. Prof. Dr. Ata\u00e7, daha sonra kendisini kar\u015f\u0131layanlar\u0131n elini s\u0131karak tek tek selamla\u015ft\u0131. Ard\u0131ndan makama ge\u00e7en Rekt\u00f6r Prof. Dr. Ata\u00e7, c\u00fcbbe giyerek makam\u0131na oturdu.<\/p>\n<p>T\u00f6renin ard\u0131ndan k\u0131sa bir a\u00e7\u0131klama yapan Prof. Dr. Ata\u00e7, \u201c\u00dcniversitemizi bulundu\u011fu konumdan akademik olarak, k\u00fclt\u00fcrel olarak, sosyal olarak en ileriye ta\u015f\u0131man\u0131n gayreti i\u00e7erisinde olaca\u011f\u0131z. En iyilerini yapmaya \u00e7al\u0131\u015faca\u011f\u0131z. Her g\u00fcn i\u00e7in bir program yapmaya \u00e7al\u0131\u015faca\u011f\u0131z. Bununla beraber Celal Bayar \u00dcniversitesinin t\u00fcm payda\u015flar\u0131n\u0131n fikrini alarak buray\u0131 ileriye g\u00f6t\u00fcrecek her ad\u0131m\u0131n uygulay\u0131c\u0131s\u0131 ve takip\u00e7isi olaca\u011f\u0131z. Kaynaklar\u0131m\u0131z\u0131 en iyi \u015fekilde kullanaca\u011f\u0131z. Akademik olarak \u00e7al\u0131\u015fan herkesin yan\u0131nda olaca\u011f\u0131z. Herkese soru\u015fturma a\u00e7mak yerine uzla\u015ft\u0131rmayla bar\u0131\u015f i\u00e7erisinde, huzur i\u00e7erisinde, t\u00fcm birimlerin aidiyet duygusunu hissederek ger\u00e7ek manada \u2019bu benim \u00fcniversitemdir, ben varsam bu \u00fcniversite var, ben yoksam bu \u00fcniversite olmaz\u2019 \u015fuurunda \u00e7al\u0131\u015fma a\u015fk\u0131n\u0131, \u015fevkini kendinde hissetmesini sa\u011flayaca\u011f\u0131z. Bu noktada hepimize g\u00f6rev d\u00fc\u015f\u00fcyor. \u2019Ben ara\u015ft\u0131rma g\u00f6revlisiyim, ben g\u00fcvenlik g\u00f6revlisiyim, ben destek hizmetlerindenim, ben profes\u00f6r\u00fcm\u2019 diye kendimizi soyutlamak, \u00fczerimizden vazifeyi atmak gibi bir l\u00fcks\u00fcm\u00fcz yok. Sadece \u00fcniversite deyince akademisyenler olarak alg\u0131lanmamal\u0131. Biz bir b\u00fct\u00fcn\u00fcz. Bu \u015fehrin bir par\u00e7as\u0131y\u0131z. Biz olmazsak Manisa eksik olur. Manisa olmazsa biz de eksik oluruz&#8221; dedi.<\/p>\n<p>Eski Rekt\u00f6r Prof. Dr. \u00c7elebi\u2019nin t\u00f6rene kat\u0131lmamas\u0131 dikkat \u00e7ekti<\/p>\n<p>\u00d6te yandan t\u00f6rende Manisa CB\u00dc eski Rekt\u00f6r\u00fc Prof. Dr. Kemal \u00c7elebi\u2019nin yer almamas\u0131 ise dikkat \u00e7ekti. Kendisine Prof. Dr. \u00c7elebi\u2019nin t\u00f6rende yer almamas\u0131yla ilgili sorulan soru \u00fczerine Prof. Dr. Ata\u00e7, &#8220;Tabii usul olarak devlet protokollerinde devir teslimlerde g\u00f6revi devreden devlet g\u00f6revlisine te\u015fekk\u00fcr edilir, yapt\u0131\u011f\u0131 hizmetlerden dolay\u0131 kutlan\u0131r. Yeni gelen arkada\u015fa da ba\u015far\u0131lar dilenir. Bug\u00fcn biz ikinci k\u0131sm\u0131 icra ediyoruz. Hocam\u0131z\u0131n bu noktadaki kendi tercihidir. Buna bizim bir dayatma ve ya s\u00f6yleme l\u00fcks\u00fcm\u00fcz yok&#8221; dedi.<\/p>\n<p>Rekt\u00f6r Prof. Dr. Ata\u00e7 akademisyen ve \u00f6\u011fretim g\u00f6revlileriyle birlikte hat\u0131ra foto\u011fraf\u0131 \u00e7ekildi.<\/p>\n<p>Prof. Dr. Ahmet Ata\u00e7 kimdir?<\/p>\n<p>25 A\u011fustos 1971 y\u0131l\u0131nda Kahramanmara\u015f\u2019ta do\u011fan Ahmet Ata\u00e7, 1993 y\u0131l\u0131nda \u00c7ukurova \u00dcniversitesi fizik b\u00f6l\u00fcm\u00fcnde lisans e\u011fitimini ve ayn\u0131 \u00fcniversitede 1996 y\u0131l\u0131nda fizik alan\u0131nda y\u00fcksek lisans\u0131n\u0131 tamamlad\u0131. 1994-1999 y\u0131llar\u0131 aras\u0131nda Manisa Celal Bayar \u00dcniversitesi (CB\u00dc) Fen-Edebiyat Fak\u00fcltesi fizik b\u00f6l\u00fcm\u00fcnde ara\u015ft\u0131rma g\u00f6revlisi olarak \u00e7al\u0131\u015ft\u0131. 1999-2002 y\u0131llar\u0131 aras\u0131nda Gazi \u00dcniversitesinde ara\u015ft\u0131rma g\u00f6revlisi olarak \u00e7al\u0131\u015fan Ata\u00e7, 2002 y\u0131l\u0131nda Gazi \u00dcniversitesi Fizik\/Atom Molek\u00fcl Fizi\u011fi alan\u0131nda Doktor unvan\u0131n\u0131 ald\u0131. 2002-2009 y\u0131llar\u0131 aras\u0131nda Manisa CB\u00dc Fen-Edebiyat Fak\u00fcltesi fizik b\u00f6l\u00fcm\u00fcnde yard\u0131mc\u0131 do\u00e7ent, 2009-2015 y\u0131lar\u0131 aras\u0131nda do\u00e7ent ve 2015 sonras\u0131 profes\u00f6r olarak Manisa CB\u00dc de akademik hayat\u0131na devam etmektedir. Ayr\u0131ca, Manisa CB\u00dc E\u011fitim Fak\u00fcltesi Dekanl\u0131\u011f\u0131, G\u00f6rdes MYO M\u00fcd\u00fcrl\u00fc\u011f\u00fc, Manisa MYO M\u00fcd\u00fcrl\u00fc\u011f\u00fc, \u00fcniversite senato \u00fcyeli\u011fi, anabilim dal\u0131 ba\u015fkanl\u0131\u011f\u0131, fen-edebiyat fak\u00fcltesi uzla\u015ft\u0131rma kurulu \u00fcyeli\u011fi, Manisa CB\u00dc Y\u00fcksek \u00d6\u011frenim Vakf\u0131 y\u00f6netim kurulu \u00fcyeli\u011fi, fizik b\u00f6l\u00fcm ba\u015fkanl\u0131\u011f\u0131 gibi \u00f6nemli mevkilerde g\u00f6rev ald\u0131. Ulusal d\u00fczeyde desteklenen 19 projede y\u00fcr\u00fct\u00fcc\u00fc ve ara\u015ft\u0131rmac\u0131 olarak g\u00f6rev yapan Ata\u00e7, bug\u00fcne kadar 6 y\u00fcksek lisans ve 2 doktora tezi olmak \u00fczere toplam 8 lisans\u00fcst\u00fc tez \u00e7al\u0131\u015fmas\u0131n\u0131 y\u00f6netti. Uluslararas\u0131 indekslerde taranan (SCI) dergilerde 45 tane, ulusal dergide 1 tane yay\u0131n\u0131 ve 58 tane uluslararas\u0131, 34 tane ulusal kongrede bildirisi bulunan Ahmet Ata\u00e7\u2019\u0131n uluslararas\u0131 hakemli dergilerde edit\u00f6rl\u00fck ve \u00e7ok say\u0131da hakemlikleri de vard\u0131r. Ayr\u0131ca, Ata\u00e7, SC\u0130 taraf\u0131ndan taranan uluslararas\u0131 hakemli dergilerde 600\u2019\u00fcn \u00fczerinde at\u0131f alm\u0131\u015ft\u0131r. Bunun yan\u0131nda, T\u00dcB\u0130TAK taraf\u0131ndan verilen 9 tane \u201cYay\u0131n Te\u015fvik \u00d6d\u00fcl\u00fc\u201d, MCB\u00dc b\u00fcnyesinde 3 tane \u201cYay\u0131n Performans \u00d6d\u00fcl\u00fc\u201d, 1 tane \u201cBilimsel Dergi Yay\u0131nc\u0131l\u0131k \u00d6d\u00fcl\u00fc\u201d  ve \u201cSosyal Sorumluluk Proje \u00d6d\u00fcl\u00fc\u201d de bulunmaktad\u0131r. \u0130yi derecede \u0130ngilizce bilen Ata\u00e7, evli ve 2 \u00e7ocuk babas\u0131d\u0131r. 2015 y\u0131l\u0131ndan itibaren Manisa CB\u00dc E\u011fitim Fak\u00fcltesinin dekanl\u0131\u011f\u0131n\u0131 y\u00fcr\u00fcten Prof. Dr. Ahmet Ata\u00e7, 27 Temmuz 2019 tarihinde Cumhurba\u015fkan\u0131 Recep Tayyip Erdo\u011fan taraf\u0131ndan Manisa CB\u00dc rekt\u00f6rl\u00fc\u011f\u00fcne atand\u0131.<\/p>\n","protected":false},"excerpt":{"rendered":"<p>MAN\u0130SA CELAL BAYAR \u00dcN\u0130VERS\u0130TES\u0130 (MCB\u00dc) REKT\u00d6RL\u00dc\u011e\u00dc\u2019NE ATANAN PROF. DR. AHMET ATA\u00c7, D\u00dcZENLENEN T\u00d6RENLE G\u00d6REV\u0130NE BA\u015eLADI. T\u00d6RENDE ESK\u0130 REKT\u00d6R PROF. DR. KEMAL \u00c7ELEB\u0130&#8217;N\u0130N YER ALMAMASI \u0130SE D\u0130KKAT \u00c7EKT\u0130.<\/p>\n","protected":false},"author":1,"featured_media":187785,"comment_status":"closed","ping_status":"open","sticky":false,"template":"","format":"standard","meta":{"jetpack_post_was_ever_published":false,"_jetpack_newsletter_access":"","_jetpack_dont_email_post_to_subs":false,"_jetpack_newsletter_tier_id":0,"_jetpack_memberships_contains_paywalled_content":false,"_jetpack_memberships_contains_paid_content":false,"footnotes":"","jetpack_publicize_message":"","jetpack_publicize_feature_enabled":true,"jetpack_social_post_already_shared":true,"jetpack_social_options":{"image_generator_settings":{"template":"highway","default_image_id":0,"font":"","enabled":false},"version":2}},"categories":[1],"tags":[3634,312,39164,55,46742,279,3137,2618,2750,46513],"class_list":["post-187784","post","type-post","status-publish","format-standard","has-post-thumbnail","hentry","category-genel","tag-ahmet","tag-atac","tag-atanan","tag-basladi","tag-cbu","tag-dr","tag-goreve","tag-manisa","tag-prof","tag-rektorlugune"],"jetpack_publicize_connections":[],"jetpack_featured_media_url":"https:\/\/i0.wp.com\/www.tvturk.com\/wp-content\/uploads\/2019\/07\/manisa-cbu-rektorlugune-atanan-prof-dr-ahmet-atac-goreve-basladi_92efb79.jpg?fit=1000%2C664","jetpack_sharing_enabled":true,"jetpack_shortlink":"https:\/\/wp.me\/paKIfm-MQM","_links":{"self":[{"href":"http:\/\/www.tvturk.com\/index.php\/wp-json\/wp\/v2\/posts\/187784","targetHints":{"allow":["GET"]}}],"collection":[{"href":"http:\/\/www.tvturk.com\/index.php\/wp-json\/wp\/v2\/posts"}],"about":[{"href":"http:\/\/www.tvturk.com\/index.php\/wp-json\/wp\/v2\/types\/post"}],"author":[{"embeddable":true,"href":"http:\/\/www.tvturk.com\/index.php\/wp-json\/wp\/v2\/users\/1"}],"replies":[{"embeddable":true,"href":"http:\/\/www.tvturk.com\/index.php\/wp-json\/wp\/v2\/comments?post=187784"}],"version-history":[{"count":0,"href":"http:\/\/www.tvturk.com\/index.php\/wp-json\/wp\/v2\/posts\/187784\/revisions"}],"wp:featuredmedia":[{"embeddable":true,"href":"http:\/\/www.tvturk.com\/index.php\/wp-json\/wp\/v2\/media\/187785"}],"wp:attachment":[{"href":"http:\/\/www.tvturk.com\/index.php\/wp-json\/wp\/v2\/media?parent=187784"}],"wp:term":[{"taxonomy":"category","embeddable":true,"href":"http:\/\/www.tvturk.com\/index.php\/wp-json\/wp\/v2\/categories?post=187784"},{"taxonomy":"post_tag","embeddable":true,"href":"http:\/\/www.tvturk.com\/index.php\/wp-json\/wp\/v2\/tags?post=187784"}],"curies":[{"name":"wp","href":"https:\/\/api.w.org\/{rel}","templated":true}]}}