{"id":187788,"date":"2019-07-29T17:01:35","date_gmt":"2019-07-29T14:01:35","guid":{"rendered":"http:\/\/www.tvturk.com\/index.php\/sudanda-protestolarda-5-kisi-hayatini-kaybetti\/"},"modified":"2019-07-29T17:01:35","modified_gmt":"2019-07-29T14:01:35","slug":"sudanda-protestolarda-5-kisi-hayatini-kaybetti","status":"publish","type":"post","link":"http:\/\/www.tvturk.com\/index.php\/sudanda-protestolarda-5-kisi-hayatini-kaybetti\/","title":{"rendered":"Sudan\u2019da protestolarda 5 ki\u015fi hayat\u0131n\u0131 kaybetti"},"content":{"rendered":"<p>Sudan\u2019\u0131n ba\u015fkenti Hartum\u2019da 3 Haziran g\u00f6sterilerine g\u00fcvenlik g\u00fc\u00e7lerinin m\u00fcdahalesinde 127 ki\u015finin \u00f6ld\u00fcr\u00fclmesine dair soru\u015fturma tamamland\u0131. Sonu\u00e7tan tatmin olmayan muhaliflerin El Ubeyd kentinde bug\u00fcn d\u00fczenledi\u011fi protestolarda 5 ki\u015fi hayat\u0131n\u0131 kaybederken \u00e7ok say\u0131da g\u00f6sterici de yaraland\u0131.<\/p>\n<p>Sudan\u2019\u0131n El Ubeyde kentinde bug\u00fcn ba\u015flayan protestolara keskin ni\u015fanc\u0131 sald\u0131r\u0131s\u0131 damga vurdu. Olayda vurulan 4\u2019\u00fc \u00f6\u011frenci 5 g\u00f6sterici hayat\u0131n\u0131 kaybederken, muhalif Doktorlar Komitesi yetkilileri \u00e7ok say\u0131da yaral\u0131 oldu\u011funu bildirdi. Doktorlar Komitesi taraf\u0131ndan yap\u0131lan a\u00e7\u0131klamada, &#8220;5 \u015fehidimiz, El Ubeyd\u2019de d\u00fczenlenen bar\u0131\u015f\u00e7\u0131l g\u00f6steri s\u0131ras\u0131nda keskin ni\u015fanc\u0131n\u0131n kur\u015funlar\u0131na hedef olarak hayat\u0131n\u0131 kaybetti&#8221; denildi.<\/p>\n<p>\u201c\u015eehitlerin kan\u0131 bir yere gitmedi. E\u015farp olarak ta\u015f\u0131yoruz\u201d<\/p>\n<p>Yollara barikat kuran ve lastik yakan g\u00f6stericilerin \u201c\u015eehitlerin kan\u0131 bir yere gitmedi. E\u015farp olarak ta\u015f\u0131yoruz\u201d sloganlar\u0131 atmas\u0131 \u00fczerine polis m\u00fcdahalede bulundu. Polisin biber gaz\u0131 ve sersemletici el bombalar\u0131 kulland\u0131\u011f\u0131 m\u00fcdahalede, \u00f6nceki olaylar\u0131n aksine Acil Destek G\u00fc\u00e7leri ortal\u0131kta g\u00f6r\u00fcnmedi.<\/p>\n<p>Doktorlar Komitesi, bug\u00fcn d\u00fczenlenen protestonun, ba\u015fkent Hartum\u2019da 127 g\u00f6stericinin \u00f6l\u00fcm\u00fcyle sonu\u00e7lanan 3 Haziran olaylar\u0131 ile ba\u011flant\u0131l\u0131 oldu\u011funu bildirdi. Acil Destek G\u00fc\u00e7leri olarak adland\u0131r\u0131lan Sudanl\u0131 milis kuvvetler, 3 Haziran\u2019da ba\u015fkentte oturma eylemi yapan demokrasi yanl\u0131s\u0131 g\u00f6stericilere m\u00fcdahale s\u0131ras\u0131nda ate\u015f a\u00e7m\u0131\u015ft\u0131.<\/p>\n<p>8 subay \u201cinsanl\u0131k su\u00e7u\u201d ile yarg\u0131land\u0131<\/p>\n<p>3 Haziran olaylar\u0131 ile ilgili soru\u015fturmadan sorumlu Fatih el Rahman Said, Cumartesi g\u00fcn\u00fc 8 subay\u0131n &#8220;insanl\u0131k su\u00e7u i\u015flemekle&#8221; yarg\u0131land\u0131\u011f\u0131n\u0131 a\u00e7\u0131klam\u0131\u015ft\u0131. \u00d6l\u00fc say\u0131s\u0131n\u0131 127 olarak belirten Doktorlar Komitesinin aksine Fatih el Rahman Said, y\u00fcr\u00fct\u00fclen inceleme sonucunda 3 Haziran olaylar\u0131nda sadece 17 ki\u015finin hayat\u0131n\u0131 kaybetti\u011fini, 3-10 Haziran tarihleri aras\u0131nda ya\u015fanan toplam \u00f6l\u00fcm say\u0131s\u0131n\u0131n ise 87 oldu\u011funu s\u00f6ylemi\u015fti.<\/p>\n<p>Muhalifler ve generaller aras\u0131ndaki g\u00f6r\u00fc\u015fmeler devam edecek<\/p>\n<p>Hartum\u2019daki oturma eylemi s\u0131ras\u0131nda uygulanan \u015fiddet, Birle\u015fmi\u015f Milletler G\u00fcvenlik Konseyi taraf\u0131ndan k\u0131nan\u0131rken, protesto liderleri ile ordu aras\u0131ndaki g\u00f6r\u00fc\u015fmelerde sorun ya\u015fanmas\u0131na yol a\u00e7t\u0131.<\/p>\n<p>Protestonun liderleri ve iktidardaki generaller, yar\u0131n ba\u015fkent Hartum\u2019da g\u00f6r\u00fc\u015fmelere devam edecek. Taraflar, iktidar\u0131n y\u00f6netimdeki askeri konseyden yeni bir sivil y\u00f6netime devri ile ilgili hala devam etmekte olan sorunlar\u0131 \u00e7\u00f6zmek i\u00e7in g\u00f6r\u00fc\u015fecek.<\/p>\n<p>\u0130ktidardaki generaller ve protesto liderleri, 17 Temmuz\u2019da \u00fclkede genel bir sivil y\u00f6netim in\u015fa etmesi amac\u0131yla yeni bir ortak sivil-askeri y\u00f6netim organ\u0131 kurmaya karar vermi\u015fti. Bu, uzun y\u0131llard\u0131r \u00fclkenin ba\u015f\u0131ndaki \u00d6mer El Be\u015fir\u2019in, Nisan ay\u0131nda askeri darbeyle g\u00f6revinden al\u0131nmas\u0131na neden olan \u00fclke \u00e7ap\u0131ndaki protesto hareketinin ana talebiydi.<\/p>\n","protected":false},"excerpt":{"rendered":"<p>SUDAN\u2019DA PROTESTOLARDA 5 K\u0130\u015e\u0130 HAYATINI KAYBETT\u0130<\/p>\n","protected":false},"author":1,"featured_media":187789,"comment_status":"closed","ping_status":"open","sticky":false,"template":"","format":"standard","meta":{"jetpack_post_was_ever_published":false,"_jetpack_newsletter_access":"","_jetpack_dont_email_post_to_subs":false,"_jetpack_newsletter_tier_id":0,"_jetpack_memberships_contains_paywalled_content":false,"_jetpack_memberships_contains_paid_content":false,"footnotes":"","jetpack_publicize_message":"","jetpack_publicize_feature_enabled":true,"jetpack_social_post_already_shared":true,"jetpack_social_options":{"image_generator_settings":{"template":"highway","default_image_id":0,"font":"","enabled":false},"version":2}},"categories":[10],"tags":[848,849,1012,20321,27471],"class_list":["post-187788","post","type-post","status-publish","format-standard","has-post-thumbnail","hentry","category-dunya","tag-hayatini","tag-kaybetti","tag-kisi","tag-protestolarda","tag-sudanda"],"jetpack_publicize_connections":[],"jetpack_featured_media_url":"https:\/\/i0.wp.com\/www.tvturk.com\/wp-content\/uploads\/2019\/07\/sudanda-protestolarda-5-kisi-hayatini-kaybetti_1928425.jpg?fit=1000%2C666","jetpack_sharing_enabled":true,"jetpack_shortlink":"https:\/\/wp.me\/paKIfm-MQQ","_links":{"self":[{"href":"http:\/\/www.tvturk.com\/index.php\/wp-json\/wp\/v2\/posts\/187788","targetHints":{"allow":["GET"]}}],"collection":[{"href":"http:\/\/www.tvturk.com\/index.php\/wp-json\/wp\/v2\/posts"}],"about":[{"href":"http:\/\/www.tvturk.com\/index.php\/wp-json\/wp\/v2\/types\/post"}],"author":[{"embeddable":true,"href":"http:\/\/www.tvturk.com\/index.php\/wp-json\/wp\/v2\/users\/1"}],"replies":[{"embeddable":true,"href":"http:\/\/www.tvturk.com\/index.php\/wp-json\/wp\/v2\/comments?post=187788"}],"version-history":[{"count":0,"href":"http:\/\/www.tvturk.com\/index.php\/wp-json\/wp\/v2\/posts\/187788\/revisions"}],"wp:featuredmedia":[{"embeddable":true,"href":"http:\/\/www.tvturk.com\/index.php\/wp-json\/wp\/v2\/media\/187789"}],"wp:attachment":[{"href":"http:\/\/www.tvturk.com\/index.php\/wp-json\/wp\/v2\/media?parent=187788"}],"wp:term":[{"taxonomy":"category","embeddable":true,"href":"http:\/\/www.tvturk.com\/index.php\/wp-json\/wp\/v2\/categories?post=187788"},{"taxonomy":"post_tag","embeddable":true,"href":"http:\/\/www.tvturk.com\/index.php\/wp-json\/wp\/v2\/tags?post=187788"}],"curies":[{"name":"wp","href":"https:\/\/api.w.org\/{rel}","templated":true}]}}