{"id":187792,"date":"2019-07-29T17:02:00","date_gmt":"2019-07-29T14:02:00","guid":{"rendered":"http:\/\/www.tvturk.com\/index.php\/balkan-ulkelerinde-yasayan-ogrencilerden-eyupsultana-ziyaret\/"},"modified":"2019-07-29T17:02:00","modified_gmt":"2019-07-29T14:02:00","slug":"balkan-ulkelerinde-yasayan-ogrencilerden-eyupsultana-ziyaret","status":"publish","type":"post","link":"http:\/\/www.tvturk.com\/index.php\/balkan-ulkelerinde-yasayan-ogrencilerden-eyupsultana-ziyaret\/","title":{"rendered":"Balkan \u00fclkelerinde ya\u015fayan \u00f6\u011frencilerden Ey\u00fcpsultan\u2019a ziyaret"},"content":{"rendered":"<p>Balkan \u00fclkelerinde ya\u015fayan \u00fcniversite \u00f6\u011frencileri, Ey\u00fcpsultan\u2019\u0131 ziyaret etti. \u0130ki \u00fclke \u00f6\u011frencilerinin daha iyi kayna\u015fmas\u0131 ve ortak k\u00fclt\u00fcrel de\u011ferlerimizi ke\u015ffetme ama\u00e7l\u0131 yap\u0131lan gezide Ey\u00fcpsultan ve \u00e7evresi tan\u0131t\u0131ld\u0131.<\/p>\n<p>Balkan \u00fclkelerinde ya\u015fayan \u00fcniversite \u00f6\u011frencileri karde\u015f \u00fclke T\u00fcrkiye\u2019ye d\u00fczenlenen gezide, Ey\u00fcpsultan\u2019\u0131 da ziyaret etti. \u0130ki \u00fclke \u00f6\u011frencilerinin daha iyi kayna\u015fmas\u0131 ve ortak k\u00fclt\u00fcrel de\u011ferlerimizi ke\u015ffetme ama\u00e7l\u0131 yap\u0131lan gezide Ey\u00fcpsultan ve \u00e7evresi tan\u0131t\u0131ld\u0131. \u0130lk olarak Ensari Kona\u011f\u0131\u2019nda kahvalt\u0131 yapan gen\u00e7ler, daha sonra Ey\u00fcpsultan\u2019\u0131n tarihi yerlerini rehber e\u015fli\u011finde gezme imkan\u0131 buldu. Ard\u0131ndan Ey\u00fcpsultan Belediye Ba\u015fkan\u0131 Deniz K\u00f6ken\u2019i ziyaret eden \u00fcniversite \u00f6\u011frencileri ve Kuzey Makedonya Milletvekili Recep Memeti, Ba\u015fkan Deniz K\u00f6ken\u2019e hediye takdim etti.<\/p>\n<p>\u00dclkemizin Balkan co\u011frafyas\u0131 ile be\u015f y\u00fcz y\u0131ll\u0131k kadim bir tarihe sahip oldu\u011funu belirten Ba\u015fkan Deniz K\u00f6ken, \u201c\u00c7ok badireler atlat\u0131ld\u0131 ama hamdolsun \u00e7ok daha g\u00fczel g\u00fcnler bizleri bekliyor. Hepiniz \u00fcniversite okuyormu\u015fsunuz ba\u015far\u0131lar\u0131n\u0131z\u0131n devam\u0131n\u0131 temenni ediyorum. \u0130n\u015fallah Avrupa i\u00e7inde, daha b\u00fcy\u00fck yerlerde sizleri g\u00f6r\u00fcr\u00fcz\u201d dedi.<\/p>\n<p>\u201cBirimizin aya\u011f\u0131na diken batsa di\u011feri y\u00fcre\u011finde hissetti\u201d<\/p>\n<p>Kahvalt\u0131 program\u0131nda \u00f6\u011frencilere e\u015flik eden Ey\u00fcpsultan Belediye Ba\u015fkan Yard\u0131mc\u0131s\u0131 Dr. \u0130smail Uysal ise,  \u201cBalkanlarda katliamlar yap\u0131ld\u0131. \u0130nsanlar\u0131m\u0131za zulmedildi. Birimizin aya\u011f\u0131na diken batsa di\u011feri y\u00fcre\u011finde hissetti. Ayd\u0131nl\u0131k bir gelecek i\u00e7in hep beraber birlik i\u00e7erisinde olur ve bunlara g\u00f6\u011f\u00fcs gerersek ac\u0131lar\u0131 sarabilece\u011fimize inan\u0131yorum. Bu t\u00fcr programlar aram\u0131zdaki g\u00fc\u00e7l\u00fc ba\u011f\u0131 daha da \u00e7ok per\u00e7inleyecektir. Makedonya\u2019da yeti\u015fen insanlar, ana yurdumuz Anadolu\u2019yu g\u00f6rs\u00fcnler. Osmanl\u0131n\u0131n merkezini ke\u015ffetsinler. Bizim gen\u00e7lerimiz de Balkanlar\u0131 ziyaret etsinler. Bir kayna\u015fma \u00e7er\u00e7evesi i\u00e7inde birlikte ya\u015famaya devam edelim\u201d diye konu\u015ftu.<\/p>\n<p>D\u00fcnya Balkan Dernekleri Federasyonu Genel Ba\u015fkan\u0131 Recep Varol da \u00e7e\u015fitli \u00fcniversitelerden buraya \u00f6\u011frenciler getirerek, k\u00fclt\u00fcrler aras\u0131nda birlik, beraberlik ve i\u015fbirli\u011finin geli\u015fmesine destek olduklar\u0131n\u0131 ve bu t\u00fcr etkinliklere devam edeceklerini s\u00f6yledi. Programa kat\u0131lan \u00f6\u011frencilerden Selma Memeti, geziden olduk\u00e7a memnun kald\u0131klar\u0131n\u0131, karde\u015f \u00fclke T\u00fcrkiye\u2019yi g\u00f6rme imkan\u0131 bulduklar\u0131 i\u00e7in mutlu olduklar\u0131n\u0131 s\u00f6yledi.<\/p>\n","protected":false},"excerpt":{"rendered":"<p>BALKAN \u00dcLKELER\u0130NDE YA\u015eAYAN \u00dcN\u0130VERS\u0130TE \u00d6\u011eRENC\u0130LER\u0130, EY\u00dcPSULTAN&#8217;I Z\u0130YARET ETT\u0130.<\/p>\n","protected":false},"author":1,"featured_media":187793,"comment_status":"closed","ping_status":"open","sticky":false,"template":"","format":"standard","meta":{"jetpack_post_was_ever_published":false,"_jetpack_newsletter_access":"","_jetpack_dont_email_post_to_subs":false,"_jetpack_newsletter_tier_id":0,"_jetpack_memberships_contains_paywalled_content":false,"_jetpack_memberships_contains_paid_content":false,"footnotes":"","jetpack_publicize_message":"","jetpack_publicize_feature_enabled":true,"jetpack_social_post_already_shared":true,"jetpack_social_options":{"image_generator_settings":{"template":"highway","default_image_id":0,"font":"","enabled":false},"version":2}},"categories":[1],"tags":[10049,25389,3174,25214,3462,150],"class_list":["post-187792","post","type-post","status-publish","format-standard","has-post-thumbnail","hentry","category-genel","tag-balkan","tag-eyupsultana","tag-ogrencilerden","tag-ulkelerinde","tag-yasayan","tag-ziyaret"],"jetpack_publicize_connections":[],"jetpack_featured_media_url":"https:\/\/i0.wp.com\/www.tvturk.com\/wp-content\/uploads\/2019\/07\/balkan-ulkelerinde-yasayan-ogrencilerden-eyupsultana-ziyaret_2f9b459.jpg?fit=1000%2C730","jetpack_sharing_enabled":true,"jetpack_shortlink":"https:\/\/wp.me\/paKIfm-MQU","_links":{"self":[{"href":"http:\/\/www.tvturk.com\/index.php\/wp-json\/wp\/v2\/posts\/187792","targetHints":{"allow":["GET"]}}],"collection":[{"href":"http:\/\/www.tvturk.com\/index.php\/wp-json\/wp\/v2\/posts"}],"about":[{"href":"http:\/\/www.tvturk.com\/index.php\/wp-json\/wp\/v2\/types\/post"}],"author":[{"embeddable":true,"href":"http:\/\/www.tvturk.com\/index.php\/wp-json\/wp\/v2\/users\/1"}],"replies":[{"embeddable":true,"href":"http:\/\/www.tvturk.com\/index.php\/wp-json\/wp\/v2\/comments?post=187792"}],"version-history":[{"count":0,"href":"http:\/\/www.tvturk.com\/index.php\/wp-json\/wp\/v2\/posts\/187792\/revisions"}],"wp:featuredmedia":[{"embeddable":true,"href":"http:\/\/www.tvturk.com\/index.php\/wp-json\/wp\/v2\/media\/187793"}],"wp:attachment":[{"href":"http:\/\/www.tvturk.com\/index.php\/wp-json\/wp\/v2\/media?parent=187792"}],"wp:term":[{"taxonomy":"category","embeddable":true,"href":"http:\/\/www.tvturk.com\/index.php\/wp-json\/wp\/v2\/categories?post=187792"},{"taxonomy":"post_tag","embeddable":true,"href":"http:\/\/www.tvturk.com\/index.php\/wp-json\/wp\/v2\/tags?post=187792"}],"curies":[{"name":"wp","href":"https:\/\/api.w.org\/{rel}","templated":true}]}}