{"id":18781,"date":"2019-02-10T16:18:47","date_gmt":"2019-02-10T13:18:47","guid":{"rendered":"http:\/\/www.tvturk.com\/index.php\/sivrihisar-sucuk-festivalinde-karnaval-havasi\/"},"modified":"2019-02-10T16:18:53","modified_gmt":"2019-02-10T13:18:53","slug":"sivrihisar-sucuk-festivalinde-karnaval-havasi","status":"publish","type":"post","link":"http:\/\/www.tvturk.com\/index.php\/sivrihisar-sucuk-festivalinde-karnaval-havasi\/","title":{"rendered":"Sivrihisar Sucuk Festivali\u2019nde karnaval havas\u0131"},"content":{"rendered":"<p>Eski\u015fehir\u2019in Sivrihisar il\u00e7esinde d\u00fczenlenen D\u00f6vme Sucuk Festivali, karnaval havas\u0131nda ger\u00e7ekle\u015fti.<\/p>\n<p>Sivrihisar Belediyesi taraf\u0131ndan ilki 2017 y\u0131l\u0131nda yap\u0131lan Sivrihisar\u2019a \u00f6zg\u00fc me\u015fhur D\u00f6vme Sucuk Festivali yo\u011fun ilgi g\u00f6rd\u00fc. Y\u00fczlerce vatanda\u015f\u0131n kat\u0131ld\u0131\u011f\u0131 festivalde renkli g\u00f6r\u00fcnt\u00fcler olu\u015ftu. \u00c7evre illerden festivale kat\u0131lanlar y\u00f6resel lezzetleri tatma imkan\u0131 buldu.<\/p>\n<p>Festivale so\u011fuk hava demeden her b\u00f6lgeden kat\u0131l\u0131m oldu\u011funu belirten Sivrihisar Belediye Ba\u015fkan\u0131 Hamid Y\u00fcz\u00fcg\u00fcll\u00fc, \u201cNasreddin Hocam\u0131z\u0131n memleketi, tarih, k\u00fclt\u00fcr hazinesi ve lezzetler diyar\u0131 Sivrihisar\u2019day\u0131z. Sivrihisar\u2019da bug\u00fcn ad\u0131n\u0131 ve tad\u0131n\u0131 ge\u00e7mi\u015ften alan mayas\u0131n\u0131 dedelerimizden, \u00fcretimini de kasaplar\u0131m\u0131z\u0131n olu\u015fturdu\u011fu, bizim de gelece\u011fe ta\u015f\u0131d\u0131\u011f\u0131m\u0131z D\u00f6vme Sucuk Festivali\u2019ni ger\u00e7ekle\u015ftiriyoruz. T\u00fcm b\u00f6lgelerimizden gelen misafirlerimiz var. Burada misafirlerimize Sivrihisar\u2019\u0131n d\u00f6vme sucu\u011funu ikram ediyoruz. G\u00fczel bir vakit ge\u00e7irmeleri i\u00e7in elimizden geleni yap\u0131yoruz. Sa\u011f olsun misafirlerimiz b\u00f6yle bir g\u00fcnde bizi yaln\u0131z b\u0131rakmad\u0131lar. Onlar\u0131 so\u011fuk hava demeden g\u00fczelce a\u011f\u0131rl\u0131yoruz. Gelen misafirlerimize de te\u015fekk\u00fcr ediyoruz\u201d ifadelerini kulland\u0131.<\/p>\n<p>\u201cBu t\u00fcr etkinlikler halk\u0131n birbiriyle kayna\u015fmas\u0131 i\u00e7in bir f\u0131rsat\u201d<\/p>\n<p>Festivale kat\u0131lan AK Parti Eski\u015fehir Milletvekili Emine Nur G\u00fcnay, organizasyonun uzun y\u0131llar devam etmesini dileyerek, \u201cBen bu t\u00fcr etkinliklerin halk\u0131n birbiriyle kayna\u015fmas\u0131 ve bulu\u015fmas\u0131 i\u00e7in bir f\u0131rsat oldu\u011funu d\u00fc\u015f\u00fcn\u00fcyorum. Bizler i\u00e7in de ayr\u0131 bir f\u0131rsat oluyor. Ba\u015fta Belediye Ba\u015fkan\u0131 Hamid Y\u00fcz\u00fcg\u00fcll\u00fc ile birlikte eme\u011fi ge\u00e7en herkesi kutluyorum. Eme\u011fi ge\u00e7en herkese \u00e7ok te\u015fekk\u00fcr ediyorum. \u0130n\u015fallah y\u0131llar boyunca devam edecek bir festival olur. Hem yerel de\u011ferlerimizi tan\u0131t\u0131yoruz. Bir yandan fark\u0131ndal\u0131k olu\u015ftururken hem yerel hem ulusal anlamda \u00e7ok de\u011ferli buluyorum\u201d \u015feklinde konu\u015ftu.<\/p>\n<p>Festivale ilk kez kat\u0131lan vatanda\u015flardan Necla \u00c7elik ise, \u201c\u00c7ok g\u00fczel bir etkinlik olmu\u015f. Sivrihisar\u0131m\u0131z\u0131 \u00e7ok g\u00fczel tan\u0131t\u0131yor. \u00c7ok memnunuz. Biz de kat\u0131ld\u0131k. Daha \u00f6nce ben pek gelmemi\u015ftim ama ilgi \u00e7okmu\u015f\u201d dedi.<div class=\"tiled-gallery type-rectangular tiled-gallery-unresized\" data-original-width=\"500\" data-carousel-extra='null' itemscope itemtype=\"http:\/\/schema.org\/ImageGallery\" > <div class=\"gallery-row\" style=\"width: 500px; height: 224px;\" data-original-width=\"500\" data-original-height=\"224\" > <div class=\"gallery-group images-1\" style=\"width: 334px; height: 224px;\" data-original-width=\"334\" data-original-height=\"224\" > <div class=\"tiled-gallery-item tiled-gallery-item-large\" itemprop=\"associatedMedia\" itemscope itemtype=\"http:\/\/schema.org\/ImageObject\"> <a href=\"http:\/\/www.tvturk.com\/index.php\/sivrihisar-sucuk-festivalinde-karnaval-havasi\/sivrihisar-sucuk-festivalinde-karnaval-havasi-3\/\" border=\"0\" itemprop=\"url\"> <meta itemprop=\"width\" content=\"330\"> <meta itemprop=\"height\" content=\"220\"> <img decoding=\"async\" class=\"\" data-attachment-id=\"18783\" data-orig-file=\"http:\/\/www.tvturk.com\/wp-content\/uploads\/2019\/02\/sivrihisar-sucuk-festivalinde-karnaval-havasi_d152845.jpg\" data-orig-size=\"1000,666\" data-comments-opened=\"\" data-image-meta=\"{&quot;aperture&quot;:&quot;0&quot;,&quot;credit&quot;:&quot;IHA&quot;,&quot;camera&quot;:&quot;&quot;,&quot;caption&quot;:&quot;S\\u0130VR\\u0130H\\u0130SAR\\u2019DA KARNAVAL HAVASI (ERS\\u0130N G\\u00d6KDA\\u011e - O\\u011eUZHAN DEM\\u0130R\\\/ESK\\u0130\\u015eEH\\u0130R-\\u0130HA)&quot;,&quot;created_timestamp&quot;:&quot;0&quot;,&quot;copyright&quot;:&quot;\\u0130HLAS HABER AJANSI, www.iha.com.tr&quot;,&quot;focal_length&quot;:&quot;0&quot;,&quot;iso&quot;:&quot;0&quot;,&quot;shutter_speed&quot;:&quot;0&quot;,&quot;title&quot;:&quot;S\\u0130VR\\u0130H\\u0130SAR SUCUK FEST\\u0130VAL\\u0130\\u0027NDE KARNAVAL HAVASI S\\u0130VR\\u0130H\\u0130SAR BELED\\u0130YE BA\\u015eKANI HAM\\u0130D Y\\u00dcZ\\u00dcG\\u00dcLL\\u00dc: \\u0022M\\u0130SAF\\u0130RLER\\u0130M\\u0130ZE D\\u00d6VME SUCUK \\u0130KRAM ED\\u0130YORUZ\\u0022&quot;,&quot;orientation&quot;:&quot;0&quot;}\" data-image-title=\"Sivrihisar Sucuk Festivali\u2019nde karnaval havas\u0131\" data-image-description=\"&lt;p&gt;Sivrihisar Sucuk Festivali\u2019nde karnaval havas\u0131&lt;\/p&gt; \" data-medium-file=\"https:\/\/i0.wp.com\/www.tvturk.com\/wp-content\/uploads\/2019\/02\/sivrihisar-sucuk-festivalinde-karnaval-havasi_d152845.jpg?fit=300%2C200\" data-large-file=\"https:\/\/i0.wp.com\/www.tvturk.com\/wp-content\/uploads\/2019\/02\/sivrihisar-sucuk-festivalinde-karnaval-havasi_d152845.jpg?fit=1000%2C666\" src=\"https:\/\/i0.wp.com\/www.tvturk.com\/wp-content\/uploads\/2019\/02\/sivrihisar-sucuk-festivalinde-karnaval-havasi_d152845.jpg?w=330&#038;h=220\" srcset=\"https:\/\/i0.wp.com\/www.tvturk.com\/wp-content\/uploads\/2019\/02\/sivrihisar-sucuk-festivalinde-karnaval-havasi_d152845.jpg?w=1000 1000w, https:\/\/i0.wp.com\/www.tvturk.com\/wp-content\/uploads\/2019\/02\/sivrihisar-sucuk-festivalinde-karnaval-havasi_d152845.jpg?resize=150%2C100 150w, https:\/\/i0.wp.com\/www.tvturk.com\/wp-content\/uploads\/2019\/02\/sivrihisar-sucuk-festivalinde-karnaval-havasi_d152845.jpg?resize=300%2C200 300w, https:\/\/i0.wp.com\/www.tvturk.com\/wp-content\/uploads\/2019\/02\/sivrihisar-sucuk-festivalinde-karnaval-havasi_d152845.jpg?resize=768%2C511 768w, https:\/\/i0.wp.com\/www.tvturk.com\/wp-content\/uploads\/2019\/02\/sivrihisar-sucuk-festivalinde-karnaval-havasi_d152845.jpg?resize=170%2C113 170w, https:\/\/i0.wp.com\/www.tvturk.com\/wp-content\/uploads\/2019\/02\/sivrihisar-sucuk-festivalinde-karnaval-havasi_d152845.jpg?resize=120%2C80 120w\" width=\"330\" height=\"220\" loading=\"lazy\" data-original-width=\"330\" data-original-height=\"220\" itemprop=\"http:\/\/schema.org\/image\" title=\"Sivrihisar Sucuk Festivali\u2019nde karnaval havas\u0131\" alt=\"Sivrihisar Sucuk Festivali\u2019nde karnaval havas\u0131\" style=\"width: 330px; height: 220px;\" \/> <\/a> <\/div> <\/div> <!-- close group --> <div class=\"gallery-group images-2\" style=\"width: 166px; height: 224px;\" data-original-width=\"166\" data-original-height=\"224\" > <div class=\"tiled-gallery-item tiled-gallery-item-small\" itemprop=\"associatedMedia\" itemscope itemtype=\"http:\/\/schema.org\/ImageObject\"> <a href=\"http:\/\/www.tvturk.com\/index.php\/sivrihisar-sucuk-festivalinde-karnaval-havasi\/sivrihisar-sucuk-festivalinde-karnaval-havasi-4\/\" border=\"0\" itemprop=\"url\"> <meta itemprop=\"width\" content=\"162\"> <meta itemprop=\"height\" content=\"108\"> <img decoding=\"async\" class=\"\" data-attachment-id=\"18784\" data-orig-file=\"http:\/\/www.tvturk.com\/wp-content\/uploads\/2019\/02\/sivrihisar-sucuk-festivalinde-karnaval-havasi_babae15.jpg\" data-orig-size=\"1000,666\" data-comments-opened=\"\" data-image-meta=\"{&quot;aperture&quot;:&quot;0&quot;,&quot;credit&quot;:&quot;IHA&quot;,&quot;camera&quot;:&quot;&quot;,&quot;caption&quot;:&quot;S\\u0130VR\\u0130H\\u0130SAR BELED\\u0130YE BA\\u015eKANI HAM\\u0130D Y\\u00dcZ\\u00dcG\\u00dcLL\\u00dc, \\u201cG\\u00dcZEL B\\u0130R VAK\\u0130T GE\\u00c7\\u0130RMELER\\u0130 \\u0130\\u00c7\\u0130N EL\\u0130M\\u0130ZDEN GELEN\\u0130 YAPIYORUZ. SA\\u011e OLSUN M\\u0130SAF\\u0130RLER\\u0130M\\u0130Z B\\u00d6YLE B\\u0130R G\\u00dcNDE B\\u0130Z\\u0130 YALNIZ BIRAKMADILAR\\u201d DED\\u0130 (ERS\\u0130N G\\u00d6KDA\\u011e - O\\u011eUZHAN DEM\\u0130R\\\/ESK\\u0130\\u015eEH\\u0130R-\\u0130HA)&quot;,&quot;created_timestamp&quot;:&quot;0&quot;,&quot;copyright&quot;:&quot;\\u0130HLAS HABER AJANSI, www.iha.com.tr&quot;,&quot;focal_length&quot;:&quot;0&quot;,&quot;iso&quot;:&quot;0&quot;,&quot;shutter_speed&quot;:&quot;0&quot;,&quot;title&quot;:&quot;S\\u0130VR\\u0130H\\u0130SAR SUCUK FEST\\u0130VAL\\u0130\\u0027NDE KARNAVAL HAVASI S\\u0130VR\\u0130H\\u0130SAR BELED\\u0130YE BA\\u015eKANI HAM\\u0130D Y\\u00dcZ\\u00dcG\\u00dcLL\\u00dc: \\u0022M\\u0130SAF\\u0130RLER\\u0130M\\u0130ZE D\\u00d6VME SUCUK \\u0130KRAM ED\\u0130YORUZ\\u0022&quot;,&quot;orientation&quot;:&quot;0&quot;}\" data-image-title=\"Sivrihisar Sucuk Festivali\u2019nde karnaval havas\u0131\" data-image-description=\"&lt;p&gt;Sivrihisar Sucuk Festivali\u2019nde karnaval havas\u0131&lt;\/p&gt; \" data-medium-file=\"https:\/\/i0.wp.com\/www.tvturk.com\/wp-content\/uploads\/2019\/02\/sivrihisar-sucuk-festivalinde-karnaval-havasi_babae15.jpg?fit=300%2C200\" data-large-file=\"https:\/\/i0.wp.com\/www.tvturk.com\/wp-content\/uploads\/2019\/02\/sivrihisar-sucuk-festivalinde-karnaval-havasi_babae15.jpg?fit=1000%2C666\" src=\"https:\/\/i0.wp.com\/www.tvturk.com\/wp-content\/uploads\/2019\/02\/sivrihisar-sucuk-festivalinde-karnaval-havasi_babae15.jpg?w=162&#038;h=108\" srcset=\"https:\/\/i0.wp.com\/www.tvturk.com\/wp-content\/uploads\/2019\/02\/sivrihisar-sucuk-festivalinde-karnaval-havasi_babae15.jpg?w=1000 1000w, https:\/\/i0.wp.com\/www.tvturk.com\/wp-content\/uploads\/2019\/02\/sivrihisar-sucuk-festivalinde-karnaval-havasi_babae15.jpg?resize=150%2C100 150w, https:\/\/i0.wp.com\/www.tvturk.com\/wp-content\/uploads\/2019\/02\/sivrihisar-sucuk-festivalinde-karnaval-havasi_babae15.jpg?resize=300%2C200 300w, https:\/\/i0.wp.com\/www.tvturk.com\/wp-content\/uploads\/2019\/02\/sivrihisar-sucuk-festivalinde-karnaval-havasi_babae15.jpg?resize=768%2C511 768w, https:\/\/i0.wp.com\/www.tvturk.com\/wp-content\/uploads\/2019\/02\/sivrihisar-sucuk-festivalinde-karnaval-havasi_babae15.jpg?resize=170%2C113 170w, https:\/\/i0.wp.com\/www.tvturk.com\/wp-content\/uploads\/2019\/02\/sivrihisar-sucuk-festivalinde-karnaval-havasi_babae15.jpg?resize=120%2C80 120w\" width=\"162\" height=\"108\" loading=\"lazy\" data-original-width=\"162\" data-original-height=\"108\" itemprop=\"http:\/\/schema.org\/image\" title=\"Sivrihisar Sucuk Festivali\u2019nde karnaval havas\u0131\" alt=\"Sivrihisar Sucuk Festivali\u2019nde karnaval havas\u0131\" style=\"width: 162px; height: 108px;\" \/> <\/a> <\/div> <div class=\"tiled-gallery-item tiled-gallery-item-small\" itemprop=\"associatedMedia\" itemscope itemtype=\"http:\/\/schema.org\/ImageObject\"> <a href=\"http:\/\/www.tvturk.com\/index.php\/sivrihisar-sucuk-festivalinde-karnaval-havasi\/sivrihisar-sucuk-festivalinde-karnaval-havasi-5\/\" border=\"0\" itemprop=\"url\"> <meta itemprop=\"width\" content=\"162\"> <meta itemprop=\"height\" content=\"108\"> <img decoding=\"async\" class=\"\" data-attachment-id=\"18785\" data-orig-file=\"http:\/\/www.tvturk.com\/wp-content\/uploads\/2019\/02\/sivrihisar-sucuk-festivalinde-karnaval-havasi_0dbc6e3.jpg\" data-orig-size=\"1000,666\" data-comments-opened=\"\" data-image-meta=\"{&quot;aperture&quot;:&quot;0&quot;,&quot;credit&quot;:&quot;IHA&quot;,&quot;camera&quot;:&quot;&quot;,&quot;caption&quot;:&quot;NECLA \\u00c7EL\\u0130K \\u0130SE, \\u201c\\u00c7OK G\\u00dcZEL B\\u0130R ETK\\u0130NL\\u0130K OLMU\\u015e. S\\u0130VR\\u0130H\\u0130SAR\\u2019IMIZI \\u00c7OK G\\u00dcZEL TANITIYOR. \\u00c7OK MEMNUNUZ. B\\u0130Z DE KATILDIK. DAHA \\u00d6NCE BEN PEK GELMEM\\u0130\\u015eT\\u0130M AMA \\u0130LG\\u0130 \\u00c7OKMU\\u015e\\u201d D\\u0130YE BEL\\u0130RTT\\u0130 (ERS\\u0130N G\\u00d6KDA\\u011e - O\\u011eUZHAN DEM\\u0130R\\\/ESK\\u0130\\u015eEH\\u0130R-\\u0130HA)&quot;,&quot;created_timestamp&quot;:&quot;0&quot;,&quot;copyright&quot;:&quot;\\u0130HLAS HABER AJANSI, www.iha.com.tr&quot;,&quot;focal_length&quot;:&quot;0&quot;,&quot;iso&quot;:&quot;0&quot;,&quot;shutter_speed&quot;:&quot;0&quot;,&quot;title&quot;:&quot;S\\u0130VR\\u0130H\\u0130SAR SUCUK FEST\\u0130VAL\\u0130\\u0027NDE KARNAVAL HAVASI S\\u0130VR\\u0130H\\u0130SAR BELED\\u0130YE BA\\u015eKANI HAM\\u0130D Y\\u00dcZ\\u00dcG\\u00dcLL\\u00dc: \\u0022M\\u0130SAF\\u0130RLER\\u0130M\\u0130ZE D\\u00d6VME SUCUK \\u0130KRAM ED\\u0130YORUZ\\u0022&quot;,&quot;orientation&quot;:&quot;0&quot;}\" data-image-title=\"Sivrihisar Sucuk Festivali\u2019nde karnaval havas\u0131\" data-image-description=\"&lt;p&gt;Sivrihisar Sucuk Festivali\u2019nde karnaval havas\u0131&lt;\/p&gt; \" data-medium-file=\"https:\/\/i0.wp.com\/www.tvturk.com\/wp-content\/uploads\/2019\/02\/sivrihisar-sucuk-festivalinde-karnaval-havasi_0dbc6e3.jpg?fit=300%2C200\" data-large-file=\"https:\/\/i0.wp.com\/www.tvturk.com\/wp-content\/uploads\/2019\/02\/sivrihisar-sucuk-festivalinde-karnaval-havasi_0dbc6e3.jpg?fit=1000%2C666\" src=\"https:\/\/i0.wp.com\/www.tvturk.com\/wp-content\/uploads\/2019\/02\/sivrihisar-sucuk-festivalinde-karnaval-havasi_0dbc6e3.jpg?w=162&#038;h=108\" srcset=\"https:\/\/i0.wp.com\/www.tvturk.com\/wp-content\/uploads\/2019\/02\/sivrihisar-sucuk-festivalinde-karnaval-havasi_0dbc6e3.jpg?w=1000 1000w, https:\/\/i0.wp.com\/www.tvturk.com\/wp-content\/uploads\/2019\/02\/sivrihisar-sucuk-festivalinde-karnaval-havasi_0dbc6e3.jpg?resize=150%2C100 150w, https:\/\/i0.wp.com\/www.tvturk.com\/wp-content\/uploads\/2019\/02\/sivrihisar-sucuk-festivalinde-karnaval-havasi_0dbc6e3.jpg?resize=300%2C200 300w, https:\/\/i0.wp.com\/www.tvturk.com\/wp-content\/uploads\/2019\/02\/sivrihisar-sucuk-festivalinde-karnaval-havasi_0dbc6e3.jpg?resize=768%2C511 768w, https:\/\/i0.wp.com\/www.tvturk.com\/wp-content\/uploads\/2019\/02\/sivrihisar-sucuk-festivalinde-karnaval-havasi_0dbc6e3.jpg?resize=170%2C113 170w, https:\/\/i0.wp.com\/www.tvturk.com\/wp-content\/uploads\/2019\/02\/sivrihisar-sucuk-festivalinde-karnaval-havasi_0dbc6e3.jpg?resize=120%2C80 120w\" width=\"162\" height=\"108\" loading=\"lazy\" data-original-width=\"162\" data-original-height=\"108\" itemprop=\"http:\/\/schema.org\/image\" title=\"Sivrihisar Sucuk Festivali\u2019nde karnaval havas\u0131\" alt=\"Sivrihisar Sucuk Festivali\u2019nde karnaval havas\u0131\" style=\"width: 162px; height: 108px;\" \/> <\/a> <\/div> <\/div> <!-- close group --> <\/div> <!-- close row --> <div class=\"gallery-row\" style=\"width: 500px; height: 85px;\" data-original-width=\"500\" data-original-height=\"85\" > <div class=\"gallery-group images-1\" style=\"width: 125px; height: 85px;\" data-original-width=\"125\" data-original-height=\"85\" > <div class=\"tiled-gallery-item tiled-gallery-item-small\" itemprop=\"associatedMedia\" itemscope itemtype=\"http:\/\/schema.org\/ImageObject\"> <a href=\"http:\/\/www.tvturk.com\/index.php\/sivrihisar-sucuk-festivalinde-karnaval-havasi\/sivrihisar-sucuk-festivalinde-karnaval-havasi-6\/\" border=\"0\" itemprop=\"url\"> <meta itemprop=\"width\" content=\"121\"> <meta itemprop=\"height\" content=\"81\"> <img decoding=\"async\" class=\"\" data-attachment-id=\"18786\" data-orig-file=\"http:\/\/www.tvturk.com\/wp-content\/uploads\/2019\/02\/sivrihisar-sucuk-festivalinde-karnaval-havasi_b76d325.jpg\" data-orig-size=\"1000,666\" data-comments-opened=\"\" data-image-meta=\"{&quot;aperture&quot;:&quot;0&quot;,&quot;credit&quot;:&quot;IHA&quot;,&quot;camera&quot;:&quot;&quot;,&quot;caption&quot;:&quot;\\u00c7EVRE \\u0130LLERDEN DE GELEN 7\\u0027DEN 70\\u0027E B\\u00dcT\\u00dcN YA\\u015e GRUPLARI DOYASIYA E\\u011eLEND\\u0130 (ERS\\u0130N G\\u00d6KDA\\u011e - O\\u011eUZHAN DEM\\u0130R\\\/ESK\\u0130\\u015eEH\\u0130R-\\u0130HA)&quot;,&quot;created_timestamp&quot;:&quot;0&quot;,&quot;copyright&quot;:&quot;\\u0130HLAS HABER AJANSI, www.iha.com.tr&quot;,&quot;focal_length&quot;:&quot;0&quot;,&quot;iso&quot;:&quot;0&quot;,&quot;shutter_speed&quot;:&quot;0&quot;,&quot;title&quot;:&quot;S\\u0130VR\\u0130H\\u0130SAR SUCUK FEST\\u0130VAL\\u0130\\u0027NDE KARNAVAL HAVASI S\\u0130VR\\u0130H\\u0130SAR BELED\\u0130YE BA\\u015eKANI HAM\\u0130D Y\\u00dcZ\\u00dcG\\u00dcLL\\u00dc: \\u0022M\\u0130SAF\\u0130RLER\\u0130M\\u0130ZE D\\u00d6VME SUCUK \\u0130KRAM ED\\u0130YORUZ\\u0022&quot;,&quot;orientation&quot;:&quot;0&quot;}\" data-image-title=\"Sivrihisar Sucuk Festivali\u2019nde karnaval havas\u0131\" data-image-description=\"&lt;p&gt;Sivrihisar Sucuk Festivali\u2019nde karnaval havas\u0131&lt;\/p&gt; \" data-medium-file=\"https:\/\/i0.wp.com\/www.tvturk.com\/wp-content\/uploads\/2019\/02\/sivrihisar-sucuk-festivalinde-karnaval-havasi_b76d325.jpg?fit=300%2C200\" data-large-file=\"https:\/\/i0.wp.com\/www.tvturk.com\/wp-content\/uploads\/2019\/02\/sivrihisar-sucuk-festivalinde-karnaval-havasi_b76d325.jpg?fit=1000%2C666\" src=\"https:\/\/i0.wp.com\/www.tvturk.com\/wp-content\/uploads\/2019\/02\/sivrihisar-sucuk-festivalinde-karnaval-havasi_b76d325.jpg?w=121&#038;h=81\" srcset=\"https:\/\/i0.wp.com\/www.tvturk.com\/wp-content\/uploads\/2019\/02\/sivrihisar-sucuk-festivalinde-karnaval-havasi_b76d325.jpg?w=1000 1000w, https:\/\/i0.wp.com\/www.tvturk.com\/wp-content\/uploads\/2019\/02\/sivrihisar-sucuk-festivalinde-karnaval-havasi_b76d325.jpg?resize=150%2C100 150w, https:\/\/i0.wp.com\/www.tvturk.com\/wp-content\/uploads\/2019\/02\/sivrihisar-sucuk-festivalinde-karnaval-havasi_b76d325.jpg?resize=300%2C200 300w, https:\/\/i0.wp.com\/www.tvturk.com\/wp-content\/uploads\/2019\/02\/sivrihisar-sucuk-festivalinde-karnaval-havasi_b76d325.jpg?resize=768%2C511 768w, https:\/\/i0.wp.com\/www.tvturk.com\/wp-content\/uploads\/2019\/02\/sivrihisar-sucuk-festivalinde-karnaval-havasi_b76d325.jpg?resize=170%2C113 170w, https:\/\/i0.wp.com\/www.tvturk.com\/wp-content\/uploads\/2019\/02\/sivrihisar-sucuk-festivalinde-karnaval-havasi_b76d325.jpg?resize=120%2C80 120w, https:\/\/i0.wp.com\/www.tvturk.com\/wp-content\/uploads\/2019\/02\/sivrihisar-sucuk-festivalinde-karnaval-havasi_b76d325.jpg?resize=80%2C55 80w\" width=\"121\" height=\"81\" loading=\"lazy\" data-original-width=\"121\" data-original-height=\"81\" itemprop=\"http:\/\/schema.org\/image\" title=\"Sivrihisar Sucuk Festivali\u2019nde karnaval havas\u0131\" alt=\"Sivrihisar Sucuk Festivali\u2019nde karnaval havas\u0131\" style=\"width: 121px; height: 81px;\" \/> <\/a> <\/div> <\/div> <!-- close group --> <div class=\"gallery-group images-1\" style=\"width: 125px; height: 85px;\" data-original-width=\"125\" data-original-height=\"85\" > <div class=\"tiled-gallery-item tiled-gallery-item-small\" itemprop=\"associatedMedia\" itemscope itemtype=\"http:\/\/schema.org\/ImageObject\"> <a href=\"http:\/\/www.tvturk.com\/index.php\/sivrihisar-sucuk-festivalinde-karnaval-havasi\/sivrihisar-sucuk-festivalinde-karnaval-havasi-7\/\" border=\"0\" itemprop=\"url\"> <meta itemprop=\"width\" content=\"121\"> <meta itemprop=\"height\" content=\"81\"> <img decoding=\"async\" class=\"\" data-attachment-id=\"18787\" data-orig-file=\"http:\/\/www.tvturk.com\/wp-content\/uploads\/2019\/02\/sivrihisar-sucuk-festivalinde-karnaval-havasi_ba68236.jpg\" data-orig-size=\"1000,666\" data-comments-opened=\"\" data-image-meta=\"{&quot;aperture&quot;:&quot;0&quot;,&quot;credit&quot;:&quot;IHA&quot;,&quot;camera&quot;:&quot;&quot;,&quot;caption&quot;:&quot;S\\u0130VR\\u0130H\\u0130SAR BELED\\u0130YES\\u0130 TARAFINDAN D\\u00dcZENLENEN ME\\u015eHUR D\\u00d6VME SUCUK FEST\\u0130VAL\\u0130 KARNAVAL HAVASINDA GER\\u00c7EKLE\\u015eT\\u0130R\\u0130LD\\u0130. (ERS\\u0130N G\\u00d6KDA\\u011e - O\\u011eUZHAN DEM\\u0130R\\\/ESK\\u0130\\u015eEH\\u0130R-\\u0130HA)&quot;,&quot;created_timestamp&quot;:&quot;0&quot;,&quot;copyright&quot;:&quot;\\u0130HLAS HABER AJANSI, www.iha.com.tr&quot;,&quot;focal_length&quot;:&quot;0&quot;,&quot;iso&quot;:&quot;0&quot;,&quot;shutter_speed&quot;:&quot;0&quot;,&quot;title&quot;:&quot;S\\u0130VR\\u0130H\\u0130SAR SUCUK FEST\\u0130VAL\\u0130\\u0027NDE KARNAVAL HAVASI S\\u0130VR\\u0130H\\u0130SAR BELED\\u0130YE BA\\u015eKANI HAM\\u0130D Y\\u00dcZ\\u00dcG\\u00dcLL\\u00dc: \\u0022M\\u0130SAF\\u0130RLER\\u0130M\\u0130ZE D\\u00d6VME SUCUK \\u0130KRAM ED\\u0130YORUZ\\u0022&quot;,&quot;orientation&quot;:&quot;0&quot;}\" data-image-title=\"Sivrihisar Sucuk Festivali\u2019nde karnaval havas\u0131\" data-image-description=\"&lt;p&gt;Sivrihisar Sucuk Festivali\u2019nde karnaval havas\u0131&lt;\/p&gt; \" data-medium-file=\"https:\/\/i0.wp.com\/www.tvturk.com\/wp-content\/uploads\/2019\/02\/sivrihisar-sucuk-festivalinde-karnaval-havasi_ba68236.jpg?fit=300%2C200\" data-large-file=\"https:\/\/i0.wp.com\/www.tvturk.com\/wp-content\/uploads\/2019\/02\/sivrihisar-sucuk-festivalinde-karnaval-havasi_ba68236.jpg?fit=1000%2C666\" src=\"https:\/\/i0.wp.com\/www.tvturk.com\/wp-content\/uploads\/2019\/02\/sivrihisar-sucuk-festivalinde-karnaval-havasi_ba68236.jpg?w=121&#038;h=81\" srcset=\"https:\/\/i0.wp.com\/www.tvturk.com\/wp-content\/uploads\/2019\/02\/sivrihisar-sucuk-festivalinde-karnaval-havasi_ba68236.jpg?w=1000 1000w, https:\/\/i0.wp.com\/www.tvturk.com\/wp-content\/uploads\/2019\/02\/sivrihisar-sucuk-festivalinde-karnaval-havasi_ba68236.jpg?resize=150%2C100 150w, https:\/\/i0.wp.com\/www.tvturk.com\/wp-content\/uploads\/2019\/02\/sivrihisar-sucuk-festivalinde-karnaval-havasi_ba68236.jpg?resize=300%2C200 300w, https:\/\/i0.wp.com\/www.tvturk.com\/wp-content\/uploads\/2019\/02\/sivrihisar-sucuk-festivalinde-karnaval-havasi_ba68236.jpg?resize=768%2C511 768w, https:\/\/i0.wp.com\/www.tvturk.com\/wp-content\/uploads\/2019\/02\/sivrihisar-sucuk-festivalinde-karnaval-havasi_ba68236.jpg?resize=170%2C113 170w, https:\/\/i0.wp.com\/www.tvturk.com\/wp-content\/uploads\/2019\/02\/sivrihisar-sucuk-festivalinde-karnaval-havasi_ba68236.jpg?resize=120%2C80 120w, https:\/\/i0.wp.com\/www.tvturk.com\/wp-content\/uploads\/2019\/02\/sivrihisar-sucuk-festivalinde-karnaval-havasi_ba68236.jpg?resize=80%2C55 80w\" width=\"121\" height=\"81\" loading=\"lazy\" data-original-width=\"121\" data-original-height=\"81\" itemprop=\"http:\/\/schema.org\/image\" title=\"Sivrihisar Sucuk Festivali\u2019nde karnaval havas\u0131\" alt=\"Sivrihisar Sucuk Festivali\u2019nde karnaval havas\u0131\" style=\"width: 121px; height: 81px;\" \/> <\/a> <\/div> <\/div> <!-- close group --> <div class=\"gallery-group images-1\" style=\"width: 125px; height: 85px;\" data-original-width=\"125\" data-original-height=\"85\" > <div class=\"tiled-gallery-item tiled-gallery-item-small\" itemprop=\"associatedMedia\" itemscope itemtype=\"http:\/\/schema.org\/ImageObject\"> <a href=\"http:\/\/www.tvturk.com\/index.php\/sivrihisar-sucuk-festivalinde-karnaval-havasi\/sivrihisar-sucuk-festivalinde-karnaval-havasi-8\/\" border=\"0\" itemprop=\"url\"> <meta itemprop=\"width\" content=\"121\"> <meta itemprop=\"height\" content=\"81\"> <img decoding=\"async\" class=\"\" data-attachment-id=\"18788\" data-orig-file=\"http:\/\/www.tvturk.com\/wp-content\/uploads\/2019\/02\/sivrihisar-sucuk-festivalinde-karnaval-havasi_517d68b.jpg\" data-orig-size=\"1000,666\" data-comments-opened=\"\" data-image-meta=\"{&quot;aperture&quot;:&quot;0&quot;,&quot;credit&quot;:&quot;IHA&quot;,&quot;camera&quot;:&quot;&quot;,&quot;caption&quot;:&quot;\\u00c7EVRE \\u0130LLERDEN DE GELEN 7\\u0027DEN 70\\u0027E B\\u00dcT\\u00dcN YA\\u015e GRUPLARI DOYASIYA E\\u011eLEND\\u0130 (ERS\\u0130N G\\u00d6KDA\\u011e - O\\u011eUZHAN DEM\\u0130R\\\/ESK\\u0130\\u015eEH\\u0130R-\\u0130HA)&quot;,&quot;created_timestamp&quot;:&quot;0&quot;,&quot;copyright&quot;:&quot;\\u0130HLAS HABER AJANSI, www.iha.com.tr&quot;,&quot;focal_length&quot;:&quot;0&quot;,&quot;iso&quot;:&quot;0&quot;,&quot;shutter_speed&quot;:&quot;0&quot;,&quot;title&quot;:&quot;S\\u0130VR\\u0130H\\u0130SAR SUCUK FEST\\u0130VAL\\u0130\\u0027NDE KARNAVAL HAVASI S\\u0130VR\\u0130H\\u0130SAR BELED\\u0130YE BA\\u015eKANI HAM\\u0130D Y\\u00dcZ\\u00dcG\\u00dcLL\\u00dc: \\u0022M\\u0130SAF\\u0130RLER\\u0130M\\u0130ZE D\\u00d6VME SUCUK \\u0130KRAM ED\\u0130YORUZ\\u0022&quot;,&quot;orientation&quot;:&quot;0&quot;}\" data-image-title=\"Sivrihisar Sucuk Festivali\u2019nde karnaval havas\u0131\" data-image-description=\"&lt;p&gt;Sivrihisar Sucuk Festivali\u2019nde karnaval havas\u0131&lt;\/p&gt; \" data-medium-file=\"https:\/\/i0.wp.com\/www.tvturk.com\/wp-content\/uploads\/2019\/02\/sivrihisar-sucuk-festivalinde-karnaval-havasi_517d68b.jpg?fit=300%2C200\" data-large-file=\"https:\/\/i0.wp.com\/www.tvturk.com\/wp-content\/uploads\/2019\/02\/sivrihisar-sucuk-festivalinde-karnaval-havasi_517d68b.jpg?fit=1000%2C666\" src=\"https:\/\/i0.wp.com\/www.tvturk.com\/wp-content\/uploads\/2019\/02\/sivrihisar-sucuk-festivalinde-karnaval-havasi_517d68b.jpg?w=121&#038;h=81\" srcset=\"https:\/\/i0.wp.com\/www.tvturk.com\/wp-content\/uploads\/2019\/02\/sivrihisar-sucuk-festivalinde-karnaval-havasi_517d68b.jpg?w=1000 1000w, https:\/\/i0.wp.com\/www.tvturk.com\/wp-content\/uploads\/2019\/02\/sivrihisar-sucuk-festivalinde-karnaval-havasi_517d68b.jpg?resize=150%2C100 150w, https:\/\/i0.wp.com\/www.tvturk.com\/wp-content\/uploads\/2019\/02\/sivrihisar-sucuk-festivalinde-karnaval-havasi_517d68b.jpg?resize=300%2C200 300w, https:\/\/i0.wp.com\/www.tvturk.com\/wp-content\/uploads\/2019\/02\/sivrihisar-sucuk-festivalinde-karnaval-havasi_517d68b.jpg?resize=768%2C511 768w, https:\/\/i0.wp.com\/www.tvturk.com\/wp-content\/uploads\/2019\/02\/sivrihisar-sucuk-festivalinde-karnaval-havasi_517d68b.jpg?resize=170%2C113 170w, https:\/\/i0.wp.com\/www.tvturk.com\/wp-content\/uploads\/2019\/02\/sivrihisar-sucuk-festivalinde-karnaval-havasi_517d68b.jpg?resize=120%2C80 120w, https:\/\/i0.wp.com\/www.tvturk.com\/wp-content\/uploads\/2019\/02\/sivrihisar-sucuk-festivalinde-karnaval-havasi_517d68b.jpg?resize=80%2C55 80w\" width=\"121\" height=\"81\" loading=\"lazy\" data-original-width=\"121\" data-original-height=\"81\" itemprop=\"http:\/\/schema.org\/image\" title=\"Sivrihisar Sucuk Festivali\u2019nde karnaval havas\u0131\" alt=\"Sivrihisar Sucuk Festivali\u2019nde karnaval havas\u0131\" style=\"width: 121px; height: 81px;\" \/> <\/a> <\/div> <\/div> <!-- close group --> <div class=\"gallery-group images-1\" style=\"width: 125px; height: 85px;\" data-original-width=\"125\" data-original-height=\"85\" > <div class=\"tiled-gallery-item tiled-gallery-item-small\" itemprop=\"associatedMedia\" itemscope itemtype=\"http:\/\/schema.org\/ImageObject\"> <a href=\"http:\/\/www.tvturk.com\/index.php\/sivrihisar-sucuk-festivalinde-karnaval-havasi\/sivrihisar-sucuk-festivalinde-karnaval-havasi-9\/\" border=\"0\" itemprop=\"url\"> <meta itemprop=\"width\" content=\"121\"> <meta itemprop=\"height\" content=\"81\"> <img decoding=\"async\" class=\"\" data-attachment-id=\"18789\" data-orig-file=\"http:\/\/www.tvturk.com\/wp-content\/uploads\/2019\/02\/sivrihisar-sucuk-festivalinde-karnaval-havasi_3d0dfec.jpg\" data-orig-size=\"1000,666\" data-comments-opened=\"\" data-image-meta=\"{&quot;aperture&quot;:&quot;0&quot;,&quot;credit&quot;:&quot;IHA&quot;,&quot;camera&quot;:&quot;&quot;,&quot;caption&quot;:&quot;S\\u0130VR\\u0130H\\u0130SAR\\u2019DA KARNAVAL HAVASI (ERS\\u0130N G\\u00d6KDA\\u011e - O\\u011eUZHAN DEM\\u0130R\\\/ESK\\u0130\\u015eEH\\u0130R-\\u0130HA)&quot;,&quot;created_timestamp&quot;:&quot;0&quot;,&quot;copyright&quot;:&quot;\\u0130HLAS HABER AJANSI, www.iha.com.tr&quot;,&quot;focal_length&quot;:&quot;0&quot;,&quot;iso&quot;:&quot;0&quot;,&quot;shutter_speed&quot;:&quot;0&quot;,&quot;title&quot;:&quot;S\\u0130VR\\u0130H\\u0130SAR SUCUK FEST\\u0130VAL\\u0130\\u0027NDE KARNAVAL HAVASI S\\u0130VR\\u0130H\\u0130SAR BELED\\u0130YE BA\\u015eKANI HAM\\u0130D Y\\u00dcZ\\u00dcG\\u00dcLL\\u00dc: \\u0022M\\u0130SAF\\u0130RLER\\u0130M\\u0130ZE D\\u00d6VME SUCUK \\u0130KRAM ED\\u0130YORUZ\\u0022&quot;,&quot;orientation&quot;:&quot;0&quot;}\" data-image-title=\"Sivrihisar Sucuk Festivali\u2019nde karnaval havas\u0131\" data-image-description=\"&lt;p&gt;Sivrihisar Sucuk Festivali\u2019nde karnaval havas\u0131&lt;\/p&gt; \" data-medium-file=\"https:\/\/i0.wp.com\/www.tvturk.com\/wp-content\/uploads\/2019\/02\/sivrihisar-sucuk-festivalinde-karnaval-havasi_3d0dfec.jpg?fit=300%2C200\" data-large-file=\"https:\/\/i0.wp.com\/www.tvturk.com\/wp-content\/uploads\/2019\/02\/sivrihisar-sucuk-festivalinde-karnaval-havasi_3d0dfec.jpg?fit=1000%2C666\" src=\"https:\/\/i0.wp.com\/www.tvturk.com\/wp-content\/uploads\/2019\/02\/sivrihisar-sucuk-festivalinde-karnaval-havasi_3d0dfec.jpg?w=121&#038;h=81\" srcset=\"https:\/\/i0.wp.com\/www.tvturk.com\/wp-content\/uploads\/2019\/02\/sivrihisar-sucuk-festivalinde-karnaval-havasi_3d0dfec.jpg?w=1000 1000w, https:\/\/i0.wp.com\/www.tvturk.com\/wp-content\/uploads\/2019\/02\/sivrihisar-sucuk-festivalinde-karnaval-havasi_3d0dfec.jpg?resize=150%2C100 150w, https:\/\/i0.wp.com\/www.tvturk.com\/wp-content\/uploads\/2019\/02\/sivrihisar-sucuk-festivalinde-karnaval-havasi_3d0dfec.jpg?resize=300%2C200 300w, https:\/\/i0.wp.com\/www.tvturk.com\/wp-content\/uploads\/2019\/02\/sivrihisar-sucuk-festivalinde-karnaval-havasi_3d0dfec.jpg?resize=768%2C511 768w, https:\/\/i0.wp.com\/www.tvturk.com\/wp-content\/uploads\/2019\/02\/sivrihisar-sucuk-festivalinde-karnaval-havasi_3d0dfec.jpg?resize=170%2C113 170w, https:\/\/i0.wp.com\/www.tvturk.com\/wp-content\/uploads\/2019\/02\/sivrihisar-sucuk-festivalinde-karnaval-havasi_3d0dfec.jpg?resize=120%2C80 120w, https:\/\/i0.wp.com\/www.tvturk.com\/wp-content\/uploads\/2019\/02\/sivrihisar-sucuk-festivalinde-karnaval-havasi_3d0dfec.jpg?resize=80%2C55 80w\" width=\"121\" height=\"81\" loading=\"lazy\" data-original-width=\"121\" data-original-height=\"81\" itemprop=\"http:\/\/schema.org\/image\" title=\"Sivrihisar Sucuk Festivali\u2019nde karnaval havas\u0131\" alt=\"Sivrihisar Sucuk Festivali\u2019nde karnaval havas\u0131\" style=\"width: 121px; height: 81px;\" \/> <\/a> <\/div> <\/div> <!-- close group --> <\/div> <!-- close row --> <\/div><\/p>\n","protected":false},"excerpt":{"rendered":"<p>S\u0130VR\u0130H\u0130SAR BELED\u0130YES\u0130 TARAFINDAN D\u00dcZENLENEN ME\u015eHUR D\u00d6VME SUCUK FEST\u0130VAL\u0130 KARNAVAL HAVASINDA GER\u00c7EKLE\u015eT\u0130R\u0130LD\u0130<\/p>\n","protected":false},"author":1,"featured_media":18782,"comment_status":"closed","ping_status":"open","sticky":false,"template":"","format":"standard","meta":{"jetpack_post_was_ever_published":false,"_jetpack_newsletter_access":"","_jetpack_dont_email_post_to_subs":false,"_jetpack_newsletter_tier_id":0,"_jetpack_memberships_contains_paywalled_content":false,"_jetpack_memberships_contains_paid_content":false,"footnotes":"","jetpack_publicize_message":"","jetpack_publicize_feature_enabled":true,"jetpack_social_post_already_shared":false,"jetpack_social_options":{"image_generator_settings":{"template":"highway","default_image_id":0,"font":"","enabled":false},"version":2}},"categories":[655],"tags":[4351,7453,5203,8501,8500],"class_list":["post-18781","post","type-post","status-publish","format-standard","has-post-thumbnail","hentry","category-son-dakika","tag-sucuk","tag-festivalinde","tag-havasi","tag-karnaval","tag-sivrihisar"],"jetpack_publicize_connections":[],"jetpack_featured_media_url":"https:\/\/i0.wp.com\/www.tvturk.com\/wp-content\/uploads\/2019\/02\/sivrihisar-sucuk-festivalinde-karnaval-havasi_a03b685.jpg?fit=1000%2C666","jetpack_sharing_enabled":true,"jetpack_shortlink":"https:\/\/wp.me\/paKIfm-4SV","_links":{"self":[{"href":"http:\/\/www.tvturk.com\/index.php\/wp-json\/wp\/v2\/posts\/18781","targetHints":{"allow":["GET"]}}],"collection":[{"href":"http:\/\/www.tvturk.com\/index.php\/wp-json\/wp\/v2\/posts"}],"about":[{"href":"http:\/\/www.tvturk.com\/index.php\/wp-json\/wp\/v2\/types\/post"}],"author":[{"embeddable":true,"href":"http:\/\/www.tvturk.com\/index.php\/wp-json\/wp\/v2\/users\/1"}],"replies":[{"embeddable":true,"href":"http:\/\/www.tvturk.com\/index.php\/wp-json\/wp\/v2\/comments?post=18781"}],"version-history":[{"count":1,"href":"http:\/\/www.tvturk.com\/index.php\/wp-json\/wp\/v2\/posts\/18781\/revisions"}],"predecessor-version":[{"id":18790,"href":"http:\/\/www.tvturk.com\/index.php\/wp-json\/wp\/v2\/posts\/18781\/revisions\/18790"}],"wp:featuredmedia":[{"embeddable":true,"href":"http:\/\/www.tvturk.com\/index.php\/wp-json\/wp\/v2\/media\/18782"}],"wp:attachment":[{"href":"http:\/\/www.tvturk.com\/index.php\/wp-json\/wp\/v2\/media?parent=18781"}],"wp:term":[{"taxonomy":"category","embeddable":true,"href":"http:\/\/www.tvturk.com\/index.php\/wp-json\/wp\/v2\/categories?post=18781"},{"taxonomy":"post_tag","embeddable":true,"href":"http:\/\/www.tvturk.com\/index.php\/wp-json\/wp\/v2\/tags?post=18781"}],"curies":[{"name":"wp","href":"https:\/\/api.w.org\/{rel}","templated":true}]}}