{"id":187850,"date":"2019-07-29T23:01:30","date_gmt":"2019-07-29T20:01:30","guid":{"rendered":"http:\/\/www.tvturk.com\/index.php\/avrupa-adalet-divanindan-belcikaya-nukleer-uyari\/"},"modified":"2019-07-29T23:01:30","modified_gmt":"2019-07-29T20:01:30","slug":"avrupa-adalet-divanindan-belcikaya-nukleer-uyari","status":"publish","type":"post","link":"http:\/\/www.tvturk.com\/index.php\/avrupa-adalet-divanindan-belcikaya-nukleer-uyari\/","title":{"rendered":"Avrupa Adalet Divan\u0131\u2019ndan Bel\u00e7ika\u2019ya n\u00fckleer uyar\u0131"},"content":{"rendered":"<p>Bel\u00e7ika\u2019n\u0131n Doel-1 ve Doel-2 n\u00fckleer santrallerinin etkinlik s\u00fcrelerini uzatma karar\u0131, Avrupa Adalet Divan\u0131 taraf\u0131ndan yasa d\u0131\u015f\u0131 kabul edildi. Uzatma karar\u0131, Bel\u00e7ika Anayasa Mahkemesine b\u0131rak\u0131ld\u0131.<\/p>\n<p>Doel-1 ve Doel-2 n\u00fckleer enerji santrallerinin \u00f6mr\u00fcn\u00fc uzatma karar\u0131 alan Bel\u00e7ika h\u00fck\u00fcmeti, Avrupa Adalet Divan\u0131 ile kar\u015f\u0131 kar\u015f\u0131ya geldi. Bel\u00e7ika\u2019n\u0131n bu karar\u0131 Avrupa Adalet Divan\u0131 taraf\u0131ndan yasa d\u0131\u015f\u0131 kabul edildi. Avrupa Adalet Divan\u0131, Bel\u00e7ika\u2019n\u0131n ald\u0131\u011f\u0131 bu karar i\u00e7in gerekli \u00e7evresel de\u011ferlendirmelerin yap\u0131lmad\u0131\u011f\u0131 uyar\u0131s\u0131na bulundu. A\u00e7\u0131klamada ayr\u0131ca, \u201cElektrik ar\u0131zas\u0131 ya\u015fanmas\u0131 durumunda ciddi ve ger\u00e7ek bir tehdit olabilir. Bunu da g\u00f6z \u00f6n\u00fcne alarak uzatma karar\u0131 \u00fczerinde yeniden d\u00fc\u015f\u00fcn\u00fclmeli\u201d denildi.<\/p>\n<p>Adalet Divan\u0131, s\u00fcrenin uzat\u0131lmas\u0131yla ilgili durdurma karar\u0131n\u0131 Bel\u00e7ika Anayasa Mahkemesine b\u0131rakt\u0131. Avrupa Adalet Divan\u0131, Bel\u00e7ika Anayasa Mahkemesini n\u00fckleer enerji santralleri taraf\u0131ndan elektrik \u00fcretimi s\u00fcresini uzatan s\u00f6zle\u015fmelerin yan\u0131 s\u0131ra bu alanda Avrupa Birli\u011fi y\u00f6nergelerine g\u00f6re karar almas\u0131 gerekti\u011fi uyar\u0131s\u0131n\u0131 yapt\u0131. N\u00fckleer santrallerin end\u00fcstriyel elektrik \u00fcretim s\u00fcresini uzatan yasan\u0131n \u00e7evresel etki de\u011ferlendirmelerine tabi olup olmad\u0131\u011f\u0131n\u0131n belirlenmesi talep edildi.<\/p>\n<p>Adalet Divan\u0131, Doel-1 ve Doel-2 enerji santralleri \u00fczerinde b\u00fcy\u00fck \u00f6l\u00e7ekli \u00e7al\u0131\u015fmalar\u0131n s\u00f6z konusu oldu\u011funu, bu durumun santrallerin fiziksel ger\u00e7ekli\u011fini etkileyebilece\u011fini a\u00e7\u0131klad\u0131. Projenin \u00e7evresel etki riskleri a\u00e7\u0131s\u0131ndan tesislerin ilk i\u015fletmeye al\u0131nmalar\u0131na benzer boyutta olmas\u0131 gerekti\u011fi belirtildi. \u00c7evresel Etki \u00c7al\u0131\u015fmas\u0131 (EIE) Ofisi direktifinde \u00f6ng\u00f6r\u00fclen \u00e7evresel etki de\u011ferlendirmesine ve s\u0131n\u0131r \u00f6tesi de\u011ferlendirmeye tabi tutulmas\u0131 gerekti\u011finin de alt\u0131 \u00e7izildi.<\/p>\n<p>Bel\u00e7ika Enerji Bakan\u0131 Marie Christine Marghem ise, \u201c\u00c7evre yasas\u0131 gereklilikleri ile b\u00f6lgenin g\u00fcvenli\u011fine ili\u015fkin konular aras\u0131ndaki denge sorununa karar vermek Bel\u00e7ika Anayasa Mahkemesine kald\u0131\u201d demekle yetindi. Bakan Marghem, h\u00fck\u00fcmet olarak 2025 ve sonras\u0131 da d\u00e2hil olmak \u00fczere \u00fclkenin g\u00fcvenli\u011fini sa\u011flamak i\u00e7in yasal \u00e7er\u00e7eveyi olu\u015fturduklar\u0131n\u0131 ve uygulad\u0131klar\u0131n\u0131 savundu.<\/p>\n","protected":false},"excerpt":{"rendered":"<p>DOEL \u015eEHR\u0130NDEK\u0130 N\u00dcKLEER SANTRALLER<\/p>\n","protected":false},"author":1,"featured_media":187851,"comment_status":"closed","ping_status":"open","sticky":false,"template":"","format":"standard","meta":{"jetpack_post_was_ever_published":false,"_jetpack_newsletter_access":"","_jetpack_dont_email_post_to_subs":false,"_jetpack_newsletter_tier_id":0,"_jetpack_memberships_contains_paywalled_content":false,"_jetpack_memberships_contains_paid_content":false,"footnotes":"","jetpack_publicize_message":"","jetpack_publicize_feature_enabled":true,"jetpack_social_post_already_shared":true,"jetpack_social_options":{"image_generator_settings":{"template":"highway","default_image_id":0,"font":"","enabled":false},"version":2}},"categories":[10],"tags":[171,392,46765,46764,12874,4084],"class_list":["post-187850","post","type-post","status-publish","format-standard","has-post-thumbnail","hentry","category-dunya","tag-adalet","tag-avrupa","tag-belcikaya","tag-divanindan","tag-nukleer","tag-uyari"],"jetpack_publicize_connections":[],"jetpack_featured_media_url":"https:\/\/i0.wp.com\/www.tvturk.com\/wp-content\/uploads\/2019\/07\/avrupa-adalet-divanindan-belcikaya-nukleer-uyari_37b18c5.jpg?fit=1000%2C666","jetpack_sharing_enabled":true,"jetpack_shortlink":"https:\/\/wp.me\/paKIfm-MRQ","_links":{"self":[{"href":"http:\/\/www.tvturk.com\/index.php\/wp-json\/wp\/v2\/posts\/187850","targetHints":{"allow":["GET"]}}],"collection":[{"href":"http:\/\/www.tvturk.com\/index.php\/wp-json\/wp\/v2\/posts"}],"about":[{"href":"http:\/\/www.tvturk.com\/index.php\/wp-json\/wp\/v2\/types\/post"}],"author":[{"embeddable":true,"href":"http:\/\/www.tvturk.com\/index.php\/wp-json\/wp\/v2\/users\/1"}],"replies":[{"embeddable":true,"href":"http:\/\/www.tvturk.com\/index.php\/wp-json\/wp\/v2\/comments?post=187850"}],"version-history":[{"count":0,"href":"http:\/\/www.tvturk.com\/index.php\/wp-json\/wp\/v2\/posts\/187850\/revisions"}],"wp:featuredmedia":[{"embeddable":true,"href":"http:\/\/www.tvturk.com\/index.php\/wp-json\/wp\/v2\/media\/187851"}],"wp:attachment":[{"href":"http:\/\/www.tvturk.com\/index.php\/wp-json\/wp\/v2\/media?parent=187850"}],"wp:term":[{"taxonomy":"category","embeddable":true,"href":"http:\/\/www.tvturk.com\/index.php\/wp-json\/wp\/v2\/categories?post=187850"},{"taxonomy":"post_tag","embeddable":true,"href":"http:\/\/www.tvturk.com\/index.php\/wp-json\/wp\/v2\/tags?post=187850"}],"curies":[{"name":"wp","href":"https:\/\/api.w.org\/{rel}","templated":true}]}}