{"id":187854,"date":"2019-07-29T23:02:36","date_gmt":"2019-07-29T20:02:36","guid":{"rendered":"http:\/\/www.tvturk.com\/index.php\/obi-mikel-trabzona-geldi\/"},"modified":"2019-07-29T23:02:36","modified_gmt":"2019-07-29T20:02:36","slug":"obi-mikel-trabzona-geldi","status":"publish","type":"post","link":"http:\/\/www.tvturk.com\/index.php\/obi-mikel-trabzona-geldi\/","title":{"rendered":"Obi Mikel, Trabzon\u2019a geldi"},"content":{"rendered":"<p>Trabzonspor\u2019un kadrosuna katt\u0131\u011f\u0131 Obi Mikel, Trabzon\u2019a geldi.<\/p>\n<p>Trabzonspor\u2019un yeni transferi 32 ya\u015f\u0131ndaki Nijeryal\u0131 oyuncu Obi Mikel, ak\u015fam saatlerinde Trabzon\u2019a geldi. Afrika Kupas\u0131 sonras\u0131 izinli olarak bordo-mavili kul\u00fcb\u00fcn Avusturya kamp\u0131na kat\u0131lmayan Obi Mikel, sa\u011fl\u0131k kontrol\u00fcn\u00fcn ard\u0131ndan bordo-mavili tak\u0131m\u0131n \u00e7al\u0131\u015fmalar\u0131na kat\u0131lacak. Bir grup bordo-mavili taraftar taraf\u0131ndan Trabzon Havaliman\u0131\u2019nda kar\u015f\u0131lanan Obi Mikel, daha sonra konaklayaca\u011f\u0131 otele gitti.<\/p>\n","protected":false},"excerpt":{"rendered":"<p>TRABZONSPOR\u2019UN KADROSUNA KATTI\u011eI OB\u0130 M\u0130KEL, TRABZON\u2019A GELD\u0130.<\/p>\n","protected":false},"author":1,"featured_media":187855,"comment_status":"closed","ping_status":"open","sticky":false,"template":"","format":"standard","meta":{"jetpack_post_was_ever_published":false,"_jetpack_newsletter_access":"","_jetpack_dont_email_post_to_subs":false,"_jetpack_newsletter_tier_id":0,"_jetpack_memberships_contains_paywalled_content":false,"_jetpack_memberships_contains_paid_content":false,"footnotes":"","jetpack_publicize_message":"","jetpack_publicize_feature_enabled":true,"jetpack_social_post_already_shared":true,"jetpack_social_options":{"image_generator_settings":{"template":"highway","default_image_id":0,"font":"","enabled":false},"version":2}},"categories":[657],"tags":[127,46766,42993,8270],"class_list":["post-187854","post","type-post","status-publish","format-standard","has-post-thumbnail","hentry","category-spor","tag-geldi","tag-mikel","tag-obi","tag-trabzona"],"jetpack_publicize_connections":[],"jetpack_featured_media_url":"https:\/\/i0.wp.com\/www.tvturk.com\/wp-content\/uploads\/2019\/07\/obi-mikel-trabzona-geldi_93be8c7.jpg?fit=1000%2C750","jetpack_sharing_enabled":true,"jetpack_shortlink":"https:\/\/wp.me\/paKIfm-MRU","_links":{"self":[{"href":"http:\/\/www.tvturk.com\/index.php\/wp-json\/wp\/v2\/posts\/187854","targetHints":{"allow":["GET"]}}],"collection":[{"href":"http:\/\/www.tvturk.com\/index.php\/wp-json\/wp\/v2\/posts"}],"about":[{"href":"http:\/\/www.tvturk.com\/index.php\/wp-json\/wp\/v2\/types\/post"}],"author":[{"embeddable":true,"href":"http:\/\/www.tvturk.com\/index.php\/wp-json\/wp\/v2\/users\/1"}],"replies":[{"embeddable":true,"href":"http:\/\/www.tvturk.com\/index.php\/wp-json\/wp\/v2\/comments?post=187854"}],"version-history":[{"count":0,"href":"http:\/\/www.tvturk.com\/index.php\/wp-json\/wp\/v2\/posts\/187854\/revisions"}],"wp:featuredmedia":[{"embeddable":true,"href":"http:\/\/www.tvturk.com\/index.php\/wp-json\/wp\/v2\/media\/187855"}],"wp:attachment":[{"href":"http:\/\/www.tvturk.com\/index.php\/wp-json\/wp\/v2\/media?parent=187854"}],"wp:term":[{"taxonomy":"category","embeddable":true,"href":"http:\/\/www.tvturk.com\/index.php\/wp-json\/wp\/v2\/categories?post=187854"},{"taxonomy":"post_tag","embeddable":true,"href":"http:\/\/www.tvturk.com\/index.php\/wp-json\/wp\/v2\/tags?post=187854"}],"curies":[{"name":"wp","href":"https:\/\/api.w.org\/{rel}","templated":true}]}}