{"id":187860,"date":"2019-07-30T01:46:00","date_gmt":"2019-07-29T22:46:00","guid":{"rendered":"http:\/\/www.tvturk.com\/index.php\/buyukcekmece-uluslararasi-kultur-ve-sanat-festivalinin-resmi-acilisi-yapildi\/"},"modified":"2019-07-30T01:46:00","modified_gmt":"2019-07-29T22:46:00","slug":"buyukcekmece-uluslararasi-kultur-ve-sanat-festivalinin-resmi-acilisi-yapildi","status":"publish","type":"post","link":"http:\/\/www.tvturk.com\/index.php\/buyukcekmece-uluslararasi-kultur-ve-sanat-festivalinin-resmi-acilisi-yapildi\/","title":{"rendered":"B\u00fcy\u00fck\u00e7ekmece Uluslararas\u0131 K\u00fclt\u00fcr ve Sanat Festivali\u2019nin resmi a\u00e7\u0131l\u0131\u015f\u0131 yap\u0131ld\u0131"},"content":{"rendered":"<p>Bu y\u0131l 20\u2019incisi d\u00fczenlenen B\u00fcy\u00fck\u00e7ekmece Uluslararas\u0131 K\u00fclt\u00fcr ve Sanat Festivali\u2019nin resmi a\u00e7\u0131l\u0131\u015f\u0131nda t\u00fcm d\u00fcnyaya sevgi ve bar\u0131\u015f mesajlar\u0131 verildi. Festivale kat\u0131lan \u0130stanbul B\u00fcy\u00fck\u015fehir<\/p>\n<p>Belediye Ba\u015fkan\u0131 Ekrem \u0130mamo\u011flu, \u201c Bu y\u0131l itibariyle bu g\u00fczel festival hem B\u00fcy\u00fck\u00e7ekmece\u2019nin hem de \u0130stanbul\u2019un festivali olmu\u015ftur \u201c dedi.<\/p>\n<p>Bu y\u0131l 20\u2019incisi d\u00fczenlenen B\u00fcy\u00fck\u00e7ekmece Uluslararas\u0131 K\u00fclt\u00fcr ve Sanat Festivali\u2019nin resmi a\u00e7\u0131l\u0131\u015f\u0131 K\u00fclt\u00fcr Park\u2019ta ger\u00e7ekle\u015ftirildi. B\u00fcy\u00fck\u00e7ekmece Belediyesi taraf\u0131ndan organize edilen festivalde 71 \u00fclkeden bin 400 sanat\u00e7\u0131 t\u00fcm d\u00fcnyaya sevgi ve bar\u0131\u015f mesajlar\u0131 g\u00f6nderdi. \u2018Sevgi birbirimize bar\u0131\u015f hepimize\u2019 slogan\u0131 ile d\u00fczenlenen festivalde vatanda\u015flar ellerinde \u00fclkelerinin bayraklar\u0131yla birlikte Mimar Sinan K\u00f6pr\u00fcs\u00fc\u2019nden ge\u00e7ti. Olduk\u00e7a renkli g\u00f6r\u00fcnt\u00fclerin olu\u015ftu\u011fu festivalde B\u00fcy\u00fck\u00e7ekmece Belediye Ba\u015fkan\u0131 Dr. Hasan Akg\u00fcn t\u00fcm d\u00fcnyadan gelen misafirlerle tek tek ilgilendi.<\/p>\n<p>K\u00f6pr\u00fc y\u00fcr\u00fcy\u00fc\u015f\u00fcn\u00fcn ard\u0131ndan ger\u00e7ekle\u015ftirilen g\u00f6l show ve havai fi\u015fek g\u00f6sterileri ile festivale kat\u0131lanlara g\u00f6rsel \u015f\u00f6len ya\u015fat\u0131ld\u0131. Havai fi\u015fek g\u00f6sterisinin bitmesi ile beraber festivalin resmi a\u00e7\u0131l\u0131\u015f\u0131n\u0131 ger\u00e7ekle\u015ftirmek \u00fczere Kemal Sunal Amfi Tiyatro\u2019ya ge\u00e7ildi. Resmi a\u00e7\u0131l\u0131\u015fa \u0130stanbul B\u00fcy\u00fck\u015fehir Belediye Ba\u015fkan\u0131 Ekrem \u0130mamo\u011flu, CHP Grup Ba\u015fkan Vekili Engin Altay, Antalya B\u00fcy\u00fck\u015fehir Belediye Ba\u015fkan\u0131 Muhittin B\u00f6cek, Adana B\u00fcy\u00fck\u015fehir Belediye Ba\u015fkan\u0131 Zeydan Karalar, Edirne Belediye Ba\u015fkan\u0131 Recep G\u00fcrkan ve \u00e7ok say\u0131da B\u00fcy\u00fck\u00e7ekmeceli vatanda\u015f kat\u0131ld\u0131. Sahne g\u00f6sterileri ba\u015flayan a\u00e7\u0131l\u0131\u015f t\u00f6reninde 30 \u00fclkeden dans\u00e7\u0131lar y\u00f6resel m\u00fczikleri ile halk danslar\u0131 g\u00f6sterisi sundu. Festivalin sonunda B\u00fcy\u00fck\u00e7ekmece Belediye Ba\u015fkan\u0131 Hasan Akg\u00fcn, \u0130BB Ba\u015fkan\u0131 Ekrem \u0130mamo\u011flu\u2019na hediye takdim ederken, t\u00fcm protokol birlikte geleneksel festival ate\u015fini yakt\u0131.<\/p>\n<p>\u2018Bu y\u0131l itibariyle bu g\u00fczel festival hem B\u00fcy\u00fck\u00e7ekmece\u2019nin hem de \u0130stanbul\u2019un festivali olmu\u015ftur\u2019<\/p>\n<p>B\u00fcy\u00fck\u00e7ekmece Belediye Ba\u015fkan\u0131 Hasan Akg\u00fcn\u2019\u00fcn T\u00fcrkiye\u2019nin en de\u011ferli festivalini yapt\u0131\u011f\u0131n\u0131 dile getiren \u0130stanbul B\u00fcy\u00fck\u015fehir Belediye Ba\u015fkan\u0131 Ekrem \u0130mamo\u011flu, \u201c B\u00fcy\u00fck\u00e7ekmece Belediye Ba\u015fkan\u0131m\u0131z Hasan Akg\u00fcn, bence T\u00fcrkiye\u2019nin en de\u011ferli festivallerinden birini yap\u0131yor. Ba\u015fkas\u0131na bir yanl\u0131\u015f yapmayay\u0131m diye s\u00f6yl\u00fcyorum; belki de birincisi yap\u0131yor. Onun i\u00e7in ger\u00e7ekten minnettar\u0131z. K\u00fclt\u00fcr, sanat, m\u00fczik hayat\u0131n \u00e7ok de\u011ferli damarlar\u0131. Sanata ve k\u00fclt\u00fcre \u00f6nem vermek b\u00f6yle kol kola bir manzara ya\u015fat\u0131yor topluma. Art\u0131k bu y\u0131l itibariyle bu g\u00fczel festival hem B\u00fcy\u00fck\u00e7ekmece\u2019nin hem de \u0130stanbul\u2019un festivali olmu\u015ftur \u201c ifadelerini kulland\u0131.<\/p>\n<p>\u2018Bir hafta boyunca B\u00fcy\u00fck\u00e7ekmece k\u00fclt\u00fcr\u00fcn, sanat\u0131n, dostlu\u011fun, karde\u015fli\u011fin bulu\u015ftu\u011fu ve kucakla\u015ft\u0131\u011f\u0131 bir merkez olacak<\/p>\n<p>\u2019<\/p>\n<p>T\u00fcm \u0130stanbullular\u0131 k\u00fclt\u00fcr\u00fcn ve sanat\u0131n bulu\u015ftu\u011fu 20\u2019inci Uluslararas\u0131 K\u00fclt\u00fcr ve Sanat Festivali\u2019ne davet eden B\u00fcy\u00fck\u00e7ekmece Belediye Ba\u015fkan\u0131 Dr. Hasan Akg\u00fcn, \u201c D\u00fcnya gen\u00e7li\u011fi, bar\u0131\u015f\u0131, karde\u015fli\u011fi B\u00fcy\u00fck\u00e7ekmece Mimar Sinan K\u00f6pr\u00fcs\u00fc \u00fczerinde bulu\u015ftu. 71 \u00fclkeden gelen bin 600 sanat el\u00e7isi ellerini tuttular. Hi\u00e7biri birbirini tan\u0131m\u0131yor. \u2018Sevgi birbirimize bar\u0131\u015f hepimize\u2019 dediler. Bir hafta boyunca B\u00fcy\u00fck\u00e7ekmece k\u00fclt\u00fcr\u00fcn, sanat\u0131n, dostlu\u011fun, karde\u015fli\u011fin bulu\u015ftu\u011fu ve kucakla\u015ft\u0131\u011f\u0131 bir merkez olacak \u0130stanbul\u2019da. Hem b\u00fcy\u00fck B\u00fcy\u00fck\u00e7ekmece aileme hem de \u0130stanbul ailemize B\u00fcy\u00fck\u00e7ekmece Mimar Sinan K\u00f6pr\u00fcs\u00fc \u00fczerinde bu zenginli\u011fi, k\u00fclt\u00fcr\u00fc, sanat\u0131 izlemeye davet ediyorum. Sergiler sabahtan ak\u015fama kadar a\u00e7\u0131k. Festival bittikten sonra halk konserleri ba\u015fl\u0131yor. Her \u015fey bedava. Herkesi k\u00fclt\u00fcr\u00fcn ve sanat\u0131n kalbinin att\u0131\u011f\u0131 B\u00fcy\u00fck\u00e7ekmece Mimar Sinan K\u00f6pr\u00fcs\u00fc\u2019n\u00fcn \u00fczerine bekliyorum \u201c diye konu\u015ftu.<\/p>\n","protected":false},"excerpt":{"rendered":"<p>BU YIL 20\u2019\u0130NC\u0130S\u0130 D\u00dcZENLENEN B\u00dcY\u00dcK\u00c7EKMECE ULUSLARARASI K\u00dcLT\u00dcR VE SANAT FEST\u0130VAL\u0130\u2019N\u0130N RESM\u0130 A\u00c7ILI\u015eINDA T\u00dcM D\u00dcNYAYA SEVG\u0130 VE BARI\u015e MESAJLARI VER\u0130LD\u0130. FEST\u0130VALE KATILAN \u0130STANBUL B\u00dcY\u00dcK\u015eEH\u0130R BELED\u0130YE BA\u015eKANI EKREM \u0130MAMO\u011eLU, \u201c BU YIL \u0130T\u0130BAR\u0130YLE BU G\u00dcZEL FEST\u0130VAL HEM B\u00dcY\u00dcK\u00c7EKMECE\u2019N\u0130N HEM DE \u0130STANBUL\u2019UN FEST\u0130VAL\u0130 OLMU\u015eTUR \u201c DED\u0130.<\/p>\n","protected":false},"author":1,"featured_media":187861,"comment_status":"closed","ping_status":"open","sticky":false,"template":"","format":"standard","meta":{"jetpack_post_was_ever_published":false,"_jetpack_newsletter_access":"","_jetpack_dont_email_post_to_subs":false,"_jetpack_newsletter_tier_id":0,"_jetpack_memberships_contains_paywalled_content":false,"_jetpack_memberships_contains_paid_content":false,"footnotes":"","jetpack_publicize_message":"","jetpack_publicize_feature_enabled":true,"jetpack_social_post_already_shared":true,"jetpack_social_options":{"image_generator_settings":{"template":"highway","default_image_id":0,"font":"","enabled":false},"version":2}},"categories":[1],"tags":[4839,674,11138,1951,630,3690,4854,117],"class_list":["post-187860","post","type-post","status-publish","format-standard","has-post-thumbnail","hentry","category-genel","tag-uluslararasi","tag-acilisi","tag-buyukcekmece","tag-festivalinin","tag-kultur","tag-resmi","tag-sanat","tag-yapildi"],"jetpack_publicize_connections":[],"jetpack_featured_media_url":"https:\/\/i0.wp.com\/www.tvturk.com\/wp-content\/uploads\/2019\/07\/buyukcekmece-uluslararasi-kultur-ve-sanat-festivalinin-resmi-acilisi-yapildi_dc048e8.jpg?fit=1000%2C666","jetpack_sharing_enabled":true,"jetpack_shortlink":"https:\/\/wp.me\/paKIfm-MS0","_links":{"self":[{"href":"http:\/\/www.tvturk.com\/index.php\/wp-json\/wp\/v2\/posts\/187860","targetHints":{"allow":["GET"]}}],"collection":[{"href":"http:\/\/www.tvturk.com\/index.php\/wp-json\/wp\/v2\/posts"}],"about":[{"href":"http:\/\/www.tvturk.com\/index.php\/wp-json\/wp\/v2\/types\/post"}],"author":[{"embeddable":true,"href":"http:\/\/www.tvturk.com\/index.php\/wp-json\/wp\/v2\/users\/1"}],"replies":[{"embeddable":true,"href":"http:\/\/www.tvturk.com\/index.php\/wp-json\/wp\/v2\/comments?post=187860"}],"version-history":[{"count":0,"href":"http:\/\/www.tvturk.com\/index.php\/wp-json\/wp\/v2\/posts\/187860\/revisions"}],"wp:featuredmedia":[{"embeddable":true,"href":"http:\/\/www.tvturk.com\/index.php\/wp-json\/wp\/v2\/media\/187861"}],"wp:attachment":[{"href":"http:\/\/www.tvturk.com\/index.php\/wp-json\/wp\/v2\/media?parent=187860"}],"wp:term":[{"taxonomy":"category","embeddable":true,"href":"http:\/\/www.tvturk.com\/index.php\/wp-json\/wp\/v2\/categories?post=187860"},{"taxonomy":"post_tag","embeddable":true,"href":"http:\/\/www.tvturk.com\/index.php\/wp-json\/wp\/v2\/tags?post=187860"}],"curies":[{"name":"wp","href":"https:\/\/api.w.org\/{rel}","templated":true}]}}