{"id":187874,"date":"2019-07-30T09:01:50","date_gmt":"2019-07-30T06:01:50","guid":{"rendered":"http:\/\/www.tvturk.com\/index.php\/adiyamanda-bin-800-yillik-tripleks-magaralara-ilk-kez-girildi\/"},"modified":"2019-07-30T09:01:50","modified_gmt":"2019-07-30T06:01:50","slug":"adiyamanda-bin-800-yillik-tripleks-magaralara-ilk-kez-girildi","status":"publish","type":"post","link":"http:\/\/www.tvturk.com\/index.php\/adiyamanda-bin-800-yillik-tripleks-magaralara-ilk-kez-girildi\/","title":{"rendered":"Ad\u0131yaman\u2019da bin 800 y\u0131ll\u0131k tripleks ma\u011faralara ilk kez girildi"},"content":{"rendered":"<p>Ad\u0131yaman\u2019da sarp kayal\u0131klara oyulmu\u015f bin 800 y\u0131ll\u0131k tripleks (3 katl\u0131) ma\u011faralar\u0131n i\u00e7ine da\u011fc\u0131l\u0131k teknikleri kullan\u0131larak ilk kez girildi.<\/p>\n<p>Ad\u0131yaman\u2019\u0131n Kahta il\u00e7esi Te\u011fmenli (Kerg\u00fcrog) k\u00f6y\u00fc s\u0131n\u0131rlar\u0131 i\u00e7erinde bulunan ma\u011faralar\u0131n gizemi \u00e7\u00f6z\u00fcl\u00fcyor. Daha \u00f6nce i\u00e7erisine girilemeyen ma\u011faralara yetkililer ilk kez girdi. \u0130l Afet ve Acil Durum M\u00fcd\u00fcrl\u00fc\u011f\u00fc g\u00f6revlilerinden lojistik ve teknik destek alan ekipler halat yard\u0131m\u0131 ile ma\u011faralara girebildi. G\u00f6revliler ile birlikte ma\u011faralar\u0131 haber yapmak isteyen gazeteciler ise 90 derece e\u011fimli sarp kayalara t\u0131rmanamad\u0131\u011f\u0131 i\u00e7in ma\u011faralara giremedi.<\/p>\n<p>Ma\u011faralara giren ekip i\u00e7eride inceleme yaparak, yap\u0131n\u0131n hangi d\u00f6neme ait oldu\u011funu tespit etti. En az 100 metre uzunlu\u011fundaki sarp kayalara oyulmu\u015f ma\u011faralar\u0131n birbirine ba\u011fl\u0131 oldu\u011fu ortaya \u00e7\u0131kt\u0131. Yerden yakla\u015f\u0131k 40 metre y\u00fckseklikte ba\u015flayan ma\u011faralar\u0131n zeminin kat\u0131n\u0131n di\u011fer katlardan ba\u011f\u0131ms\u0131z oldu\u011fu, zemin kat \u00fczerindeki 3 katl\u0131 ma\u011faralar\u0131n i\u00e7ten merdiven ile birbirine ba\u011fl\u0131 oldu\u011fu g\u00f6r\u00fcld\u00fc. Bin 800 y\u0131l \u00f6nce zemin kat hari\u00e7 3 katl\u0131 yap\u0131lan ma\u011faralar yap\u0131s\u0131yla g\u00f6z kama\u015ft\u0131rd\u0131. Kaya yerle\u015fim yerinde 2 farkl\u0131 yerde 2 farkl\u0131 yaz\u0131t\u0131n oldu\u011fu g\u00f6zlendi. Geni\u015f odalar ve farkl\u0131 yaz\u0131tlar\u0131n bulundu\u011fu ma\u011faralar\u0131n kraliyet k\u00fclt\u00fc (tap\u0131nma alan\u0131) olabilece\u011fi tahmin ediliyor.<\/p>\n<p>Ad\u0131yaman M\u00fcze M\u00fcd\u00fcr Vekili Mehmet Alkan gazetecilere yapt\u0131\u011f\u0131 a\u00e7\u0131klamada, \u201cYakla\u015f\u0131k 100 metre y\u00fcksekli\u011fe sahip ma\u011faralar\u0131n 3 katl\u0131 ve i\u00e7ten merdivenle birbirine ba\u011fl\u0131 olduklar\u0131 g\u00f6r\u00fcld\u00fc. Bu kaya yerle\u015fiminde 2 farkl\u0131 yerde 2 yaz\u0131t tespit edildi. Bu yaz\u0131tlardan birincisi \u2018Bakhios\u2019un ma\u011faralar\u0131\u2019 \u015feklinde terc\u00fcme edilmektedir. Bakhios burada tanr\u0131 Dionysos olabilece\u011fi gibi, Bakhios ad\u0131nda bir ki\u015fi ismi olma ihtimalide var. \u0130kinci yaz\u0131tta ise \u2018B\u00fcy\u00fck Kral Mithradates\u2019in o\u011flu ve torunu\u2019 \u015feklinde ge\u00e7mektedir. Buda Kommagene Kral\u0131ndan Kral Mithradates\u2019in k\u00fclt alan\u0131 olarak d\u00fc\u015f\u00fcn\u00fclmektedir\u201d dedi.<\/p>\n<p>Ma\u011faraya t\u0131rmanmay\u0131 ba\u015faran M\u00fcze M\u00fcd\u00fcrl\u00fc\u011f\u00fc Uzman\u0131 Mustafa \u00c7elik ise \u201cKahta il\u00e7e s\u0131n\u0131rlar\u0131 i\u00e7erisinde bulunan bir alanday\u0131z. Yakla\u015f\u0131k 100 metrelik, 90 derecelik e\u011fime sahip sarp bir kayal\u0131k var. Biz burada AFAD\u2019dan gerekli lojistik ve e\u011fitim deste\u011fi alarak yukar\u0131 \u00e7\u0131kabildik. Da\u011fc\u0131l\u0131k tekniklerini kulland\u0131k. Yukar\u0131 \u00e7\u0131kt\u0131\u011f\u0131m\u0131zda ilk kat, \u00fcsttekilerden ba\u011f\u0131ms\u0131z kaya yerle\u015fim alan\u0131 g\u00f6rd\u00fck. Ancak daha sonra yukar\u0131 \u00e7\u0131kt\u0131\u011f\u0131m\u0131zda birbirine merdivenlerle ba\u011flant\u0131l\u0131 yukar\u0131ya do\u011fru t\u0131rmanan bir nevi tripleks diyebilece\u011fimiz kaya yerle\u015fim alan\u0131 g\u00f6rd\u00fck. Var olan yaz\u0131tlardan buran\u0131n bir k\u00fclt alan\u0131 olabilece\u011fini d\u00fc\u015f\u00fcnmekteyiz. \u0130\u00e7eride yer yer sunu \u00e7ukurlar\u0131, harici su depolayabilecekleri alanlar mevcut. Tarih olarak M.S. 2. Y\u00fczy\u0131la tarihleyebiliriz\u201d ifadelerini kulland\u0131.<\/p>\n","protected":false},"excerpt":{"rendered":"<p>ADIYAMAN\u2019DA SARP KAYALIKLARA OYULMU\u015e B\u0130N 800 YILLIK TR\u0130PLEKS MA\u011eARALARIN \u0130\u00c7\u0130NE DA\u011eCILIK TEKN\u0130KLER\u0130 KULLANILARAK \u0130LK KEZ G\u0130R\u0130LD\u0130.<\/p>\n","protected":false},"author":1,"featured_media":187875,"comment_status":"closed","ping_status":"open","sticky":false,"template":"","format":"standard","meta":{"jetpack_post_was_ever_published":false,"_jetpack_newsletter_access":"","_jetpack_dont_email_post_to_subs":false,"_jetpack_newsletter_tier_id":0,"_jetpack_memberships_contains_paywalled_content":false,"_jetpack_memberships_contains_paid_content":false,"footnotes":"","jetpack_publicize_message":"","jetpack_publicize_feature_enabled":true,"jetpack_social_post_already_shared":true,"jetpack_social_options":{"image_generator_settings":{"template":"highway","default_image_id":0,"font":"","enabled":false},"version":2}},"categories":[656],"tags":[4519,2335,213,26343,37,1497,46772,46771,710],"class_list":["post-187874","post","type-post","status-publish","format-standard","has-post-thumbnail","hentry","category-kultur-sanat","tag-4519","tag-adiyamanda","tag-bin","tag-girildi","tag-ilk","tag-kez","tag-magaralara","tag-tripleks","tag-yillik"],"jetpack_publicize_connections":[],"jetpack_featured_media_url":"https:\/\/i0.wp.com\/www.tvturk.com\/wp-content\/uploads\/2019\/07\/adiyamanda-bin-800-yillik-tripleks-magaralara-ilk-kez-girildi_b463472.jpg?fit=1000%2C750","jetpack_sharing_enabled":true,"jetpack_shortlink":"https:\/\/wp.me\/paKIfm-MSe","_links":{"self":[{"href":"http:\/\/www.tvturk.com\/index.php\/wp-json\/wp\/v2\/posts\/187874","targetHints":{"allow":["GET"]}}],"collection":[{"href":"http:\/\/www.tvturk.com\/index.php\/wp-json\/wp\/v2\/posts"}],"about":[{"href":"http:\/\/www.tvturk.com\/index.php\/wp-json\/wp\/v2\/types\/post"}],"author":[{"embeddable":true,"href":"http:\/\/www.tvturk.com\/index.php\/wp-json\/wp\/v2\/users\/1"}],"replies":[{"embeddable":true,"href":"http:\/\/www.tvturk.com\/index.php\/wp-json\/wp\/v2\/comments?post=187874"}],"version-history":[{"count":0,"href":"http:\/\/www.tvturk.com\/index.php\/wp-json\/wp\/v2\/posts\/187874\/revisions"}],"wp:featuredmedia":[{"embeddable":true,"href":"http:\/\/www.tvturk.com\/index.php\/wp-json\/wp\/v2\/media\/187875"}],"wp:attachment":[{"href":"http:\/\/www.tvturk.com\/index.php\/wp-json\/wp\/v2\/media?parent=187874"}],"wp:term":[{"taxonomy":"category","embeddable":true,"href":"http:\/\/www.tvturk.com\/index.php\/wp-json\/wp\/v2\/categories?post=187874"},{"taxonomy":"post_tag","embeddable":true,"href":"http:\/\/www.tvturk.com\/index.php\/wp-json\/wp\/v2\/tags?post=187874"}],"curies":[{"name":"wp","href":"https:\/\/api.w.org\/{rel}","templated":true}]}}