{"id":187900,"date":"2019-07-30T10:02:04","date_gmt":"2019-07-30T07:02:04","guid":{"rendered":"http:\/\/www.tvturk.com\/index.php\/yurek-burkan-kurban-bagisi-hikayesi\/"},"modified":"2019-07-30T10:02:04","modified_gmt":"2019-07-30T07:02:04","slug":"yurek-burkan-kurban-bagisi-hikayesi","status":"publish","type":"post","link":"http:\/\/www.tvturk.com\/index.php\/yurek-burkan-kurban-bagisi-hikayesi\/","title":{"rendered":"Y\u00fcrek burkan kurban ba\u011f\u0131\u015f\u0131 hikayesi"},"content":{"rendered":"<p>Vuslat Derne\u011fi, kurban ba\u011f\u0131\u015flar\u0131n\u0131 ula\u015ft\u0131rd\u0131\u011f\u0131 ki\u015filerden \u00f6rnek bir hikaye payla\u015ft\u0131.<\/p>\n<p>2019 y\u0131l\u0131 kurban ba\u011f\u0131\u015f\u0131 organizasyonu d\u00fczenleyen Vuslat Derne\u011fi, y\u00fcrek burkan bir hikaye payla\u015ft\u0131.Kurban ba\u011f\u0131\u015flar\u0131n\u0131n ger\u00e7ek ihtiya\u00e7 sahipleri ile bulu\u015ftu\u011funun belirtildi\u011fi yaz\u0131l\u0131 a\u00e7\u0131klamada, s\u00f6z konusu hikaye \u015fu \u015fekilde aktar\u0131ld\u0131:<\/p>\n<p>\u201cBug\u00fcn sizlere \u00fclkemizden ve huzurla oturdu\u011fumuz evlerimizden kilometrelerce uzakta ya\u015fanan bir dramdan bahsetmek istiyoruz; Ay\u015fe Han\u0131m\u2019\u0131n hikayesinden. Ay\u015fe Kenya\u2019n\u0131n i\u00e7 kesimlerinde ya\u015fayan, e\u015fini y\u0131llar \u00f6nce kaybetmi\u015f bir karde\u015fimiz. Zaten zorlu olan hayat ko\u015fullar\u0131 e\u015finin \u00f6l\u00fcm\u00fc ile iyice i\u015fin i\u00e7inden \u00e7\u0131k\u0131lmaz bir hal alm\u0131\u015f. Bakmas\u0131 gereken bir ailesi olan Ay\u015fe karde\u015fimizin ne yaz\u0131k ki bir mesle\u011fi yok. Ailesi ile birlikte derme \u00e7atma bir barakada hayatlar\u0131n\u0131 s\u00fcrd\u00fcrmeye \u00e7al\u0131\u015f\u0131yorlar. Ay\u015fe karde\u015fimiz her g\u00fcn \u00e7evredeki in\u015faat alanlar\u0131n\u0131 geziyor ve in\u015faatlardan arta kalan ta\u015flar\u0131 topluyor. Toplad\u0131\u011f\u0131 ta\u015flar\u0131 kilometrelerce ta\u015f\u0131y\u0131p barakas\u0131na getiriyor. Burada onlar\u0131 k\u00fc\u00e7\u00fck par\u00e7alar halinde b\u00f6l\u00fcp, \u00e7ak\u0131l ta\u015f\u0131 haline getiriyor. Onlar\u0131 sat\u0131p ailesinin ge\u00e7imini sa\u011flamaya ve hayata tutunmaya \u00e7al\u0131\u015f\u0131yor.<\/p>\n<p>Ay\u015fe karde\u015fimizin ya\u015fam hikayesi Afrika \u00fclkelerinde ya\u015fanan milyonlarca \u00f6rnekten sadece bir tanesi. Bu co\u011frafyalar a\u00e7l\u0131k, susuzluk, yoksulluk, k\u00f6t\u00fc ya\u015fam ko\u015fullar\u0131n\u0131n sonucu olan salg\u0131n hastal\u0131klar gibi bir\u00e7ok \u00f6l\u00fcmc\u00fcl fakt\u00f6r ile s\u0131nan\u0131yor. D\u00fcnyan\u0131n s\u0131rt \u00e7evirdi\u011fi, g\u00f6rmezden geldi\u011fi bu yerlerde \u00f6l\u00fcm korkusu ile uyan\u0131lmayan tek bir g\u00fcn dahi yok. Bunca ac\u0131ya ra\u011fmen; Ay\u015fe karde\u015fimiz gibi umudu ile ta\u015flar\u0131 k\u0131ran bir\u00e7ok insan, uzanacak bir yard\u0131m eli bekliyor.\u201d<\/p>\n<p>\u201cBu yaralar\u0131 bir nebze olsun sarmak istiyoruz\u201d<\/p>\n<p>A\u00e7\u0131klamada dernek olarak bu y\u0131l 3 k\u0131ta 20 \u00fclkede ger\u00e7ekle\u015ftirilecek kurban organizasyonlar\u0131 ile ihtiya\u00e7 sahiplerine dokunmak istediklerini belirterek, \u201cBu yaralar\u0131 bir nebze olsun sarmak istiyoruz. Sene i\u00e7erisinde ya\u015fad\u0131klar\u0131 zorlu hayatlar\u0131n\u0131 unutturup, kurban\u0131n rahmet ve bereketini onlarla b\u00f6l\u00fc\u015fmek niyetindeyiz. Hay\u0131rlar\u0131 ger\u00e7ek ihtiya\u00e7 sahipleri ile bulu\u015fturma gayemizle \u00e7\u0131kt\u0131\u011f\u0131m\u0131z bu yolda, umuda vesile olacak onlarla atan kalpler oldu\u011funu buradaki karde\u015flerimize hat\u0131rlataca\u011f\u0131z. Sizlerde bir hisse bedeli olan 600 lira ile bu karde\u015flerimizin yan\u0131nda olabilirsiniz\u201d ifadelerine yer verildi.<\/p>\n","protected":false},"excerpt":{"rendered":"<p>VUSLAT DERNE\u011e\u0130, KURBAN BA\u011eI\u015eLARINI ULA\u015eTIRDI\u011eI K\u0130\u015e\u0130LERDEN \u00d6RNEK B\u0130R H\u0130KAYE PAYLA\u015eTI.<\/p>\n","protected":false},"author":1,"featured_media":187901,"comment_status":"closed","ping_status":"open","sticky":false,"template":"","format":"standard","meta":{"jetpack_post_was_ever_published":false,"_jetpack_newsletter_access":"","_jetpack_dont_email_post_to_subs":false,"_jetpack_newsletter_tier_id":0,"_jetpack_memberships_contains_paywalled_content":false,"_jetpack_memberships_contains_paid_content":false,"footnotes":"","jetpack_publicize_message":"","jetpack_publicize_feature_enabled":true,"jetpack_social_post_already_shared":true,"jetpack_social_options":{"image_generator_settings":{"template":"highway","default_image_id":0,"font":"","enabled":false},"version":2}},"categories":[1],"tags":[748,6472,1634,20956,367],"class_list":["post-187900","post","type-post","status-publish","format-standard","has-post-thumbnail","hentry","category-genel","tag-bagisi","tag-burkan","tag-hikayesi","tag-kurban","tag-yurek"],"jetpack_publicize_connections":[],"jetpack_featured_media_url":"https:\/\/i0.wp.com\/www.tvturk.com\/wp-content\/uploads\/2019\/07\/yurek-burkan-kurban-bagisi-hikayesi_b169b70.jpg?fit=1000%2C750","jetpack_sharing_enabled":true,"jetpack_shortlink":"https:\/\/wp.me\/paKIfm-MSE","_links":{"self":[{"href":"http:\/\/www.tvturk.com\/index.php\/wp-json\/wp\/v2\/posts\/187900","targetHints":{"allow":["GET"]}}],"collection":[{"href":"http:\/\/www.tvturk.com\/index.php\/wp-json\/wp\/v2\/posts"}],"about":[{"href":"http:\/\/www.tvturk.com\/index.php\/wp-json\/wp\/v2\/types\/post"}],"author":[{"embeddable":true,"href":"http:\/\/www.tvturk.com\/index.php\/wp-json\/wp\/v2\/users\/1"}],"replies":[{"embeddable":true,"href":"http:\/\/www.tvturk.com\/index.php\/wp-json\/wp\/v2\/comments?post=187900"}],"version-history":[{"count":0,"href":"http:\/\/www.tvturk.com\/index.php\/wp-json\/wp\/v2\/posts\/187900\/revisions"}],"wp:featuredmedia":[{"embeddable":true,"href":"http:\/\/www.tvturk.com\/index.php\/wp-json\/wp\/v2\/media\/187901"}],"wp:attachment":[{"href":"http:\/\/www.tvturk.com\/index.php\/wp-json\/wp\/v2\/media?parent=187900"}],"wp:term":[{"taxonomy":"category","embeddable":true,"href":"http:\/\/www.tvturk.com\/index.php\/wp-json\/wp\/v2\/categories?post=187900"},{"taxonomy":"post_tag","embeddable":true,"href":"http:\/\/www.tvturk.com\/index.php\/wp-json\/wp\/v2\/tags?post=187900"}],"curies":[{"name":"wp","href":"https:\/\/api.w.org\/{rel}","templated":true}]}}