{"id":187916,"date":"2019-07-30T10:16:57","date_gmt":"2019-07-30T07:16:57","guid":{"rendered":"http:\/\/www.tvturk.com\/index.php\/ormanlar-kadinlarin-ellerinden-yeseriyor\/"},"modified":"2019-07-30T10:16:57","modified_gmt":"2019-07-30T07:16:57","slug":"ormanlar-kadinlarin-ellerinden-yeseriyor","status":"publish","type":"post","link":"http:\/\/www.tvturk.com\/index.php\/ormanlar-kadinlarin-ellerinden-yeseriyor\/","title":{"rendered":"Ormanlar, kad\u0131nlar\u0131n ellerinden ye\u015feriyor"},"content":{"rendered":"<p>Elaz\u0131\u011f Orman B\u00f6lge M\u00fcd\u00fcrl\u00fc\u011f\u00fc b\u00fcnyesindeki fidanl\u0131klarda \u00e7al\u0131\u015fan kad\u0131nlar, y\u0131lda \u00fcrettikleri 15 milyondan fazla fidanla 8 ilde olu\u015fturulan ormanlara \u00f6nemli bir katk\u0131 sunuyor.<\/p>\n<p>Elaz\u0131\u011f\u2019da bulunan Orman B\u00f6lge M\u00fcd\u00fcrl\u00fc\u011f\u00fc b\u00fcnyesindeki 7 adet  fidanl\u0131kta \u00e7al\u0131\u015fan yakla\u015f\u0131k 150 kad\u0131n, binlerce hektarl\u0131k alanda yeni ormanlar\u0131n olu\u015fturulmas\u0131, korunmas\u0131 ve geli\u015ftirilmesi i\u00e7in \u00e7al\u0131\u015f\u0131yor. T\u00fcm a\u015famalar\u0131 kad\u0131nlar\u0131n ellerinden ge\u00e7en fidanlara \u00f6zenle bak\u0131l\u0131yor. Kad\u0131nlar taraf\u0131ndan yeti\u015ftirilen fidanlar, Elaz\u0131\u011f ba\u015fta olmak \u00fczere Malatya, Bing\u00f6l, Bitlis, Tunceli, Mu\u015f, Van ve Hakkari\u2019de yakla\u015f\u0131k 200 bin dekar alana dikiliyor. Kad\u0131nlar,  y\u0131lda \u00fcrettikleri 15 milyondan fazla fidanla 8 ilin ormanl\u0131k alan\u0131n artmas\u0131na \u00f6nemli bir katk\u0131 sunuyor.<\/p>\n<p>Elaz\u0131\u011f\u2019da 3 tane fidanl\u0131k oldu\u011funu belirten Orman B\u00f6lge M\u00fcd\u00fcr\u00fc Ziya Polat, \u201cMerkez, Gezin ve Alt\u0131nova fidanl\u0131\u011f\u0131 var. Merkez fidanl\u0131\u011f\u0131m\u0131z\u0131n b\u00fcy\u00fck bir k\u0131sm\u0131n\u0131 K\u00fclt\u00fcrpark\u2019a devretti\u011fimiz i\u00e7in geri kalan k\u0131s\u0131mda \u00fcretim yap\u0131yoruz. Elaz\u0131\u011f, Malatya, Bing\u00f6l ve Tunceli olmak \u00fczere toplam 7 fidanl\u0131\u011f\u0131m\u0131z var. Buralarda y\u0131lda 20 milyona yak\u0131nda fidan \u00fcretiyoruz. En b\u00fcy\u00fck \u00fcretim program\u0131m\u0131z Elaz\u0131\u011f\u2019da. Elaz\u0131\u011f\u2019da,  Gezin ve Alt\u0131nova\u2019da y\u0131ll\u0131k 10 milyona yak\u0131n fidan \u00fcretiyoruz. Bu fidanlar\u0131n T\u00fcrkiye\u2019de bu sene yap\u0131lan enler yar\u0131\u015fmas\u0131nda en fazla kapl\u0131 fidan \u00fcreten il olarak \u00f6d\u00fcl ald\u0131k. Fidanl\u0131k bir dinamik s\u00fcre\u00e7. Tohum ekiminden toprakla bulu\u015fana kadar olan s\u00fcre\u00e7. Bu toprakla bulu\u015fma an\u0131na kadar bak\u0131m\u0131, budanmas\u0131, sulanmas\u0131, topra\u011f\u0131n\u0131n de\u011fi\u015ftirilmesi  bir \u00e7ocuk gibi bak\u0131lmas\u0131 gereken dinamik bir s\u00fcre\u00e7. \u015euanda arkada\u015flar\u0131m\u0131z otlar\u0131n\u0131 al\u0131yor. Son baharda bunlar\u0131 g\u00f6t\u00fcr\u00fcp sahalar\u0131m\u0131zda topraklar bulu\u015fturaca\u011f\u0131z. Bizim b\u00f6lge m\u00fcd\u00fcrl\u00fc\u011f\u00fcm\u00fcz en b\u00fcy\u00fck b\u00f6lge m\u00fcd\u00fcrl\u00fc\u011f\u00fcd\u00fcr. 8 il var. Malatya, Elaz\u0131\u011f, Bing\u00f6l, Bitlis, Tunceli, Mu\u015f, Van ve Hakkari\u2019dir. Neredeyse bir ucundan bir ucuna bin kilometrenin \u00fczerinde bir mesafe\u201d dedi.<\/p>\n<p>B\u00f6lgeye 15 milyon fidan<\/p>\n<p>Her y\u0131l t\u00fcm b\u00f6lge m\u00fcd\u00fcrl\u00fc\u011f\u00fcnde 150- 200 bin dekar aras\u0131nda a\u011fa\u00e7land\u0131rma \u00e7al\u0131\u015fmas\u0131 yapt\u0131klar\u0131n\u0131 aktaran Polat, \u201cBu ba\u011flamda 14-15 milyon fidan dikiyoruz. Bunun b\u00fcy\u00fck bir k\u0131sm\u0131n\u0131 Elaz\u0131\u011f\u2019da dikiyoruz.  Bu senede bizim hedefimiz b\u00f6lgeye 10 milyon, Elaz\u0131\u011f\u2019da 5 milyon fidan dikmek. Bu fidanlar\u0131 \u00fcretirken, bak\u0131mlar\u0131n\u0131 yaparken veya sahada dikerken en \u00e7ok kad\u0131nlarla \u00e7al\u0131\u015f\u0131yoruz. Kad\u0131nlar daha titiz ve hassa \u00e7al\u0131\u015ft\u0131klar\u0131 i\u00e7in fidanlar  daha kaliteli oluyor. Burada kad\u0131nlar eliyle yeti\u015fmi\u015f fidanlar yine kad\u0131nlar\u0131n eliyle arazide dikiliyor. 3-4 y\u0131l bak\u0131mlar\u0131 da kad\u0131nlar taraf\u0131ndan yap\u0131l\u0131yor. Kad\u0131nlar hem de aile ekonomisine katk\u0131 sa\u011fl\u0131yor, biraz daha hassas ve ince \u00e7al\u0131\u015f\u0131yorlar. Bundan dolay\u0131 son d\u00f6nemde Elaz\u0131\u011f\u2019da ki a\u011fa\u00e7land\u0131rma sahalar\u0131nda ve \u00fcretimimizde b\u00fcy\u00fck ba\u015far\u0131 elde etti\u201d diye konu\u015ftu.<\/p>\n<p>&#8220;\u00c7ocuk gibi bak\u0131yoruz&#8221;<\/p>\n<p>Sahada \u00e7al\u0131\u015fan 2 \u00e7ocuk annesi G\u00fcll\u00fc Cihan, \u201c19 y\u0131ld\u0131r burada \u00e7al\u0131\u015f\u0131yorum. Biz bunlara \u00e7ocu\u011fumuz gibi bak\u0131yoruz. Yeti\u015ftiriyoruz, otunu al\u0131yoruz ve bak\u0131m\u0131n\u0131 yap\u0131yoruz. Ekme\u011fimizi burada kazan\u0131yoruz. Hem  ekme\u011fimiz  hem de gelece\u011fimiz i\u00e7in \u00e7al\u0131\u015f\u0131yoruz\u201d ifadelerini kulland\u0131.<\/p>\n<p>19 y\u0131ld\u0131r fidanl\u0131kta \u00e7al\u0131\u015fan H\u00fcsniye Donuk ise, \u201c\u00c7ocuklar\u0131m\u0131n r\u0131zk\u0131n\u0131 buradan g\u00f6t\u00fcr\u00fcyorum. Bunun ekimi, dikimi, \u00e7apas\u0131, b\u00fcy\u00fctmesi hepsi bize ait. \u00c7ocuk gibi bunlara bak\u0131yoruz. \u00c7ocuklar\u0131m\u0131zdan fazla bunlarla ilgileniyoruz. G\u00fcz\u00fcn tohum topluyoruz. Daha sonra ekiyoruz. Otunu al\u0131yoruz, suluyoruz, yeti\u015ftiriyoruz.  Yaz k\u0131\u015f s\u00fcrekli \u00e7al\u0131\u015f\u0131yoruz\u201d diye konu\u015ftu.<\/p>\n","protected":false},"excerpt":{"rendered":"<p>ELAZI\u011e ORMAN B\u00d6LGE M\u00dcD\u00dcRL\u00dc\u011e\u00dc B\u00dcNYES\u0130NDEK\u0130 F\u0130DANLIKLARDA \u00c7ALI\u015eAN KADINLAR, YILDA \u00dcRETT\u0130KLER\u0130 20 M\u0130LYON F\u0130DANLA 8 \u0130L\u0130N YE\u015e\u0130LLENMES\u0130N\u0130 SA\u011eLIYOR.<\/p>\n","protected":false},"author":1,"featured_media":187917,"comment_status":"closed","ping_status":"open","sticky":false,"template":"","format":"standard","meta":{"jetpack_post_was_ever_published":false,"_jetpack_newsletter_access":"","_jetpack_dont_email_post_to_subs":false,"_jetpack_newsletter_tier_id":0,"_jetpack_memberships_contains_paywalled_content":false,"_jetpack_memberships_contains_paid_content":false,"footnotes":"","jetpack_publicize_message":"","jetpack_publicize_feature_enabled":true,"jetpack_social_post_already_shared":true,"jetpack_social_options":{"image_generator_settings":{"template":"highway","default_image_id":0,"font":"","enabled":false},"version":2}},"categories":[1],"tags":[46780,2098,18590,46781],"class_list":["post-187916","post","type-post","status-publish","format-standard","has-post-thumbnail","hentry","category-genel","tag-ellerinden","tag-kadinlarin","tag-ormanlar","tag-yeseriyor"],"jetpack_publicize_connections":[],"jetpack_featured_media_url":"https:\/\/i0.wp.com\/www.tvturk.com\/wp-content\/uploads\/2019\/07\/ormanlar-kadinlarin-ellerinden-yeseriyor_ce5ac66.jpg?fit=1000%2C666","jetpack_sharing_enabled":true,"jetpack_shortlink":"https:\/\/wp.me\/paKIfm-MSU","_links":{"self":[{"href":"http:\/\/www.tvturk.com\/index.php\/wp-json\/wp\/v2\/posts\/187916","targetHints":{"allow":["GET"]}}],"collection":[{"href":"http:\/\/www.tvturk.com\/index.php\/wp-json\/wp\/v2\/posts"}],"about":[{"href":"http:\/\/www.tvturk.com\/index.php\/wp-json\/wp\/v2\/types\/post"}],"author":[{"embeddable":true,"href":"http:\/\/www.tvturk.com\/index.php\/wp-json\/wp\/v2\/users\/1"}],"replies":[{"embeddable":true,"href":"http:\/\/www.tvturk.com\/index.php\/wp-json\/wp\/v2\/comments?post=187916"}],"version-history":[{"count":0,"href":"http:\/\/www.tvturk.com\/index.php\/wp-json\/wp\/v2\/posts\/187916\/revisions"}],"wp:featuredmedia":[{"embeddable":true,"href":"http:\/\/www.tvturk.com\/index.php\/wp-json\/wp\/v2\/media\/187917"}],"wp:attachment":[{"href":"http:\/\/www.tvturk.com\/index.php\/wp-json\/wp\/v2\/media?parent=187916"}],"wp:term":[{"taxonomy":"category","embeddable":true,"href":"http:\/\/www.tvturk.com\/index.php\/wp-json\/wp\/v2\/categories?post=187916"},{"taxonomy":"post_tag","embeddable":true,"href":"http:\/\/www.tvturk.com\/index.php\/wp-json\/wp\/v2\/tags?post=187916"}],"curies":[{"name":"wp","href":"https:\/\/api.w.org\/{rel}","templated":true}]}}