{"id":187934,"date":"2019-07-30T10:46:36","date_gmt":"2019-07-30T07:46:36","guid":{"rendered":"http:\/\/www.tvturk.com\/index.php\/cenaze-sahiplerini-magdur-eden-taziye-yemegi-gelenegi\/"},"modified":"2019-07-30T10:46:36","modified_gmt":"2019-07-30T07:46:36","slug":"cenaze-sahiplerini-magdur-eden-taziye-yemegi-gelenegi","status":"publish","type":"post","link":"http:\/\/www.tvturk.com\/index.php\/cenaze-sahiplerini-magdur-eden-taziye-yemegi-gelenegi\/","title":{"rendered":"Cenaze sahiplerini ma\u011fdur eden taziye yeme\u011fi gelene\u011fi"},"content":{"rendered":"<p>Do\u011fu ve G\u00fcneydo\u011fu Anadolu B\u00f6lgesi\u2019nde gelenek haline getirilen \u2018taziye yeme\u011fi\u2019 taziye sahiplerinin belini b\u00fck\u00fcyor. 3 g\u00fcn boyunca ba\u015fsa\u011fl\u0131\u011f\u0131 dileklerinin kabul edildi\u011fi taziye evlerinde y\u00fczlerce misafire yemek veriliyor.<\/p>\n<p>Diyarbak\u0131r\u2019daki Kaymakaml\u0131k ve M\u00fcft\u00fcl\u00fcklerce taziye yeme\u011fi gelene\u011fine son verilmesine y\u00f6nelik ba\u015flat\u0131lan \u00e7al\u0131\u015fmalar, b\u00f6lgedeki taziye gelene\u011fini bir kez daha g\u00fcndeme getirdi. Bing\u00f6l\u2019de de yayg\u0131n olarak s\u00fcrd\u00fcr\u00fclen gelenekle, 3 g\u00fcn boyunca ba\u015fsa\u011fl\u0131\u011f\u0131 dileklerinin kabul edildi\u011fi taziye evlerinde y\u00fczlerce misafire iki \u00f6\u011f\u00fcn yemek veriliyor. Uzun y\u0131llar\u0131n gelene\u011fi olan taziye yeme\u011fi, maddi durumu iyi olmayan cenaze sahiplerinin bor\u00e7lanmas\u0131yla ma\u011fduriyete d\u00f6n\u00fc\u015f\u00fcyor.<\/p>\n<p>Taziye evlerinde verilen yemek uygulamas\u0131n\u0131n \u0130slam dininde yerinin olmad\u0131\u011f\u0131n\u0131 belirten  Diyanet-Sen Bing\u00f6l \u015eube Ba\u015fkan\u0131 M\u00fccahit \u00c7elik, \u201cTaziye evlerinde yemek verme durumu gittik\u00e7e i\u00e7erisinden \u00e7\u0131k\u0131lamaz bir hal al\u0131yor.  \u00d6zellikle \u015fehir merkezlerinde bu adet olduk\u00e7a s\u0131k\u0131nt\u0131 veriyor. Biz toplumu \u015funu s\u00f6yl\u00fcyoruz bu adet kesinlikle do\u011fru de\u011fildir. Peygamber efendimiz bir sahabe vefat etti\u011fi zaman \u015fu sahabenin s\u0131k\u0131nt\u0131s\u0131 var, taziyesi var onun i\u00e7in ailesi i\u00e7in bir tak\u0131m yemekler haz\u0131rlay\u0131p ikramlarda bulunun demi\u015ftir. Bu g\u00fczel uygulama yerini yanl\u0131\u015f uygulamalara b\u0131rakt\u0131. \u00d6zellikle \u015fehir merkezlerinde taziye evlerinde ki\u015filerin g\u00fcc\u00fcn\u00fc a\u015fan mebla\u011flarda yemek masraflar\u0131 s\u00f6z konusu. \u0130nsanlar taziyede yemek verme noktas\u0131nda adeta yar\u0131\u015fa girmi\u015f durumda. Bu do\u011fru bir \u015fey de\u011fil. Bizler bunu tasvip etmiyoruz dinimizde de bunun yeri yoktur\u201d diye konu\u015ftu.<\/p>\n<p>Taziye yemeklerinin vefat eden ki\u015filere faydas\u0131n\u0131n olmad\u0131\u011f\u0131n\u0131 vurgulayan \u00c7elik, \u201cVefat eden insanlar\u0131n yak\u0131nlar\u0131, kay\u0131plar\u0131na m\u0131 \u00fcz\u00fcls\u00fcn yoksa cenaze masraflar\u0131n\u0131 m\u0131 \u00fcz\u00fcls\u00fcn. Maalesef insanlar taziyelerde verilecek yeme\u011fin, masraflar\u0131n derdine d\u00fc\u015f\u00fcyor. Onun biz buna \u015fiddetle kar\u015f\u0131y\u0131z, bunu do\u011fru bulmuyoruz. O yeme\u011fin vefat eden insanlara hi\u00e7bir faydas\u0131 yok, onu yapacaklar\u0131na, Cami in\u015faatlar\u0131na, medreselere, Kur\u2019an kurslar\u0131na o ki\u015finin nam\u0131na sadaka-i cariye diyebilece\u011fimiz \u015fekilde yard\u0131mc\u0131 olsunlar\u201d \u015feklinde konu\u015ftu.<\/p>\n","protected":false},"excerpt":{"rendered":"<p>3 G\u00dcN BOYUNCA BA\u015eSA\u011eLI\u011eI D\u0130LEKLER\u0130N\u0130N KABUL ED\u0130LD\u0130\u011e\u0130 TAZ\u0130YE EVLER\u0130NDE Y\u00dcZLERCE M\u0130SAF\u0130RE YEMEK VER\u0130YOR.<\/p>\n","protected":false},"author":1,"featured_media":187935,"comment_status":"closed","ping_status":"open","sticky":false,"template":"","format":"standard","meta":{"jetpack_post_was_ever_published":false,"_jetpack_newsletter_access":"","_jetpack_dont_email_post_to_subs":false,"_jetpack_newsletter_tier_id":0,"_jetpack_memberships_contains_paywalled_content":false,"_jetpack_memberships_contains_paid_content":false,"footnotes":"","jetpack_publicize_message":"","jetpack_publicize_feature_enabled":true,"jetpack_social_post_already_shared":true,"jetpack_social_options":{"image_generator_settings":{"template":"highway","default_image_id":0,"font":"","enabled":false},"version":2}},"categories":[1],"tags":[7499,2393,4902,15953,5880,4691,6602],"class_list":["post-187934","post","type-post","status-publish","format-standard","has-post-thumbnail","hentry","category-genel","tag-cenaze","tag-eden","tag-gelenegi","tag-magdur","tag-sahiplerini","tag-taziye","tag-yemegi"],"jetpack_publicize_connections":[],"jetpack_featured_media_url":"https:\/\/i0.wp.com\/www.tvturk.com\/wp-content\/uploads\/2019\/07\/cenaze-sahiplerini-magdur-eden-taziye-yemegi-gelenegi_29eae7a.jpg?fit=1000%2C750","jetpack_sharing_enabled":true,"jetpack_shortlink":"https:\/\/wp.me\/paKIfm-MTc","_links":{"self":[{"href":"http:\/\/www.tvturk.com\/index.php\/wp-json\/wp\/v2\/posts\/187934","targetHints":{"allow":["GET"]}}],"collection":[{"href":"http:\/\/www.tvturk.com\/index.php\/wp-json\/wp\/v2\/posts"}],"about":[{"href":"http:\/\/www.tvturk.com\/index.php\/wp-json\/wp\/v2\/types\/post"}],"author":[{"embeddable":true,"href":"http:\/\/www.tvturk.com\/index.php\/wp-json\/wp\/v2\/users\/1"}],"replies":[{"embeddable":true,"href":"http:\/\/www.tvturk.com\/index.php\/wp-json\/wp\/v2\/comments?post=187934"}],"version-history":[{"count":0,"href":"http:\/\/www.tvturk.com\/index.php\/wp-json\/wp\/v2\/posts\/187934\/revisions"}],"wp:featuredmedia":[{"embeddable":true,"href":"http:\/\/www.tvturk.com\/index.php\/wp-json\/wp\/v2\/media\/187935"}],"wp:attachment":[{"href":"http:\/\/www.tvturk.com\/index.php\/wp-json\/wp\/v2\/media?parent=187934"}],"wp:term":[{"taxonomy":"category","embeddable":true,"href":"http:\/\/www.tvturk.com\/index.php\/wp-json\/wp\/v2\/categories?post=187934"},{"taxonomy":"post_tag","embeddable":true,"href":"http:\/\/www.tvturk.com\/index.php\/wp-json\/wp\/v2\/tags?post=187934"}],"curies":[{"name":"wp","href":"https:\/\/api.w.org\/{rel}","templated":true}]}}