{"id":187946,"date":"2019-07-30T11:02:05","date_gmt":"2019-07-30T08:02:05","guid":{"rendered":"http:\/\/www.tvturk.com\/index.php\/burdurda-40-ogretmen-33-yil-sonra-bir-araya-geldi\/"},"modified":"2019-07-30T11:02:05","modified_gmt":"2019-07-30T08:02:05","slug":"burdurda-40-ogretmen-33-yil-sonra-bir-araya-geldi","status":"publish","type":"post","link":"http:\/\/www.tvturk.com\/index.php\/burdurda-40-ogretmen-33-yil-sonra-bir-araya-geldi\/","title":{"rendered":"Burdur\u2019da 40 \u00f6\u011fretmen 33 y\u0131l sonra bir araya geldi"},"content":{"rendered":"<p>Burdur\u2019da 1984 y\u0131l\u0131nda \u00f6\u011frenim g\u00f6ren \u00f6\u011frenciler, 33 y\u0131l sonra e\u011fitim d\u00f6nemleri boyunca s\u00fcrekli gittikleri lokantada bulu\u015ftu. 40 \u00f6\u011fretmen 33 y\u0131l sonra bir araya gelince duygusal anlar ya\u015fand\u0131.<\/p>\n<p>Burdur E\u011fitim Y\u00fcksekokulu\u2019nda 1984 y\u0131l\u0131nda \u00f6\u011frenim g\u00f6ren 40 \u00f6\u011frenci, 1986 y\u0131l\u0131nda mezun olup, \u00e7e\u015fitli illerde \u00f6\u011fretmen olarak g\u00f6reve ba\u015flad\u0131. T\u00fcrkiye\u2019nin \u00e7e\u015fitli b\u00f6lgelerinde g\u00f6rev yapan \u00f6\u011fretmenler, sosyal medya arac\u0131l\u0131\u011f\u0131yla yeniden bir araya geldi.<\/p>\n<p>Bir sosyal medya uygulamas\u0131ndan konu\u015fan grup, e\u011fitim d\u00f6nemleri boyunca s\u00fcrekli bir araya geldikleri lokantada bulu\u015ftu.<\/p>\n<p>\u201c\u00d6\u011frencilik y\u0131llar\u0131m\u0131z\u0131 hi\u00e7 unutmad\u0131k\u201d<\/p>\n<p>Mu\u011fla\u2019da \u00f6\u011fretmenlik yapan Hasan Uygunol, 1984 y\u0131l\u0131nda e\u011fitim y\u00fcksekokulunu kazanarak, Burdur\u2019a geldi\u011fini s\u00f6yledi. Uygunol, \u201c1\u2019inci ve 2\u2019nci s\u0131n\u0131flarda \u00f6\u011frenim g\u00f6ren arkada\u015flar\u0131m\u0131z\u0131 sa\u011f salim burada g\u00f6rebildik. Burada olmaktan \u00e7ok mutlu olduk. Bizler 33 y\u0131l \u00f6nce 40 \u00f6\u011fretmen olarak T\u00fcrkiye\u2019nin de\u011fi\u015fik illerine \u00f6\u011fretmen olarak atand\u0131k. Tam 33 y\u0131l sonra bu \u00f6\u011fretmenler bug\u00fcn burada yani \u00f6\u011frenim g\u00f6rd\u00fc\u011f\u00fc Burdur\u2019 da bir araya geldi. \u00d6\u011frencilik y\u0131llar\u0131m\u0131z\u0131 hi\u00e7 unutmad\u0131k\u201d dedi.<\/p>\n<p>Burdurlu \u00f6\u011fretmen Ali \u00dcnal ise 33 y\u0131l sonra tekrar bir araya gelebilmenin mutluluk verici bir duygu oldu\u011funu kaydetti.<\/p>\n","protected":false},"excerpt":{"rendered":"<p>BURDUR\u2019DA 1984 YILINDA \u00d6\u011eREN\u0130M G\u00d6REN \u00d6\u011eRENC\u0130LER, 33 YIL SONRA E\u011e\u0130T\u0130M D\u00d6NEMLER\u0130 BOYUNCA S\u00dcREKL\u0130 G\u0130TT\u0130KLER\u0130 LOKANTADA BULU\u015eTU.<\/p>\n","protected":false},"author":1,"featured_media":187947,"comment_status":"closed","ping_status":"open","sticky":false,"template":"","format":"standard","meta":{"jetpack_post_was_ever_published":false,"_jetpack_newsletter_access":"","_jetpack_dont_email_post_to_subs":false,"_jetpack_newsletter_tier_id":0,"_jetpack_memberships_contains_paywalled_content":false,"_jetpack_memberships_contains_paid_content":false,"footnotes":"","jetpack_publicize_message":"","jetpack_publicize_feature_enabled":true,"jetpack_social_post_already_shared":true,"jetpack_social_options":{"image_generator_settings":{"template":"highway","default_image_id":0,"font":"","enabled":false},"version":2}},"categories":[1],"tags":[126,125,3019,127,1904,2022,231],"class_list":["post-187946","post","type-post","status-publish","format-standard","has-post-thumbnail","hentry","category-genel","tag-araya","tag-bir","tag-burdurda","tag-geldi","tag-ogretmen","tag-sonra","tag-yil"],"jetpack_publicize_connections":[],"jetpack_featured_media_url":"https:\/\/i0.wp.com\/www.tvturk.com\/wp-content\/uploads\/2019\/07\/burdurda-40-ogretmen-33-yil-sonra-bir-araya-geldi_705ae6d.jpg?fit=1000%2C666","jetpack_sharing_enabled":true,"jetpack_shortlink":"https:\/\/wp.me\/paKIfm-MTo","_links":{"self":[{"href":"http:\/\/www.tvturk.com\/index.php\/wp-json\/wp\/v2\/posts\/187946","targetHints":{"allow":["GET"]}}],"collection":[{"href":"http:\/\/www.tvturk.com\/index.php\/wp-json\/wp\/v2\/posts"}],"about":[{"href":"http:\/\/www.tvturk.com\/index.php\/wp-json\/wp\/v2\/types\/post"}],"author":[{"embeddable":true,"href":"http:\/\/www.tvturk.com\/index.php\/wp-json\/wp\/v2\/users\/1"}],"replies":[{"embeddable":true,"href":"http:\/\/www.tvturk.com\/index.php\/wp-json\/wp\/v2\/comments?post=187946"}],"version-history":[{"count":0,"href":"http:\/\/www.tvturk.com\/index.php\/wp-json\/wp\/v2\/posts\/187946\/revisions"}],"wp:featuredmedia":[{"embeddable":true,"href":"http:\/\/www.tvturk.com\/index.php\/wp-json\/wp\/v2\/media\/187947"}],"wp:attachment":[{"href":"http:\/\/www.tvturk.com\/index.php\/wp-json\/wp\/v2\/media?parent=187946"}],"wp:term":[{"taxonomy":"category","embeddable":true,"href":"http:\/\/www.tvturk.com\/index.php\/wp-json\/wp\/v2\/categories?post=187946"},{"taxonomy":"post_tag","embeddable":true,"href":"http:\/\/www.tvturk.com\/index.php\/wp-json\/wp\/v2\/tags?post=187946"}],"curies":[{"name":"wp","href":"https:\/\/api.w.org\/{rel}","templated":true}]}}