{"id":188024,"date":"2019-07-30T12:31:48","date_gmt":"2019-07-30T09:31:48","guid":{"rendered":"http:\/\/www.tvturk.com\/index.php\/cocuklar-icin-cilgin-parkur-basliyor\/"},"modified":"2019-07-30T12:31:48","modified_gmt":"2019-07-30T09:31:48","slug":"cocuklar-icin-cilgin-parkur-basliyor","status":"publish","type":"post","link":"http:\/\/www.tvturk.com\/index.php\/cocuklar-icin-cilgin-parkur-basliyor\/","title":{"rendered":"\u00c7ocuklar i\u00e7in \u2018\u00c7\u0131lg\u0131n Parkur\u2019 ba\u015fl\u0131yor"},"content":{"rendered":"<p>Yaz tatilinde \u00e7ocuklar\u0131n verimli vakit ge\u00e7irebilecekleri etkinlikler yap\u0131l\u0131yor. Metrogarden AVM\u2019de yap\u0131lacak olan \u2018\u00c7\u0131lg\u0131n Parkur\u2019la, \u00e7ocuklar\u0131n denge ve hareket sistemine katk\u0131 sa\u011flayacak, farkl\u0131 etaplardan olu\u015fan parkurlar yer alacak.<\/p>\n<p>\u00dcmraniye, Sancaktepe ve \u00c7ekmek\u00f6y\u2019\u00fcn odak noktas\u0131nda bulunan Metrogarden AVM, \u00e7ocuklar\u0131n doyas\u0131ya e\u011flenecekleri, e\u011flenirken zaman\u0131 do\u011fru kullanarak yar\u0131\u015facaklar\u0131 keyifli bir haftaya ev sahipli\u011fi yap\u0131yor.<\/p>\n<p>2 A\u011fustos\u2019ta ba\u015flayacak ve 10 A\u011fustos tarihine kadar devam edecek \u2018\u00c7\u0131lg\u0131n Parkur\u2019da, \u00e7ocuklar\u0131n denge ve hareket sisteminin geli\u015fmesine katk\u0131 sa\u011flayacak denge tahtas\u0131, rakiplere ve zamana kar\u015f\u0131 m\u00fccadeleyi \u00f6\u011fretecek lastik ko\u015fu engeli, t\u0131rmanma duvar\u0131, \u00e7ember atma engeli gibi bir\u00e7ok farkl\u0131 etaptan olu\u015fan parkurlar yer alacak. 6 -14 ya\u015f aras\u0131 \u00e7ocuklar\u0131n kat\u0131l\u0131m\u0131na uygun olan etkinlik saat 13.00 &#8211; 20.00 aras\u0131nda AVM\u2019nin eksi 1\u2019inci kat\u0131nda ger\u00e7ekle\u015fecek. Kat\u0131l\u0131m\u0131n \u00fccretsiz oldu\u011fu \u2018\u00c7\u0131lg\u0131n Parkur\u2019da rezervasyon etkinlik alan\u0131nda yap\u0131lacak.<\/p>\n<p>Ayr\u0131ca ziyaret\u00e7iler bayram al\u0131\u015fveri\u015flerinde yapacaklar\u0131 harcamalar\u0131 AVM kartlar\u0131na toplayacaklar\u0131 MetroPuanlar ile Hediye D\u00fckkan\u0131\u2019nda, k\u00fc\u00e7\u00fck ev aletlerinden beyaz e\u015fyaya, ev dekorasyonu \u00fcr\u00fcnlerden bisiklete kadar y\u00fczlerce hediye aras\u0131ndan diledi\u011fini se\u00e7ebilecek.<\/p>\n","protected":false},"excerpt":{"rendered":"<p>YAZ TAT\u0130L\u0130NDE \u00c7OCUKLARIN VER\u0130ML\u0130 VAK\u0130T GE\u00c7\u0130REB\u0130LECEKLER\u0130 ETK\u0130NL\u0130KLER YAPILIYOR. METROGARDEN AVM\u2019DE YAPILACAK OLAN \u2018\u00c7ILGIN PARKUR\u2019LA, \u00c7OCUKLARIN DENGE VE HAREKET S\u0130STEM\u0130NE KATKI SA\u011eLAYACAK, FARKLI ETAPLARDAN OLU\u015eAN PARKURLAR YER ALACAK.<\/p>\n","protected":false},"author":1,"featured_media":188025,"comment_status":"closed","ping_status":"open","sticky":false,"template":"","format":"standard","meta":{"jetpack_post_was_ever_published":false,"_jetpack_newsletter_access":"","_jetpack_dont_email_post_to_subs":false,"_jetpack_newsletter_tier_id":0,"_jetpack_memberships_contains_paywalled_content":false,"_jetpack_memberships_contains_paid_content":false,"footnotes":"","jetpack_publicize_message":"","jetpack_publicize_feature_enabled":true,"jetpack_social_post_already_shared":true,"jetpack_social_options":{"image_generator_settings":{"template":"highway","default_image_id":0,"font":"","enabled":false},"version":2}},"categories":[1],"tags":[11723,1647,252,44,25724],"class_list":["post-188024","post","type-post","status-publish","format-standard","has-post-thumbnail","hentry","category-genel","tag-cilgin","tag-basliyor","tag-cocuklar","tag-icin","tag-parkur"],"jetpack_publicize_connections":[],"jetpack_featured_media_url":"https:\/\/i0.wp.com\/www.tvturk.com\/wp-content\/uploads\/2019\/07\/cocuklar-icin-cilgin-parkur-basliyor_4ba287f.jpg?fit=1000%2C497","jetpack_sharing_enabled":true,"jetpack_shortlink":"https:\/\/wp.me\/paKIfm-MUE","_links":{"self":[{"href":"http:\/\/www.tvturk.com\/index.php\/wp-json\/wp\/v2\/posts\/188024","targetHints":{"allow":["GET"]}}],"collection":[{"href":"http:\/\/www.tvturk.com\/index.php\/wp-json\/wp\/v2\/posts"}],"about":[{"href":"http:\/\/www.tvturk.com\/index.php\/wp-json\/wp\/v2\/types\/post"}],"author":[{"embeddable":true,"href":"http:\/\/www.tvturk.com\/index.php\/wp-json\/wp\/v2\/users\/1"}],"replies":[{"embeddable":true,"href":"http:\/\/www.tvturk.com\/index.php\/wp-json\/wp\/v2\/comments?post=188024"}],"version-history":[{"count":0,"href":"http:\/\/www.tvturk.com\/index.php\/wp-json\/wp\/v2\/posts\/188024\/revisions"}],"wp:featuredmedia":[{"embeddable":true,"href":"http:\/\/www.tvturk.com\/index.php\/wp-json\/wp\/v2\/media\/188025"}],"wp:attachment":[{"href":"http:\/\/www.tvturk.com\/index.php\/wp-json\/wp\/v2\/media?parent=188024"}],"wp:term":[{"taxonomy":"category","embeddable":true,"href":"http:\/\/www.tvturk.com\/index.php\/wp-json\/wp\/v2\/categories?post=188024"},{"taxonomy":"post_tag","embeddable":true,"href":"http:\/\/www.tvturk.com\/index.php\/wp-json\/wp\/v2\/tags?post=188024"}],"curies":[{"name":"wp","href":"https:\/\/api.w.org\/{rel}","templated":true}]}}