{"id":188034,"date":"2019-07-30T13:02:19","date_gmt":"2019-07-30T10:02:19","guid":{"rendered":"http:\/\/www.tvturk.com\/index.php\/yaz-aylarinda-tercih-edilen-gozlukler-ve-lenslere-dikkat\/"},"modified":"2019-07-30T13:02:19","modified_gmt":"2019-07-30T10:02:19","slug":"yaz-aylarinda-tercih-edilen-gozlukler-ve-lenslere-dikkat","status":"publish","type":"post","link":"http:\/\/www.tvturk.com\/index.php\/yaz-aylarinda-tercih-edilen-gozlukler-ve-lenslere-dikkat\/","title":{"rendered":"Yaz aylar\u0131nda tercih edilen g\u00f6zl\u00fckler ve lenslere dikkat"},"content":{"rendered":"<p>Uzmanlar, yaz aylar\u0131nda tercih edilen g\u00f6zl\u00fcklerin ve lenslerin ultraviyole emici \u00f6zellikleri olmas\u0131 gerekti\u011fi konusunda uyar\u0131yor.<\/p>\n<p>G\u00f6z\u00fcn etraf\u0131ndaki korunakl\u0131 kemik yap\u0131, g\u00f6z kapaklar\u0131, ka\u015f ve kirpiklerin g\u00f6ze gelen \u0131\u015f\u0131nlar\u0131 bir miktar engelledi\u011fini belirten G\u00f6z Hastal\u0131klar\u0131 Klini\u011finden Op. Dr. Mucize Yararcan, g\u00f6ze ula\u015fan zararl\u0131 \u0131\u015f\u0131nlar\u0131n bir k\u0131sm\u0131n\u0131n kornea ve lens denilen g\u00f6z\u00fcn k\u0131r\u0131c\u0131 merceklerinde emildi\u011fini s\u00f6yledi. Yararcan, &#8220;Bu suretle zararl\u0131 \u0131\u015f\u0131nlar\u0131n a\u011f tabaka retinaya ge\u00e7i\u015fi bir \u00f6l\u00e7\u00fcde engellenmi\u015f olur. G\u00f6zdeki hasarlar daha ziyade y\u00fcksek dozda ve uzun s\u00fcreli g\u00fcne\u015f \u0131\u015f\u0131nlar\u0131na maruz kal\u0131nd\u0131\u011f\u0131nda ortaya \u00e7\u0131kmaktad\u0131r&#8221; dedi.<\/p>\n<p>G\u00f6rme kayb\u0131na yol a\u00e7abilir<\/p>\n<p>G\u00fcne\u015f \u0131\u015f\u0131\u011f\u0131na a\u015f\u0131r\u0131 maruz kalman\u0131n ciddi g\u00f6z hastal\u0131klar\u0131na neden olabilece\u011fini s\u00f6yleyen Yararcan, &#8220;G\u00fcne\u015fe uzun s\u00fcreli maruz kalma g\u00f6z\u00fcn \u00f6n tabakalar\u0131na (kornea, konjonktiva) zarar verebilirken, g\u00fcne\u015f \u0131\u015f\u0131\u011f\u0131na direkt olarak bakmak (g\u00fcne\u015f tutulmalar\u0131nda oldu\u011fu gibi) makula denilen ayr\u0131nt\u0131l\u0131 ve renkli g\u00f6rmeyi sa\u011flayan g\u00f6rme merkezinde yan\u0131klar olu\u015fturup kal\u0131c\u0131 g\u00f6rme kay\u0131plar\u0131na yol a\u00e7abilmektedir. G\u00fcne\u015f \u0131\u015f\u0131nlar\u0131 ve s\u0131ca\u011f\u0131n etkisiyle alerjik konjonktivit ve g\u00f6z kurulu\u011fu gibi g\u00f6z y\u00fczeyini ilgilendiren baz\u0131 g\u00f6z hastal\u0131klar\u0131 da \u015fiddetlenebilmektedir; ayr\u0131ca uzun s\u00fcreli g\u00fcne\u015fe, s\u0131ca\u011fa ve toza maruz kalanlarda, halk aras\u0131nda g\u00f6ze et y\u00fcr\u00fcmesi, ya da ku\u015fkanad\u0131 diye bilinen pterjium da geli\u015febilmektedir. \u0130leri ya\u015flarda g\u00f6r\u00fclen ve ciddi g\u00f6rme kay\u0131plar\u0131na yol a\u00e7abilen ya\u015fa ba\u011fl\u0131 sar\u0131 nokta hastal\u0131\u011f\u0131 ve g\u00f6z merce\u011finin kesifle\u015fip bulan\u0131kla\u015fmas\u0131 sonucunda ortaya \u00e7\u0131kan ve g\u00f6rme azalmas\u0131na neden olan katarakt hastal\u0131\u011f\u0131n\u0131n olu\u015fumunda g\u00fcne\u015f \u0131\u015f\u0131nlar\u0131n\u0131n rol\u00fc oldu\u011fu bilinmektedir&#8221; \u015feklinde konu\u015ftu.<\/p>\n<p>Nelere dikkat etmeliyiz?<\/p>\n<p>G\u00fcne\u015fin g\u00f6zde yapabilece\u011fi zararl\u0131 etkilerden korunmak tavsiyeler veren Medical Park \u0130zmir Hastanesi G\u00f6z Hastal\u0131klar\u0131 Klini\u011finden Op. Dr. Mucize Yararcan, s\u00f6zlerine \u015fu \u015fekilde devam etti:<\/p>\n<p>&#8220;Zorunluluk yoksa g\u00fcne\u015f \u0131\u015f\u0131nlar\u0131n\u0131n dik a\u00e7\u0131yla gelip en fazla zarar verdi\u011fi 10.00-16.00 saatleri aras\u0131nda d\u0131\u015far\u0131 \u00e7\u0131k\u0131lmamas\u0131 ve kapal\u0131 alanlarda kal\u0131nmal\u0131d\u0131r. A\u00e7\u0131k yerlerde \u015fapka ve ideal g\u00fcne\u015f g\u00f6zl\u00fckleri kullan\u0131lmal\u0131d\u0131r. Kullan\u0131lan kontakt lenslerin ve katarakt ameliyatlar\u0131nda g\u00f6z i\u00e7ine yerle\u015ftirilen merceklerin UV emici \u00f6zellikleri olmas\u0131 gerekmektedir. \u0130deal bir g\u00fcne\u015f g\u00f6zl\u00fc\u011f\u00fc cam\u0131 UV ve IR \u0131\u015f\u0131nlar\u0131 y\u00fczde 100 oranda emerek bunlar\u0131n g\u00f6ze ge\u00e7i\u015fini engeller ve tam koruma sa\u011flar. Camlar\u0131n renk ve koyulu\u011funa bakarak UV emilim \u00f6zelli\u011fini anlamak m\u00fcmk\u00fcn olmad\u0131\u011f\u0131 i\u00e7in g\u00fcne\u015f g\u00f6zl\u00fc\u011f\u00fc sat\u0131n al\u0131rken g\u00f6zl\u00fck\u00e7\u00fcden camlar\u0131n UV \u0131\u015f\u0131nlar\u0131na kar\u015f\u0131 koruma yeterlili\u011fi ile ilgili sertifikalar\u0131n\u0131n talep edilmesi ve koruma \u00f6zelliklerinin bu sertifikalardan kontrol edilmesi gerekmektedir.&#8221;<\/p>\n","protected":false},"excerpt":{"rendered":"<p>UZMANLAR, YAZ AYLARINDA TERC\u0130H ED\u0130LEN G\u00d6ZL\u00dcKLER\u0130N VE LENSLER\u0130N ULTRAV\u0130YOLE EM\u0130C\u0130 \u00d6ZELL\u0130KLER\u0130 OLMASI GEREKT\u0130\u011e\u0130 KONUSUNDA UYARIYOR.<\/p>\n","protected":false},"author":1,"featured_media":188035,"comment_status":"closed","ping_status":"open","sticky":false,"template":"","format":"standard","meta":{"jetpack_post_was_ever_published":false,"_jetpack_newsletter_access":"","_jetpack_dont_email_post_to_subs":false,"_jetpack_newsletter_tier_id":0,"_jetpack_memberships_contains_paywalled_content":false,"_jetpack_memberships_contains_paid_content":false,"footnotes":"","jetpack_publicize_message":"","jetpack_publicize_feature_enabled":true,"jetpack_social_post_already_shared":true,"jetpack_social_options":{"image_generator_settings":{"template":"highway","default_image_id":0,"font":"","enabled":false},"version":2}},"categories":[1],"tags":[3947,1440,3670,24376,46823,4504,183],"class_list":["post-188034","post","type-post","status-publish","format-standard","has-post-thumbnail","hentry","category-genel","tag-aylarinda","tag-dikkat","tag-edilen","tag-gozlukler","tag-lenslere","tag-tercih","tag-yaz"],"jetpack_publicize_connections":[],"jetpack_featured_media_url":"https:\/\/i0.wp.com\/www.tvturk.com\/wp-content\/uploads\/2019\/07\/yaz-aylarinda-tercih-edilen-gozlukler-ve-lenslere-dikkat_ef7311b.jpg?fit=1000%2C632","jetpack_sharing_enabled":true,"jetpack_shortlink":"https:\/\/wp.me\/paKIfm-MUO","_links":{"self":[{"href":"http:\/\/www.tvturk.com\/index.php\/wp-json\/wp\/v2\/posts\/188034","targetHints":{"allow":["GET"]}}],"collection":[{"href":"http:\/\/www.tvturk.com\/index.php\/wp-json\/wp\/v2\/posts"}],"about":[{"href":"http:\/\/www.tvturk.com\/index.php\/wp-json\/wp\/v2\/types\/post"}],"author":[{"embeddable":true,"href":"http:\/\/www.tvturk.com\/index.php\/wp-json\/wp\/v2\/users\/1"}],"replies":[{"embeddable":true,"href":"http:\/\/www.tvturk.com\/index.php\/wp-json\/wp\/v2\/comments?post=188034"}],"version-history":[{"count":0,"href":"http:\/\/www.tvturk.com\/index.php\/wp-json\/wp\/v2\/posts\/188034\/revisions"}],"wp:featuredmedia":[{"embeddable":true,"href":"http:\/\/www.tvturk.com\/index.php\/wp-json\/wp\/v2\/media\/188035"}],"wp:attachment":[{"href":"http:\/\/www.tvturk.com\/index.php\/wp-json\/wp\/v2\/media?parent=188034"}],"wp:term":[{"taxonomy":"category","embeddable":true,"href":"http:\/\/www.tvturk.com\/index.php\/wp-json\/wp\/v2\/categories?post=188034"},{"taxonomy":"post_tag","embeddable":true,"href":"http:\/\/www.tvturk.com\/index.php\/wp-json\/wp\/v2\/tags?post=188034"}],"curies":[{"name":"wp","href":"https:\/\/api.w.org\/{rel}","templated":true}]}}