{"id":188048,"date":"2019-07-30T13:16:42","date_gmt":"2019-07-30T10:16:42","guid":{"rendered":"http:\/\/www.tvturk.com\/index.php\/kurban-bicaklari-bilenmeye-basladi\/"},"modified":"2019-07-30T13:16:42","modified_gmt":"2019-07-30T10:16:42","slug":"kurban-bicaklari-bilenmeye-basladi","status":"publish","type":"post","link":"http:\/\/www.tvturk.com\/index.php\/kurban-bicaklari-bilenmeye-basladi\/","title":{"rendered":"Kurban b\u0131\u00e7aklar\u0131 bilenmeye ba\u015flad\u0131"},"content":{"rendered":"<p>Ni\u011fde\u2019de y\u0131llard\u0131r kurban bayram\u0131 \u00f6ncesi b\u0131\u00e7ak bileyen Asaf Y\u00fcksel bu sene i\u015flerin az oldu\u011funu s\u00f6yledi.<\/p>\n<p>Ge\u00e7en y\u0131l Kurban Bayram\u0131na 2 hafta kala i\u015flerin artt\u0131\u011f\u0131n\u0131 bu sene ise pek m\u00fc\u015fteri gelmedi\u011fini ifade eden Y\u00fcksel: \u201cKurban bayram\u0131na k\u0131sa bir s\u00fcre kald\u0131. Bizim i\u015fler ge\u00e7en seneye g\u00f6re azald\u0131. Gecen sene bu zamanlar g\u00fcnde 50 ila 100 b\u0131\u00e7ak geliyordu , \u015fimdi ise 10 ila 20 aras\u0131 geliyor. Haftaya i\u015flerin artmas\u0131n\u0131 umut ediyoruz\u201d dedi.<\/p>\n<p>Pa\u015fa Cami yan\u0131nda B\u0131\u00e7ak Bileyen Asaf Y\u00fcksel, b\u0131\u00e7aklar\u0131 3 liradan, sat\u0131rlar\u0131 ise 5 liradan bilediklerini belirterek: \u201cVatanda\u015flar\u0131n b\u0131\u00e7aklar\u0131n\u0131 keskinle\u015ftirerek bayrama haz\u0131r hale getiriyoruz. Bileyleme \u00f6zenle yap\u0131lmal\u0131d\u0131r. B\u0131\u00e7ak keskin olmad\u0131r ki kurbana eziyet olmas\u0131n\u201d<\/p>\n<p>Piyasada orijinal g\u00f6r\u00fcn\u00fcml\u00fc sahte b\u0131\u00e7aklar sat\u0131ld\u0131\u011f\u0131n\u0131 ifade eden Y\u00fcksel: \u201cVatanda\u015flar\u0131n kurban b\u0131\u00e7a\u011f\u0131 al\u0131rken bu konuya dikkat etsin. G\u00fcvendikleri yerlerden b\u0131\u00e7ak als\u0131nlar. Her b\u0131\u00e7ak orijinal de\u011fildir. Doland\u0131r\u0131c\u0131lar\u0131n a\u011f\u0131na d\u00fc\u015fmesinler\u201d diye konu\u015ftu.<\/p>\n","protected":false},"excerpt":{"rendered":"<p>N\u0130\u011eDE\u2019DE YILLARDIR KURBAN BAYRAMI \u00d6NCES\u0130 BI\u00c7AK B\u0130LEYEN ASAF Y\u00dcKSEL, BU SENE \u0130\u015eLER\u0130N AZ OLDU\u011eUNU S\u00d6YLED\u0130.<\/p>\n","protected":false},"author":1,"featured_media":188049,"comment_status":"closed","ping_status":"open","sticky":false,"template":"","format":"standard","meta":{"jetpack_post_was_ever_published":false,"_jetpack_newsletter_access":"","_jetpack_dont_email_post_to_subs":false,"_jetpack_newsletter_tier_id":0,"_jetpack_memberships_contains_paywalled_content":false,"_jetpack_memberships_contains_paid_content":false,"footnotes":"","jetpack_publicize_message":"","jetpack_publicize_feature_enabled":true,"jetpack_social_post_already_shared":true,"jetpack_social_options":{"image_generator_settings":{"template":"highway","default_image_id":0,"font":"","enabled":false},"version":2}},"categories":[1],"tags":[55,46830,46829,20956],"class_list":["post-188048","post","type-post","status-publish","format-standard","has-post-thumbnail","hentry","category-genel","tag-basladi","tag-bilenmeye","tag-bicaklari","tag-kurban"],"jetpack_publicize_connections":[],"jetpack_featured_media_url":"https:\/\/i0.wp.com\/www.tvturk.com\/wp-content\/uploads\/2019\/07\/kurban-bicaklari-bilenmeye-basladi_5079354.jpg?fit=1000%2C666","jetpack_sharing_enabled":true,"jetpack_shortlink":"https:\/\/wp.me\/paKIfm-MV2","_links":{"self":[{"href":"http:\/\/www.tvturk.com\/index.php\/wp-json\/wp\/v2\/posts\/188048","targetHints":{"allow":["GET"]}}],"collection":[{"href":"http:\/\/www.tvturk.com\/index.php\/wp-json\/wp\/v2\/posts"}],"about":[{"href":"http:\/\/www.tvturk.com\/index.php\/wp-json\/wp\/v2\/types\/post"}],"author":[{"embeddable":true,"href":"http:\/\/www.tvturk.com\/index.php\/wp-json\/wp\/v2\/users\/1"}],"replies":[{"embeddable":true,"href":"http:\/\/www.tvturk.com\/index.php\/wp-json\/wp\/v2\/comments?post=188048"}],"version-history":[{"count":0,"href":"http:\/\/www.tvturk.com\/index.php\/wp-json\/wp\/v2\/posts\/188048\/revisions"}],"wp:featuredmedia":[{"embeddable":true,"href":"http:\/\/www.tvturk.com\/index.php\/wp-json\/wp\/v2\/media\/188049"}],"wp:attachment":[{"href":"http:\/\/www.tvturk.com\/index.php\/wp-json\/wp\/v2\/media?parent=188048"}],"wp:term":[{"taxonomy":"category","embeddable":true,"href":"http:\/\/www.tvturk.com\/index.php\/wp-json\/wp\/v2\/categories?post=188048"},{"taxonomy":"post_tag","embeddable":true,"href":"http:\/\/www.tvturk.com\/index.php\/wp-json\/wp\/v2\/tags?post=188048"}],"curies":[{"name":"wp","href":"https:\/\/api.w.org\/{rel}","templated":true}]}}