{"id":188054,"date":"2019-07-30T13:31:28","date_gmt":"2019-07-30T10:31:28","guid":{"rendered":"http:\/\/www.tvturk.com\/index.php\/israil-ordusu-4-yasindaki-filistinli-cocugu-sorguya-cagirdi\/"},"modified":"2019-07-30T13:31:28","modified_gmt":"2019-07-30T10:31:28","slug":"israil-ordusu-4-yasindaki-filistinli-cocugu-sorguya-cagirdi","status":"publish","type":"post","link":"http:\/\/www.tvturk.com\/index.php\/israil-ordusu-4-yasindaki-filistinli-cocugu-sorguya-cagirdi\/","title":{"rendered":"\u0130srail ordusu 4 ya\u015f\u0131ndaki Filistinli \u00e7ocu\u011fu sorguya \u00e7a\u011f\u0131rd\u0131"},"content":{"rendered":"<p>\u0130srail ordusu, 4 ya\u015f\u0131ndaki Filistinli Muhammed Rabi\u2019yi askeri arac\u0131 ta\u015flad\u0131\u011f\u0131 gerek\u00e7esiyle sorguya \u00e7a\u011f\u0131rd\u0131.<\/p>\n<p>\u0130srail ordusu, bask\u0131n yapan askeri araca ta\u015f att\u0131\u011f\u0131 gerek\u00e7esiyle Kud\u00fcs\u2019\u00fcn \u0130saviya beldesinde 4 ya\u015f\u0131ndaki Muhammed Rabi\u2019yi sorgulamak i\u00e7in \u00e7ocu\u011fu ve ailesini karakola \u00e7a\u011f\u0131rd\u0131. Filistinli Muhammed Rabi sabah saatlerinde ailesi ile birlikte Kud\u00fcs\u2019te bulunan karakola gitti. Rabi\u2019nin sorgusunun devam etti\u011fi \u00f6\u011frenildi.<\/p>\n<p>Filistin Esirler Heyeti Ba\u015fkan\u0131 Kadri Ebu Bekr, \u0130srail\u2019in \u00e7ocuklara kar\u015f\u0131 ger\u00e7ekle\u015ftirdi\u011fi eylemleri k\u0131nayarak, \u201c\u0130srail ordusu \u00e7ocuklara y\u00f6nelik a\u00e7\u0131k ve net su\u00e7 i\u015fliyor. Filistinli \u00e7ocuklar tehlikeyle kar\u015f\u0131 kar\u015f\u0131ya\u201d ifadelerini kulland\u0131.<\/p>\n<p>\u0130srail\u2019de ge\u00e7ti\u011fimiz 3 y\u0131l i\u00e7inde yakla\u015f\u0131k 20 \u00e7ocuk hapis cezas\u0131na \u00e7arpt\u0131r\u0131ld\u0131.<\/p>\n","protected":false},"excerpt":{"rendered":"<p>\u0130SRA\u0130L ORDUSU, 4 YA\u015eINDAK\u0130 F\u0130L\u0130ST\u0130NL\u0130 MUHAMMED RAB\u0130\u2019Y\u0130 ASKER\u0130 ARACI TA\u015eLADI\u011eI GEREK\u00c7ES\u0130YLE SORGUYA \u00c7A\u011eIRDI.<\/p>\n","protected":false},"author":1,"featured_media":188055,"comment_status":"closed","ping_status":"open","sticky":false,"template":"","format":"standard","meta":{"jetpack_post_was_ever_published":false,"_jetpack_newsletter_access":"","_jetpack_dont_email_post_to_subs":false,"_jetpack_newsletter_tier_id":0,"_jetpack_memberships_contains_paywalled_content":false,"_jetpack_memberships_contains_paid_content":false,"footnotes":"","jetpack_publicize_message":"","jetpack_publicize_feature_enabled":true,"jetpack_social_post_already_shared":true,"jetpack_social_options":{"image_generator_settings":{"template":"highway","default_image_id":0,"font":"","enabled":false},"version":2}},"categories":[10],"tags":[19532,3647,17996,8494,15004,46831,1063],"class_list":["post-188054","post","type-post","status-publish","format-standard","has-post-thumbnail","hentry","category-dunya","tag-cagirdi","tag-cocugu","tag-filistinli","tag-israil","tag-ordusu","tag-sorguya","tag-yasindaki"],"jetpack_publicize_connections":[],"jetpack_featured_media_url":"https:\/\/i0.wp.com\/www.tvturk.com\/wp-content\/uploads\/2019\/07\/israil-ordusu-4-yasindaki-filistinli-cocugu-sorguya-cagirdi_e2590b6.jpg?fit=680%2C510","jetpack_sharing_enabled":true,"jetpack_shortlink":"https:\/\/wp.me\/paKIfm-MV8","_links":{"self":[{"href":"http:\/\/www.tvturk.com\/index.php\/wp-json\/wp\/v2\/posts\/188054","targetHints":{"allow":["GET"]}}],"collection":[{"href":"http:\/\/www.tvturk.com\/index.php\/wp-json\/wp\/v2\/posts"}],"about":[{"href":"http:\/\/www.tvturk.com\/index.php\/wp-json\/wp\/v2\/types\/post"}],"author":[{"embeddable":true,"href":"http:\/\/www.tvturk.com\/index.php\/wp-json\/wp\/v2\/users\/1"}],"replies":[{"embeddable":true,"href":"http:\/\/www.tvturk.com\/index.php\/wp-json\/wp\/v2\/comments?post=188054"}],"version-history":[{"count":0,"href":"http:\/\/www.tvturk.com\/index.php\/wp-json\/wp\/v2\/posts\/188054\/revisions"}],"wp:featuredmedia":[{"embeddable":true,"href":"http:\/\/www.tvturk.com\/index.php\/wp-json\/wp\/v2\/media\/188055"}],"wp:attachment":[{"href":"http:\/\/www.tvturk.com\/index.php\/wp-json\/wp\/v2\/media?parent=188054"}],"wp:term":[{"taxonomy":"category","embeddable":true,"href":"http:\/\/www.tvturk.com\/index.php\/wp-json\/wp\/v2\/categories?post=188054"},{"taxonomy":"post_tag","embeddable":true,"href":"http:\/\/www.tvturk.com\/index.php\/wp-json\/wp\/v2\/tags?post=188054"}],"curies":[{"name":"wp","href":"https:\/\/api.w.org\/{rel}","templated":true}]}}