{"id":188104,"date":"2019-07-30T14:46:12","date_gmt":"2019-07-30T11:46:12","guid":{"rendered":"http:\/\/www.tvturk.com\/index.php\/abd-cin-ticaret-gorusmeleri-iki-ay-sonra-yeniden-basliyor\/"},"modified":"2019-07-30T14:46:12","modified_gmt":"2019-07-30T11:46:12","slug":"abd-cin-ticaret-gorusmeleri-iki-ay-sonra-yeniden-basliyor","status":"publish","type":"post","link":"http:\/\/www.tvturk.com\/index.php\/abd-cin-ticaret-gorusmeleri-iki-ay-sonra-yeniden-basliyor\/","title":{"rendered":"ABD &#8211; \u00c7in ticaret g\u00f6r\u00fc\u015fmeleri iki ay sonra yeniden ba\u015fl\u0131yor"},"content":{"rendered":"<p>ABD ile \u00c7in aras\u0131nda g\u00fcmr\u00fck vergisi sava\u015f\u0131n\u0131 bitirmek \u00fczere iki ay \u00f6nce ba\u015flayan ancak durdurulan g\u00f6r\u00fc\u015fmeler, \u00c7in teknoloji devi Huawei\u2019nin de dahil olmas\u0131yla bug\u00fcn yeniden ba\u015flad\u0131.<\/p>\n<p>ABD Ba\u015fkan\u0131 Donald Trump ile \u00c7in Devlet Ba\u015fkan\u0131 \u015ei Cimping\u2019in haziran ay\u0131nda iki \u00fclke aras\u0131nda s\u00fcregelen g\u00fcmr\u00fck vergisi anla\u015fmazl\u0131klar\u0131n\u0131 bir sonuca ba\u011flama iste\u011fine ra\u011fmen iki \u00fclke aras\u0131ndaki s\u00f6zl\u00fc at\u0131\u015fmalar\u0131n s\u00fcrd\u00fc\u011f\u00fc kaydedildi.<\/p>\n<p>Trump Cuma g\u00fcn\u00fc g\u00f6r\u00fc\u015fmeler konusunda, \u201cBir anla\u015fmaya var\u0131p varmayacaklar\u0131n\u0131 bilmiyorum. Belki de bir anla\u015fmaya varabilirler. Belki anla\u015fmaya varabilirler. \u00d6nemsemiyorum\u201d diyerek, ABD\u2019nin \u00c7in mallar\u0131na uygulad\u0131\u011f\u0131 y\u00fcksek tariflerle onlarca milyar dolar kazand\u0131\u011f\u0131n\u0131 tekrarlad\u0131.<\/p>\n<p>ABD Hazine Bakan\u0131 Steven Mnuchin ve Ticaret Temsilcisi Robert Lighthizer\u2019\u0131n bug\u00fcn \u00c7in Ekonomi \u00c7ar\u0131 Ba\u015fkan Yard\u0131mc\u0131s\u0131 Liu He\u2019nun ba\u015fkanl\u0131\u011f\u0131n\u0131 yapt\u0131\u011f\u0131 \u00c7in delegesiyle g\u00f6r\u00fc\u015fmesi bekleniyor.<\/p>\n<p>\u00c7in liderleri, ABD\u2019nin robot, yapay zeka ve di\u011fer teknolojilerde sanayi liderlerinin devlet destekli geli\u015fmesi plan\u0131n\u0131 geri \u00e7ekmesi bask\u0131s\u0131na direniyor. Washington, bu \u00e7abalar\u0131n yabanc\u0131 firmalardan teknoloji \u00e7almaya veya teknoloji vermeleri i\u00e7in onlara bask\u0131 yapmaya dayanmas\u0131ndan \u015fikayet ediyor. Baz\u0131 Amerikal\u0131 yetkililerin, ABD\u2019nin bu konudaki liderli\u011fini elinden ka\u00e7\u0131rma kayg\u0131s\u0131 ta\u015f\u0131d\u0131\u011f\u0131 belirtiliyor.<\/p>\n<p>Ekonomistler her iki taraf\u0131n da b\u00fcy\u00fck g\u00f6r\u00fc\u015f ayr\u0131l\u0131\u011f\u0131 bulundu\u011funu, bir anla\u015fmaya varman\u0131n kolay olmayaca\u011f\u0131na vurgu yap\u0131yor.<\/p>\n<p>May\u0131s ay\u0131nda ticari anla\u015fmazl\u0131klar konusundaki g\u00f6r\u00fc\u015fmelerin kesilmesinden sonra Trump y\u00f6netimi ABD\u2019nin teknoloji devlerinin, \u00c7in\u2019in yaz\u0131l\u0131m alan\u0131n\u0131n en b\u00fcy\u00fck oyunculardan biri ve ak\u0131ll\u0131 telefon alan\u0131nda 2 numaral\u0131 \u00fcretici olan Huawei\u2019ye, siber casusluk yapma iddias\u0131yla milli g\u00fcvenli\u011fe tehdit olu\u015fturdu\u011fu i\u00e7in teknoloji sat\u0131\u015flar\u0131na yasak getirmi\u015fti. \u00c7in de bu karara ka\u015f\u0131, ABD\u2019nin g\u00fcvenilmeyen firmalar\u0131n\u0131n bir listesini yap\u0131p misilleme uygulayaca\u011f\u0131n\u0131 s\u00f6yledi. Ancak hen\u00fcz b\u00f6yle bir liste a\u00e7\u0131klanmad\u0131.<\/p>\n<p>G\u00f6r\u00fc\u015fmelerin ba\u015flamas\u0131ndan bir g\u00fcn \u00f6nce \u00c7in h\u00fck\u00fcmeti, Washington\u2019u k\u00fcstahl\u0131k ve bencillikle su\u00e7lad\u0131.<\/p>\n","protected":false},"excerpt":{"rendered":"<p>ABD \u00c7\u0130N T\u0130CARET G\u00d6R\u00dc\u015eMELER\u0130 KES\u0130LD\u0130KTEN \u0130K\u0130 AY SONRA YEN\u0130DEN BA\u015eLIYOR.<\/p>\n","protected":false},"author":1,"featured_media":188105,"comment_status":"closed","ping_status":"open","sticky":false,"template":"","format":"standard","meta":{"jetpack_post_was_ever_published":false,"_jetpack_newsletter_access":"","_jetpack_dont_email_post_to_subs":false,"_jetpack_newsletter_tier_id":0,"_jetpack_memberships_contains_paywalled_content":false,"_jetpack_memberships_contains_paid_content":false,"footnotes":"","jetpack_publicize_message":"","jetpack_publicize_feature_enabled":true,"jetpack_social_post_already_shared":true,"jetpack_social_options":{"image_generator_settings":{"template":"highway","default_image_id":0,"font":"","enabled":false},"version":2}},"categories":[10],"tags":[1936,1647,4733,2781,1220,2022,373,720],"class_list":["post-188104","post","type-post","status-publish","format-standard","has-post-thumbnail","hentry","category-dunya","tag-abd","tag-basliyor","tag-cin","tag-gorusmeleri","tag-iki","tag-sonra","tag-ticaret","tag-yeniden"],"jetpack_publicize_connections":[],"jetpack_featured_media_url":"https:\/\/i0.wp.com\/www.tvturk.com\/wp-content\/uploads\/2019\/07\/abd-cin-ticaret-gorusmeleri-iki-ay-sonra-yeniden-basliyor_2338b2b.jpg?fit=1000%2C666","jetpack_sharing_enabled":true,"jetpack_shortlink":"https:\/\/wp.me\/paKIfm-MVW","_links":{"self":[{"href":"http:\/\/www.tvturk.com\/index.php\/wp-json\/wp\/v2\/posts\/188104","targetHints":{"allow":["GET"]}}],"collection":[{"href":"http:\/\/www.tvturk.com\/index.php\/wp-json\/wp\/v2\/posts"}],"about":[{"href":"http:\/\/www.tvturk.com\/index.php\/wp-json\/wp\/v2\/types\/post"}],"author":[{"embeddable":true,"href":"http:\/\/www.tvturk.com\/index.php\/wp-json\/wp\/v2\/users\/1"}],"replies":[{"embeddable":true,"href":"http:\/\/www.tvturk.com\/index.php\/wp-json\/wp\/v2\/comments?post=188104"}],"version-history":[{"count":0,"href":"http:\/\/www.tvturk.com\/index.php\/wp-json\/wp\/v2\/posts\/188104\/revisions"}],"wp:featuredmedia":[{"embeddable":true,"href":"http:\/\/www.tvturk.com\/index.php\/wp-json\/wp\/v2\/media\/188105"}],"wp:attachment":[{"href":"http:\/\/www.tvturk.com\/index.php\/wp-json\/wp\/v2\/media?parent=188104"}],"wp:term":[{"taxonomy":"category","embeddable":true,"href":"http:\/\/www.tvturk.com\/index.php\/wp-json\/wp\/v2\/categories?post=188104"},{"taxonomy":"post_tag","embeddable":true,"href":"http:\/\/www.tvturk.com\/index.php\/wp-json\/wp\/v2\/tags?post=188104"}],"curies":[{"name":"wp","href":"https:\/\/api.w.org\/{rel}","templated":true}]}}