{"id":188124,"date":"2019-07-30T15:02:34","date_gmt":"2019-07-30T12:02:34","guid":{"rendered":"http:\/\/www.tvturk.com\/index.php\/yigidolarin-hollanda-kampi-sona-erdi\/"},"modified":"2019-07-30T15:02:34","modified_gmt":"2019-07-30T12:02:34","slug":"yigidolarin-hollanda-kampi-sona-erdi","status":"publish","type":"post","link":"http:\/\/www.tvturk.com\/index.php\/yigidolarin-hollanda-kampi-sona-erdi\/","title":{"rendered":"Yi\u011fidolar\u2019\u0131n Hollanda kamp\u0131 sona erdi"},"content":{"rendered":"<p>Demir Grup Sivasspor\u2019un Hollanda\u2019daki ikinci etap kamp \u00e7al\u0131\u015fmalar\u0131 sona erdi.<\/p>\n<p>S\u00fcper Lig 2019-2020 sezonunun birinci etap kamp \u00e7al\u0131\u015fmalar\u0131na 5 Temmuz\u2019da Bolu\u2019nun Gerede il\u00e7esinde ba\u015flayan Demir Grup Sivasspor, 14 g\u00fcnl\u00fck kamp\u0131n ard\u0131ndan 22 Temmuz\u2019da ikinci etap i\u00e7in Hollanda\u2019ya giderek \u00e7al\u0131\u015fmalar\u0131na ba\u015flad\u0131.<\/p>\n<p>9 g\u00fcn s\u00fcren kampta 2 haz\u0131rl\u0131k ma\u00e7\u0131 yapan k\u0131rm\u0131z\u0131-beyazl\u0131lar; Hollanda temsilcileri Vitesse ve Ajax ile 1-1 berabere kald\u0131.<\/p>\n<p>Bug\u00fcn \u00f6\u011flen saatlerinde kamptaki son antrenman\u0131n\u0131 yapan Demir Grup Sivasspor, yar\u0131n sabah D\u00fcsseldorf Havaliman\u0131\u2019ndan yurda d\u00f6n\u00fc\u015f yapacak.<\/p>\n<p>Teknik Direkt\u00f6r R\u0131za \u00c7al\u0131mbay taraf\u0131ndan tak\u0131ma 4 g\u00fcn izin verildi. Demir Grup Sivasspor 4 A\u011fustos Pazar g\u00fcn\u00fc Vali L\u00fctfullah Bilgin Sivasspor Tesisleri\u2019nde toplanacak ve saat 19.00\u2019da yapaca\u011f\u0131 antrenmanla ligin ilk haftas\u0131nda Be\u015fikta\u015f ile oynanaca\u011f\u0131 ma\u00e7\u0131n haz\u0131rl\u0131klar\u0131na ba\u015flayacak.<\/p>\n","protected":false},"excerpt":{"rendered":"<p>YEN\u0130 SEZONA HOLLANDA\u2019DA HAZIRLANAN DEM\u0130R GRUP S\u0130VASSPOR, \u0130K\u0130NC\u0130 ETAP KAMP \u00c7ALI\u015eMALARINI TAMAMLADI.<\/p>\n","protected":false},"author":1,"featured_media":188125,"comment_status":"closed","ping_status":"open","sticky":false,"template":"","format":"standard","meta":{"jetpack_post_was_ever_published":false,"_jetpack_newsletter_access":"","_jetpack_dont_email_post_to_subs":false,"_jetpack_newsletter_tier_id":0,"_jetpack_memberships_contains_paywalled_content":false,"_jetpack_memberships_contains_paid_content":false,"footnotes":"","jetpack_publicize_message":"","jetpack_publicize_feature_enabled":true,"jetpack_social_post_already_shared":true,"jetpack_social_options":{"image_generator_settings":{"template":"highway","default_image_id":0,"font":"","enabled":false},"version":2}},"categories":[657],"tags":[793,6328,6656,792,46851],"class_list":["post-188124","post","type-post","status-publish","format-standard","has-post-thumbnail","hentry","category-spor","tag-erdi","tag-hollanda","tag-kampi","tag-sona","tag-yigidolarin"],"jetpack_publicize_connections":[],"jetpack_featured_media_url":"https:\/\/i0.wp.com\/www.tvturk.com\/wp-content\/uploads\/2019\/07\/yigidolarin-hollanda-kampi-sona-erdi_e86157b.jpg?fit=1000%2C837","jetpack_sharing_enabled":true,"jetpack_shortlink":"https:\/\/wp.me\/paKIfm-MWg","_links":{"self":[{"href":"http:\/\/www.tvturk.com\/index.php\/wp-json\/wp\/v2\/posts\/188124","targetHints":{"allow":["GET"]}}],"collection":[{"href":"http:\/\/www.tvturk.com\/index.php\/wp-json\/wp\/v2\/posts"}],"about":[{"href":"http:\/\/www.tvturk.com\/index.php\/wp-json\/wp\/v2\/types\/post"}],"author":[{"embeddable":true,"href":"http:\/\/www.tvturk.com\/index.php\/wp-json\/wp\/v2\/users\/1"}],"replies":[{"embeddable":true,"href":"http:\/\/www.tvturk.com\/index.php\/wp-json\/wp\/v2\/comments?post=188124"}],"version-history":[{"count":0,"href":"http:\/\/www.tvturk.com\/index.php\/wp-json\/wp\/v2\/posts\/188124\/revisions"}],"wp:featuredmedia":[{"embeddable":true,"href":"http:\/\/www.tvturk.com\/index.php\/wp-json\/wp\/v2\/media\/188125"}],"wp:attachment":[{"href":"http:\/\/www.tvturk.com\/index.php\/wp-json\/wp\/v2\/media?parent=188124"}],"wp:term":[{"taxonomy":"category","embeddable":true,"href":"http:\/\/www.tvturk.com\/index.php\/wp-json\/wp\/v2\/categories?post=188124"},{"taxonomy":"post_tag","embeddable":true,"href":"http:\/\/www.tvturk.com\/index.php\/wp-json\/wp\/v2\/tags?post=188124"}],"curies":[{"name":"wp","href":"https:\/\/api.w.org\/{rel}","templated":true}]}}