{"id":188136,"date":"2019-07-30T15:31:52","date_gmt":"2019-07-30T12:31:52","guid":{"rendered":"http:\/\/www.tvturk.com\/index.php\/jennifer-lopez-90-kisilik-ekip-ve-10-tirla-antalyaya-geliyor\/"},"modified":"2019-07-30T15:31:52","modified_gmt":"2019-07-30T12:31:52","slug":"jennifer-lopez-90-kisilik-ekip-ve-10-tirla-antalyaya-geliyor","status":"publish","type":"post","link":"http:\/\/www.tvturk.com\/index.php\/jennifer-lopez-90-kisilik-ekip-ve-10-tirla-antalyaya-geliyor\/","title":{"rendered":"Jennifer Lopez 90 ki\u015filik ekip ve 10 t\u0131rla Antalya\u2019ya geliyor"},"content":{"rendered":"<p>D\u00fcnyaca \u00fcnl\u00fc \u015fark\u0131c\u0131 Jennifer Lopez, &#8220;It\u2019s My Party&#8221; turnesi kapsam\u0131nda 6 A\u011fustos\u2019ta Antalya\u2019da konser verecek. Regnum Carya Otel\u2019de ger\u00e7ekle\u015fecek konsere jlo 90 ki\u015filik ekibi ve 10 t\u0131r dolusu malzeme ile gelecek. Regnum ekibi Cumhurba\u015fkan\u0131 Erdo\u011fan\u2019\u0131n da kald\u0131\u011f\u0131 kur\u015fun ge\u00e7irmez villay\u0131 jlo i\u00e7in haz\u0131rl\u0131yor. Villada jlonun \u00e7ocuklar\u0131 i\u00e7in \u00e7ocuk kul\u00fcb\u00fc d\u00fczenlenecek.<\/p>\n<p>D\u00fcnyaca \u00fcnl\u00fc ABD\u2019li \u015fark\u0131c\u0131 Jeniffer Lopez, It\u2019s My Party turnesi kapsam\u0131nda 6 A\u011fustos\u2019ta Antalya\u2019da konser verecek. \u015eark\u0131c\u0131 jlo\u2019nun Belek\u2019teki Regnum Carya Otel\u2019de 2 saat sahne vermesi bekleniyor. Konserin biletleri 7 bin TL ile locadan izlemek isteyenler i\u00e7in 50 bin Euro\u2019ya kadar \u00e7\u0131k\u0131yor. O d\u00f6nemde otelde minimum 7 g\u00fcn konaklayan misafirler de konseri izleyebilecek. Konsere Hadise ve Demet Akal\u0131n gibi T\u00fcrk \u015fark\u0131c\u0131lar\u0131n da gelmesi bekleniyor. Regnum Carya Otel\u2019i konser haz\u0131rl\u0131klar\u0131, sahne ve kulisin son hali ve jlo\u2019nun ailesiyle birlikte kalaca\u011f\u0131 Crown Villan\u0131n kap\u0131lar\u0131n\u0131 \u0130hlas Haber Ajans\u0131\u2019na a\u00e7t\u0131.<\/p>\n<p>&#8220;\u00d6nc\u00fc bir ekip gelerek sahneyi g\u00f6rd\u00fc&#8221;<\/p>\n<p>Regnum Carya Y\u00f6netim Kurulu \u00dcyesi Deniz \u00dcstertuna haz\u0131rl\u0131klar\u0131n \u00e7ok g\u00fczel gitti\u011fini ve \u00e7ok heyecanl\u0131 olduklar\u0131n\u0131 belirterek muhte\u015fem bir konser olaca\u011f\u0131n\u0131 dile getirdi. Daha \u00f6nce \u00e7ok say\u0131da konser yap\u0131ld\u0131\u011f\u0131n\u0131 hat\u0131rlatan \u00dcstertuna, \u00f6zellikle Lopez\u2019in di\u011fer isimler aras\u0131nda \u00f6ne \u00e7\u0131kaca\u011f\u0131n\u0131 s\u00f6yledi. Haz\u0131rl\u0131k s\u00fcrecinin yakla\u015f\u0131k bir y\u0131ld\u0131r devam etti\u011fini aktaran \u00dcstertuna, &#8220;Asl\u0131nda s\u00fcre\u00e7 hi\u00e7 kolay de\u011fil, Jennifer Lopez gibi bir sanat\u00e7\u0131y\u0131 T\u00fcrkiye\u2019ye getirebilmek, ikna edebilmek belli bir s\u00fcre al\u0131yor. \u00d6nceden \u00f6nc\u00fc bir ekip geldi tesisimizi g\u00f6r\u00fcp bizimle tan\u0131\u015ft\u0131lar, sahnemizi g\u00f6rd\u00fcler ve istedikleri gibi bir yer oldu\u011funu s\u00f6ylediler. Uzun bir s\u00fcre\u00e7 sonras\u0131 art\u0131k son d\u00f6nemece geldik, son detaylar\u0131 bitirip 6 A\u011fustos\u2019ta da \u00e7ok g\u00fczel, e\u011flenceli ve m\u00fcthi\u015f bir \u0131\u015f\u0131k ve ses g\u00f6sterisi ile bir konser bekliyoruz&#8221; \u015feklinde konu\u015ftu.<\/p>\n<p>Jlo\u2019nun villas\u0131na \u00e7ocuk kul\u00fcb\u00fc haz\u0131rlanacak<\/p>\n<p>\u00c7ocuklar\u0131yla birlikte gelecek olan jlo ve ekibini en iyi \u015fekilde a\u011f\u0131rlamaya hedeflediklerini belirten \u00dcstertuna, Lopez i\u00e7in, G20 Liderler Zirvesinde Cumhurba\u015fkan\u0131 Recep Tayyip Erdo\u011fan\u2019\u0131n da kald\u0131\u011f\u0131 kur\u015fun ge\u00e7irmez caml\u0131 Crown Villa haz\u0131rland\u0131\u011f\u0131n\u0131 belirterek, &#8220;\u00c7ocuklar\u0131 ile birlikte gelece\u011fi i\u00e7in \u00e7ocuklara y\u00f6nelik de ciddi haz\u0131rl\u0131\u011f\u0131m\u0131z var. Tesisimiz b\u00fcy\u00fck \u00e7ocuk kul\u00fcb\u00fc olan bir tesis, Tabiri caizse odas\u0131na yeni bir \u00e7ocuk kul\u00fcb\u00fc yap\u0131yoruz diyebiliriz&#8221; ifadelerinde bulundu.<\/p>\n<p>&#8220;Isparta\u2019dan beyaz g\u00fcl getirilecek&#8221;<\/p>\n<p>\u015eark\u0131c\u0131n\u0131n \u00f6zel istek ve talepleri de merak konusu. Genel olarak bak\u0131ld\u0131\u011f\u0131nda uzun bir liste ama m\u00fctevazi taleplerin oldu\u011funu dile getiren \u00dcstertuna, &#8220;Sanat\u00e7\u0131m\u0131z i\u00e7in \u00f6zel talepler geldi, \u00f6zellikle kremal\u0131 ve \u00e7ok ac\u0131l\u0131 yiyecekleri \u00e7ok sevmedi\u011fi gibi noktalar belirtildi. Bunu t\u00fcm mutfak ekibimizle payla\u015ft\u0131k ve haz\u0131rl\u0131klar\u0131m\u0131z\u0131 yapt\u0131k. T\u00fcrk mutfa\u011f\u0131n\u0131 da g\u00fczel \u00f6rnekleri ile tan\u0131taca\u011f\u0131m\u0131z bir arka plan haz\u0131rl\u0131\u011f\u0131m\u0131z var&#8221; diye konu\u015ftu.<\/p>\n<p>Jlo kulisi i\u00e7in de her zaman oldu\u011fu gibi beyaz rengi tercih etti. Kulis masa, sandalye ve t\u00fcm dekor e\u015fyalar\u0131yla tamamen beyaza b\u00fcr\u00fcnecek. \u00dcstertuna, &#8220;Ayr\u0131ca iki d\u00fczine tamamen beyaz g\u00fcl talebi var, g\u00fclleri Isparta\u2019dan getirmeyi d\u00fc\u015f\u00fcn\u00fcyoruz&#8221; dedi.<\/p>\n<p>&#8220;10 t\u0131r dolusu malzeme geliyor&#8221;<\/p>\n<p>Bu tarz b\u00fcy\u00fck isimlerin Antalya\u2019ya geliyor olmas\u0131n\u0131n Antalya\u2019n\u0131n destinasyon olarak \u00f6ne \u00e7\u0131kmas\u0131 a\u00e7\u0131s\u0131ndan \u00e7ok \u00f6nemli oldu\u011funu kaydeden \u00dcstertuna, &#8220;Jennifer Lopez 2 tane \u00f6zel b\u00fcy\u00fck u\u00e7akla 90 ki\u015filik ekip halinde geliyor. Bunun yan\u0131nda 10 t\u0131r malzeme geliyor. \u00c7ok ciddi bir operasyon, 7\u2019sinde de Antalya\u2019dan ayr\u0131l\u0131yor, program yo\u011fun fakat biz arada bu y\u0131l Aspendos y\u0131l\u0131, \u00f6zellikle Aspendos\u2019u g\u00f6stermek istiyoruz. Bunun teklifini de yapt\u0131k, umar\u0131m g\u00f6steririz bu vesile ile Antalya\u2019y\u0131 da gezdirmi\u015f oluruz&#8221; diye konu\u015ftu.<\/p>\n<p>\u00dcstertuna, Lopez\u2019in evlilik planlar\u0131 yapt\u0131\u011f\u0131 Alex Rodriguez ile balay\u0131n\u0131 Regnum\u2019da ge\u00e7irmeleri konusunda da bir teklifte bulunduklar\u0131n\u0131 ekledi. Jlo i\u00e7in otelde bir do\u011fum g\u00fcn\u00fc kutlamas\u0131 yap\u0131lmas\u0131 da planlan\u0131yor.<\/p>\n","protected":false},"excerpt":{"rendered":"<p>D\u00dcNYACA \u00dcNL\u00dc \u015eARKICI JENN\u0130FER LOPEZ &#8220;IT&#8217;S MY PARTY&#8221; TURNES\u0130 KAPSAMINDA 6 A\u011eUSTOS&#8217;TA ANTALYA&#8217;DA KONSER VERECEK. REGNUM CARYA OTEL&#8217;DE GER\u00c7EKLE\u015eECEK KONSERE JLO 90 K\u0130\u015e\u0130L\u0130K EK\u0130B\u0130 VE 10 TIR DOLUSU MALZEME \u0130LE GELECEK. REGNUM EK\u0130B\u0130 JLO&#8217;NUN \u00c7OCUKLARI \u0130\u00c7\u0130N \u00d6ZEL HAZIRLIKLAR YAPACAK.<\/p>\n","protected":false},"author":1,"featured_media":188137,"comment_status":"closed","ping_status":"open","sticky":false,"template":"","format":"standard","meta":{"jetpack_post_was_ever_published":false,"_jetpack_newsletter_access":"","_jetpack_dont_email_post_to_subs":false,"_jetpack_newsletter_tier_id":0,"_jetpack_memberships_contains_paywalled_content":false,"_jetpack_memberships_contains_paid_content":false,"footnotes":"","jetpack_publicize_message":"","jetpack_publicize_feature_enabled":true,"jetpack_social_post_already_shared":true,"jetpack_social_options":{"image_generator_settings":{"template":"highway","default_image_id":0,"font":"","enabled":false},"version":2}},"categories":[1],"tags":[10242,18772,3927,46859,566,46860,9743],"class_list":["post-188136","post","type-post","status-publish","format-standard","has-post-thumbnail","hentry","category-genel","tag-antalyaya","tag-ekip","tag-geliyor","tag-jennifer","tag-kisilik","tag-lopez","tag-tirla"],"jetpack_publicize_connections":[],"jetpack_featured_media_url":"https:\/\/i0.wp.com\/www.tvturk.com\/wp-content\/uploads\/2019\/07\/jennifer-lopez-90-kisilik-ekip-ve-10-tirla-antalyaya-geliyor_8cf32d5.jpg?fit=1000%2C666","jetpack_sharing_enabled":true,"jetpack_shortlink":"https:\/\/wp.me\/paKIfm-MWs","_links":{"self":[{"href":"http:\/\/www.tvturk.com\/index.php\/wp-json\/wp\/v2\/posts\/188136","targetHints":{"allow":["GET"]}}],"collection":[{"href":"http:\/\/www.tvturk.com\/index.php\/wp-json\/wp\/v2\/posts"}],"about":[{"href":"http:\/\/www.tvturk.com\/index.php\/wp-json\/wp\/v2\/types\/post"}],"author":[{"embeddable":true,"href":"http:\/\/www.tvturk.com\/index.php\/wp-json\/wp\/v2\/users\/1"}],"replies":[{"embeddable":true,"href":"http:\/\/www.tvturk.com\/index.php\/wp-json\/wp\/v2\/comments?post=188136"}],"version-history":[{"count":0,"href":"http:\/\/www.tvturk.com\/index.php\/wp-json\/wp\/v2\/posts\/188136\/revisions"}],"wp:featuredmedia":[{"embeddable":true,"href":"http:\/\/www.tvturk.com\/index.php\/wp-json\/wp\/v2\/media\/188137"}],"wp:attachment":[{"href":"http:\/\/www.tvturk.com\/index.php\/wp-json\/wp\/v2\/media?parent=188136"}],"wp:term":[{"taxonomy":"category","embeddable":true,"href":"http:\/\/www.tvturk.com\/index.php\/wp-json\/wp\/v2\/categories?post=188136"},{"taxonomy":"post_tag","embeddable":true,"href":"http:\/\/www.tvturk.com\/index.php\/wp-json\/wp\/v2\/tags?post=188136"}],"curies":[{"name":"wp","href":"https:\/\/api.w.org\/{rel}","templated":true}]}}