{"id":188150,"date":"2019-07-30T15:47:24","date_gmt":"2019-07-30T12:47:24","guid":{"rendered":"http:\/\/www.tvturk.com\/index.php\/gumushanespor-fatih-akyelle-sozlesme-imzaladi\/"},"modified":"2019-07-30T15:47:24","modified_gmt":"2019-07-30T12:47:24","slug":"gumushanespor-fatih-akyelle-sozlesme-imzaladi","status":"publish","type":"post","link":"http:\/\/www.tvturk.com\/index.php\/gumushanespor-fatih-akyelle-sozlesme-imzaladi\/","title":{"rendered":"G\u00fcm\u00fc\u015fhanespor, Fatih Akyel\u2019le s\u00f6zle\u015fme imzalad\u0131"},"content":{"rendered":"<p>TFF 2. Lig Beyaz Grup\u2019ta m\u00fccadele edecek olan G\u00fcm\u00fc\u015fhanespor\u2019da yeni y\u00f6netimin belirlenmesinin ard\u0131ndan tak\u0131m\u0131n teknik direkt\u00f6rl\u00fc\u011f\u00fcne Fatih Akyel getirildi.<\/p>\n<p>Kul\u00fcb\u00fcn Tekke k\u00f6y\u00fcnde bulunan tesislerinde kendisini 2015-2016 sezonundan sonra yeniden k\u0131rm\u0131z\u0131-beyazl\u0131 renklere ba\u011flayan imzay\u0131 d\u00fczenlenen bas\u0131n toplant\u0131s\u0131yla atan Akyel, \u201cBuras\u0131 benim ilk g\u00f6z a\u011fr\u0131lar\u0131mdan. G\u00fcm\u00fc\u015fhane \u015fehrini, halk\u0131n\u0131, tak\u0131m\u0131n\u0131 seviyorum. Elimizden gelen her \u015feyi yapaca\u011f\u0131z\u201d dedi.<\/p>\n<p>\u201cHep beraber el birli\u011fiyle bu zorluklar\u0131n \u00fcstesinden gelece\u011fiz\u201d<\/p>\n<p>G\u00fcm\u00fc\u015fhane\u2019nin kendisinde yerinin \u00e7ok farkl\u0131 oldu\u011funu kaydeden Akyel, \u201cG\u00fcm\u00fc\u015fhane\u2019de olmak benim i\u00e7in \u00e7ok g\u00fczel. Ba\u015fkan\u0131m\u0131z ve y\u00f6netimine takdir haklar\u0131n\u0131 benden yana kulland\u0131klar\u0131 i\u00e7in te\u015fekk\u00fcr ediyorum. Ge\u00e7en geldi\u011fim d\u00f6nemde \u00e7ok iyi hizmetlerimin oldu\u011funu d\u00fc\u015f\u00fcn\u00fcyorum. G\u00fcm\u00fc\u015fhane\u2019nin yeri bende \u00e7ok farkl\u0131 ve \u00e7ok sevdi\u011fim bir yer. Halk\u0131n\u0131, tak\u0131m\u0131n\u0131 \u00e7ok seviyorum. \u00c7ok g\u00fczel \u015feyler ya\u015fad\u0131m ve ya\u015fatt\u0131m. Ba\u015far\u0131l\u0131 bir sezon ge\u00e7irmi\u015ftik. S\u00fcrprizlerle geldik oraya kadar ve g\u00fczel \u015feyler yapt\u0131k. \u0130n\u015fallah camiam\u0131zla, \u015fehrimizle el birli\u011fiyle g\u00fczel g\u00fcnler ya\u015famak istiyoruz. Zor bir s\u00fcre\u00e7 var. Ba\u015fkan\u0131m\u0131z elini de\u011fil, g\u00f6vdesini koydu ta\u015f\u0131n alt\u0131na. S\u0131k\u0131nt\u0131l\u0131 bir durumumuz var. \u00c7\u00f6z\u00fclmeyecek \u015feyler de\u011fil. Hep beraber el birli\u011fiyle bu zorluklar\u0131n \u00fcstesinden gelece\u011fiz. Bu sene ligin nabz\u0131n\u0131 tutup g\u00fczel \u015feyler yapmaya, zevk vermeye \u00e7al\u0131\u015faca\u011f\u0131z. \u0130kinci d\u00f6nemimiz burada. Tekrardan g\u00fczel \u015feyler ya\u015fayaca\u011f\u0131z in\u015fallah\u201d diye konu\u015ftu.<\/p>\n<p>\u201cHeyecan veren, g\u00f6ze ho\u015f gelen, ligin nabz\u0131n\u0131 tutan bir tak\u0131m olu\u015fturaca\u011f\u0131z\u201d<\/p>\n<p>\u201cBu y\u0131l nas\u0131l bir G\u00fcm\u00fc\u015fhanespor izleyece\u011fiz\u201d \u015feklindeki soruyu cevapland\u0131ran Akyel, \u201cBunu \u015fimdiden s\u00f6ylemek \u00e7ok zor. Kongre s\u00fcrecinden dolay\u0131 ge\u00e7 topland\u0131k. Biz oyuncular\u0131 toparlayabildi\u011fimizce toparlayaca\u011f\u0131z. Biraz zorlanaca\u011f\u0131z ama oyuncu yap\u0131s\u0131na g\u00f6re oyun sistemimizi haz\u0131rlayaca\u011f\u0131z. G\u00fczel bir tak\u0131m olu\u015fturmak istiyoruz. Heyecan veren, g\u00f6ze ho\u015f gelen, ligin nabz\u0131n\u0131 tutan bir tak\u0131m olu\u015fturaca\u011f\u0131z. Buras\u0131 benim ilk g\u00f6z a\u011fr\u0131lar\u0131mdan. G\u00fcm\u00fc\u015fhane \u015fehrini, halk\u0131n\u0131, tak\u0131m\u0131n\u0131 seviyorum. Elimizden gelen her\u015feyi yapaca\u011f\u0131z\u201d \u015feklinde konu\u015ftu.<\/p>\n<p>Durmu\u015f: \u201cG\u00fcm\u00fc\u015fhanespor\u2019a g\u00fczel hizmetleri bulunan Fatih Akyel\u2019le s\u00f6zle\u015fmemizi yapt\u0131k\u201d<\/p>\n<p>21 Temmuz tarihinde yap\u0131lan ola\u011fan\u00fcst\u00fc kongreyle kul\u00fcb\u00fcn yeni ba\u015fkanl\u0131\u011f\u0131na se\u00e7ilen Yunus Emre Durmu\u015f ise imza t\u00f6reninde yapt\u0131\u011f\u0131 konu\u015fmada, \u201cKongre s\u00fcreci \u00f6ncesinde yap\u0131lan ciddi \u00e7al\u0131\u015fmalar\u0131m\u0131z vard\u0131. Bu \u00e7al\u0131\u015fmalar\u0131m\u0131z\u0131 kongre s\u00fcrecinden sonra devreye sokarak belli bir a\u015famay\u0131 kat ettik. \u00d6ncelikli olarak ge\u00e7mi\u015fte G\u00fcm\u00fc\u015fhanespor\u2019a g\u00fczel hizmetleri bulunan Fatih Akyel\u2019le s\u00f6zle\u015fmemizi yapt\u0131k. Bu sezon g\u00fczel ve ba\u015far\u0131l\u0131 bir sezon ge\u00e7irmek i\u00e7in elimizden geleni yapaca\u011f\u0131z. Bu s\u00fcre\u00e7te Fatih hocam\u0131zla isti\u015fare ederek 29 futbolcu arkada\u015f\u0131m\u0131zla g\u00f6r\u00fc\u015fme sa\u011flad\u0131k. Bu arkada\u015flar\u0131m\u0131z\u0131n 15\u2019i s\u00f6zle\u015fme yapmak \u00fczere di\u011fer arkada\u015flar\u0131m\u0131z da denenmek amac\u0131yla tesislerimizde bulunuyor\u201d ifadelerini kulland\u0131.<\/p>\n<p>\u201cTransfer yasa\u011f\u0131n\u0131n bir hafta i\u00e7erisinde neticeye kavu\u015fmas\u0131n\u0131 umut ediyoruz\u201d<\/p>\n<p>G\u00fcm\u00fc\u015fhanespor\u2019un \u015fu anda \u00f6n\u00fcnde bir transfer yasa\u011f\u0131 sorunu oldu\u011funu ve bununla ilgili \u0130stanbul\u2019da y\u00f6neticilerden olu\u015fan bir komitenin \u00e7al\u0131\u015fma yapt\u0131\u011f\u0131n\u0131 kaydeden Ba\u015fkan Durmu\u015f, \u201cBir hafta i\u00e7erisinde neticeye kavu\u015fmas\u0131n\u0131 umut ediyoruz. Daha sonras\u0131nda da 7 A\u011fustos tarihinde Erzurum ya da K\u0131z\u0131lcahamam kamp\u0131nda olaca\u011f\u0131z. Bug\u00fcn itibariyle fikst\u00fcr\u00fcm\u00fcz de \u00e7ekildi. \u0130n\u015fallah g\u00fczel bir sezona Fatih hocam\u0131zla ba\u015flang\u0131\u00e7 yapt\u0131k. \u015eehrimizin de kenetlenip kanaat \u00f6nderlerimiz ba\u015fta olmak \u00fczere t\u00fcm hem\u015fehrilerimizin bu s\u0131k\u0131nt\u0131l\u0131 s\u00fcre\u00e7te vefa sezonu olarak adland\u0131rd\u0131\u011f\u0131m\u0131z bu sezonda bizlere destek vermelerini bekliyoruz\u201d \u015feklinde konu\u015ftu.<\/p>\n","protected":false},"excerpt":{"rendered":"<p>TFF 2.L\u0130G, BEYAZ GRUPTA M\u00dcCADELE EDECEK OLAN G\u00dcM\u00dc\u015eHANESPOR\u2019DA YEN\u0130 Y\u00d6NET\u0130M\u0130N BEL\u0130RLENMES\u0130N\u0130N ARDINDAN TAKIMIN TEKN\u0130K D\u0130REKT\u00d6RL\u00dc\u011e\u00dcNE FAT\u0130H AKYEL GET\u0130R\u0130LD\u0130.<\/p>\n","protected":false},"author":1,"featured_media":188151,"comment_status":"closed","ping_status":"open","sticky":false,"template":"","format":"standard","meta":{"jetpack_post_was_ever_published":false,"_jetpack_newsletter_access":"","_jetpack_dont_email_post_to_subs":false,"_jetpack_newsletter_tier_id":0,"_jetpack_memberships_contains_paywalled_content":false,"_jetpack_memberships_contains_paid_content":false,"footnotes":"","jetpack_publicize_message":"","jetpack_publicize_feature_enabled":true,"jetpack_social_post_already_shared":true,"jetpack_social_options":{"image_generator_settings":{"template":"highway","default_image_id":0,"font":"","enabled":false},"version":2}},"categories":[657],"tags":[46864,1517,14863,2317,4475],"class_list":["post-188150","post","type-post","status-publish","format-standard","has-post-thumbnail","hentry","category-spor","tag-akyelle","tag-fatih","tag-gumushanespor","tag-imzaladi","tag-sozlesme"],"jetpack_publicize_connections":[],"jetpack_featured_media_url":"https:\/\/i0.wp.com\/www.tvturk.com\/wp-content\/uploads\/2019\/07\/gumushanespor-fatih-akyelle-sozlesme-imzaladi_162b47c.jpg?fit=1000%2C666","jetpack_sharing_enabled":true,"jetpack_shortlink":"https:\/\/wp.me\/paKIfm-MWG","_links":{"self":[{"href":"http:\/\/www.tvturk.com\/index.php\/wp-json\/wp\/v2\/posts\/188150","targetHints":{"allow":["GET"]}}],"collection":[{"href":"http:\/\/www.tvturk.com\/index.php\/wp-json\/wp\/v2\/posts"}],"about":[{"href":"http:\/\/www.tvturk.com\/index.php\/wp-json\/wp\/v2\/types\/post"}],"author":[{"embeddable":true,"href":"http:\/\/www.tvturk.com\/index.php\/wp-json\/wp\/v2\/users\/1"}],"replies":[{"embeddable":true,"href":"http:\/\/www.tvturk.com\/index.php\/wp-json\/wp\/v2\/comments?post=188150"}],"version-history":[{"count":0,"href":"http:\/\/www.tvturk.com\/index.php\/wp-json\/wp\/v2\/posts\/188150\/revisions"}],"wp:featuredmedia":[{"embeddable":true,"href":"http:\/\/www.tvturk.com\/index.php\/wp-json\/wp\/v2\/media\/188151"}],"wp:attachment":[{"href":"http:\/\/www.tvturk.com\/index.php\/wp-json\/wp\/v2\/media?parent=188150"}],"wp:term":[{"taxonomy":"category","embeddable":true,"href":"http:\/\/www.tvturk.com\/index.php\/wp-json\/wp\/v2\/categories?post=188150"},{"taxonomy":"post_tag","embeddable":true,"href":"http:\/\/www.tvturk.com\/index.php\/wp-json\/wp\/v2\/tags?post=188150"}],"curies":[{"name":"wp","href":"https:\/\/api.w.org\/{rel}","templated":true}]}}