{"id":188182,"date":"2019-07-30T16:32:41","date_gmt":"2019-07-30T13:32:41","guid":{"rendered":"http:\/\/www.tvturk.com\/index.php\/sivas-belediyesporda-afyon-kampi-basladi\/"},"modified":"2019-07-30T16:32:41","modified_gmt":"2019-07-30T13:32:41","slug":"sivas-belediyesporda-afyon-kampi-basladi","status":"publish","type":"post","link":"http:\/\/www.tvturk.com\/index.php\/sivas-belediyesporda-afyon-kampi-basladi\/","title":{"rendered":"Sivas Belediyespor\u2019da Afyon kamp\u0131 ba\u015flad\u0131"},"content":{"rendered":"<p>TFF 2. Lig K\u0131rm\u0131z\u0131 Grup tak\u0131mlar\u0131ndan Sivas Belediyespor, 2019-2020 sezonu haz\u0131rl\u0131klar\u0131 kapsam\u0131nda 2. Etap Afyon kamp\u0131na start verdi.<\/p>\n<p>Yeni sezon haz\u0131rl\u0131klar\u0131na Afyon\u2019da ba\u015flayan Sivas temsilcisi, buradaki kamp\u0131 en iyi \u015fekilde de\u011ferlendirip lige iyi bir ba\u015flang\u0131\u00e7 yapmak istiyor. 9 A\u011fustos\u2019a kadar Afyon\u2019da \u00e7al\u0131\u015facak olan ye\u015fil-beyazl\u0131lar, Afyon kamp\u0131n\u0131n ard\u0131ndan Sivas\u2019a d\u00f6nerek haz\u0131rl\u0131klar\u0131na devam edecek.<\/p>\n<p>Altunsoy: \u201cYo\u011fun tempoda \u00e7al\u0131\u015faca\u011f\u0131z\u201d<\/p>\n<p>Afyon kamp\u0131nda a\u00e7\u0131klamada bulunan Sivas Belediyespor Teknik Direkt\u00f6r\u00fc Nam\u0131k Altunsoy, kampta yo\u011fun tempoda \u00e7al\u0131\u015facaklar\u0131n\u0131 ifade ederek, \u201c1. Etap Sivas kamp\u0131 lige haz\u0131rl\u0131k bak\u0131m\u0131ndan iyi ge\u00e7ti. Futbolcular\u0131n bireysel yeteneklerini, oyuncular\u0131n uyumu ve tak\u0131m\u0131n genel durumunu de\u011ferlendirme imkan\u0131 bulduk. \u015eimdi Afyon kamp\u0131m\u0131z ba\u015flad\u0131. 9 A\u011fustos\u2019a kadar Afyon\u2019da \u00e7al\u0131\u015faca\u011f\u0131z. Sivas\u2019ta oldu\u011fu gibi Afyon kamp\u0131nda da iyi bir haz\u0131rl\u0131k d\u00f6nemi ge\u00e7irmeyi \u00fcmit ediyoruz. \u0130yi \u00e7al\u0131\u015f\u0131p, Sivas\u2019a g\u00fc\u00e7l\u00fc bir \u015fekilde gelece\u011fiz\u201d dedi.<\/p>\n","protected":false},"excerpt":{"rendered":"<p>S\u0130VAS BELED\u0130YESPOR\u2019DA 1. ETAP S\u0130VAS KAMPININ TAMAMLANMASININ ARDINDAN 2. ETAP AFYON KAMPI START ALDI.<\/p>\n","protected":false},"author":1,"featured_media":188183,"comment_status":"closed","ping_status":"open","sticky":false,"template":"","format":"standard","meta":{"jetpack_post_was_ever_published":false,"_jetpack_newsletter_access":"","_jetpack_dont_email_post_to_subs":false,"_jetpack_newsletter_tier_id":0,"_jetpack_memberships_contains_paywalled_content":false,"_jetpack_memberships_contains_paid_content":false,"footnotes":"","jetpack_publicize_message":"","jetpack_publicize_feature_enabled":true,"jetpack_social_post_already_shared":true,"jetpack_social_options":{"image_generator_settings":{"template":"highway","default_image_id":0,"font":"","enabled":false},"version":2}},"categories":[657],"tags":[4785,55,6509,6656,4247],"class_list":["post-188182","post","type-post","status-publish","format-standard","has-post-thumbnail","hentry","category-spor","tag-afyon","tag-basladi","tag-belediyesporda","tag-kampi","tag-sivas"],"jetpack_publicize_connections":[],"jetpack_featured_media_url":"https:\/\/i0.wp.com\/www.tvturk.com\/wp-content\/uploads\/2019\/07\/sivas-belediyesporda-afyon-kampi-basladi_28caf90.jpg?fit=1000%2C736","jetpack_sharing_enabled":true,"jetpack_shortlink":"https:\/\/wp.me\/paKIfm-MXc","_links":{"self":[{"href":"http:\/\/www.tvturk.com\/index.php\/wp-json\/wp\/v2\/posts\/188182","targetHints":{"allow":["GET"]}}],"collection":[{"href":"http:\/\/www.tvturk.com\/index.php\/wp-json\/wp\/v2\/posts"}],"about":[{"href":"http:\/\/www.tvturk.com\/index.php\/wp-json\/wp\/v2\/types\/post"}],"author":[{"embeddable":true,"href":"http:\/\/www.tvturk.com\/index.php\/wp-json\/wp\/v2\/users\/1"}],"replies":[{"embeddable":true,"href":"http:\/\/www.tvturk.com\/index.php\/wp-json\/wp\/v2\/comments?post=188182"}],"version-history":[{"count":0,"href":"http:\/\/www.tvturk.com\/index.php\/wp-json\/wp\/v2\/posts\/188182\/revisions"}],"wp:featuredmedia":[{"embeddable":true,"href":"http:\/\/www.tvturk.com\/index.php\/wp-json\/wp\/v2\/media\/188183"}],"wp:attachment":[{"href":"http:\/\/www.tvturk.com\/index.php\/wp-json\/wp\/v2\/media?parent=188182"}],"wp:term":[{"taxonomy":"category","embeddable":true,"href":"http:\/\/www.tvturk.com\/index.php\/wp-json\/wp\/v2\/categories?post=188182"},{"taxonomy":"post_tag","embeddable":true,"href":"http:\/\/www.tvturk.com\/index.php\/wp-json\/wp\/v2\/tags?post=188182"}],"curies":[{"name":"wp","href":"https:\/\/api.w.org\/{rel}","templated":true}]}}