{"id":188184,"date":"2019-07-30T16:32:44","date_gmt":"2019-07-30T13:32:44","guid":{"rendered":"http:\/\/www.tvturk.com\/index.php\/milli-kaleci-sivas-belediyesporda\/"},"modified":"2019-07-30T16:32:44","modified_gmt":"2019-07-30T13:32:44","slug":"milli-kaleci-sivas-belediyesporda","status":"publish","type":"post","link":"http:\/\/www.tvturk.com\/index.php\/milli-kaleci-sivas-belediyesporda\/","title":{"rendered":"Milli kaleci Sivas Belediyespor\u2019da"},"content":{"rendered":"<p>TFF 2. Lig\u2019de m\u00fccadele edecek olan Sivas Belediyespor, transfer \u00e7al\u0131\u015fmalar\u0131n\u0131 s\u00fcrd\u00fcr\u00fcyor. Sivas temsilcisi 25 ya\u015f\u0131ndaki milli eldiven Hayrullah Aky\u00fcz\u2019\u00fc renklerine ba\u011flad\u0131.<\/p>\n<p>Ye\u015fil-beyazl\u0131 kul\u00fcp, son olarak 1. Lig ekibi Adanaspor\u2019da forma giyen tecr\u00fcbeli kaleci Hayrullah Mert Aky\u00fcz ile anla\u015fmaya vard\u0131. Teknik Direkt\u00f6r Nam\u0131k Altunsoy\u2019un bizzat istedi\u011fi 25 ya\u015f\u0131ndaki ba\u015far\u0131l\u0131 kaleci Aky\u00fcz, \u00f6nceki g\u00fcn Afyon kamp\u0131na kat\u0131larak \u00e7al\u0131\u015fmalara ba\u015flad\u0131.<\/p>\n<p>2014-2015 sezonunda Adanaspor altyap\u0131s\u0131ndan Adanaspor A tak\u0131m\u0131na y\u00fckselen Hayrullah Mert Aky\u00fcz, A2 Milli Tak\u0131m\u0131 ile 2 ma\u00e7a \u00e7\u0131karken, kariyerinde ise 96 ma\u00e7ta kaleyi korudu.<\/p>\n","protected":false},"excerpt":{"rendered":"<p>S\u0130VAS BELED\u0130YESPOR 25 YA\u015eINDAK\u0130 M\u0130LL\u0130 KALEC\u0130 HAYRULLAH MERT AKY\u00dcZ\u2019\u00dc RENKLER\u0130NE BA\u011eLADI.<\/p>\n","protected":false},"author":1,"featured_media":188185,"comment_status":"closed","ping_status":"open","sticky":false,"template":"","format":"standard","meta":{"jetpack_post_was_ever_published":false,"_jetpack_newsletter_access":"","_jetpack_dont_email_post_to_subs":false,"_jetpack_newsletter_tier_id":0,"_jetpack_memberships_contains_paywalled_content":false,"_jetpack_memberships_contains_paid_content":false,"footnotes":"","jetpack_publicize_message":"","jetpack_publicize_feature_enabled":true,"jetpack_social_post_already_shared":true,"jetpack_social_options":{"image_generator_settings":{"template":"highway","default_image_id":0,"font":"","enabled":false},"version":2}},"categories":[657],"tags":[6509,24663,429,4247],"class_list":["post-188184","post","type-post","status-publish","format-standard","has-post-thumbnail","hentry","category-spor","tag-belediyesporda","tag-kaleci","tag-milli","tag-sivas"],"jetpack_publicize_connections":[],"jetpack_featured_media_url":"https:\/\/i0.wp.com\/www.tvturk.com\/wp-content\/uploads\/2019\/07\/milli-kaleci-sivas-belediyesporda_b06952c.jpg?fit=1000%2C710","jetpack_sharing_enabled":true,"jetpack_shortlink":"https:\/\/wp.me\/paKIfm-MXe","_links":{"self":[{"href":"http:\/\/www.tvturk.com\/index.php\/wp-json\/wp\/v2\/posts\/188184","targetHints":{"allow":["GET"]}}],"collection":[{"href":"http:\/\/www.tvturk.com\/index.php\/wp-json\/wp\/v2\/posts"}],"about":[{"href":"http:\/\/www.tvturk.com\/index.php\/wp-json\/wp\/v2\/types\/post"}],"author":[{"embeddable":true,"href":"http:\/\/www.tvturk.com\/index.php\/wp-json\/wp\/v2\/users\/1"}],"replies":[{"embeddable":true,"href":"http:\/\/www.tvturk.com\/index.php\/wp-json\/wp\/v2\/comments?post=188184"}],"version-history":[{"count":0,"href":"http:\/\/www.tvturk.com\/index.php\/wp-json\/wp\/v2\/posts\/188184\/revisions"}],"wp:featuredmedia":[{"embeddable":true,"href":"http:\/\/www.tvturk.com\/index.php\/wp-json\/wp\/v2\/media\/188185"}],"wp:attachment":[{"href":"http:\/\/www.tvturk.com\/index.php\/wp-json\/wp\/v2\/media?parent=188184"}],"wp:term":[{"taxonomy":"category","embeddable":true,"href":"http:\/\/www.tvturk.com\/index.php\/wp-json\/wp\/v2\/categories?post=188184"},{"taxonomy":"post_tag","embeddable":true,"href":"http:\/\/www.tvturk.com\/index.php\/wp-json\/wp\/v2\/tags?post=188184"}],"curies":[{"name":"wp","href":"https:\/\/api.w.org\/{rel}","templated":true}]}}